{"id":187241,"date":"2012-02-04T10:34:14","date_gmt":"2012-02-04T15:34:14","guid":{"rendered":"http:\/\/diarioelpopular.com\/?p=187241"},"modified":"2012-02-04T10:34:14","modified_gmt":"2012-02-04T15:34:14","slug":"el-canadiense-jan-hudec-gana-en-chamonix-a-16-bajo-cero","status":"publish","type":"post","link":"https:\/\/diarioelpopular.com\/index.php\/2012\/02\/04\/el-canadiense-jan-hudec-gana-en-chamonix-a-16-bajo-cero\/","title":{"rendered":"El canadiense Jan Hudec gana en Chamonix a 16 bajo cero"},"content":{"rendered":"<div id=\"attachment_187242\" style=\"width: 310px\" class=\"wp-caption alignright\"><a href=\"https:\/\/diarioelpopular.com\/wp-content\/uploads\/2012\/02\/Jan-Hudec.jpg\"><img loading=\"lazy\" decoding=\"async\" aria-describedby=\"caption-attachment-187242\" class=\"size-medium wp-image-187242\" title=\"Jan Hudec\" src=\"https:\/\/diarioelpopular.com\/wp-content\/uploads\/2012\/02\/Jan-Hudec-300x180.jpg\" alt=\"\" width=\"300\" height=\"180\" \/><\/a><p id=\"caption-attachment-187242\" class=\"wp-caption-text\">El canadiense Jan Hudec, tras lograr el primer puesto en la prueba de descenso de la Copa del Mundo de esqu\u00ed alpino que se disputa en les Houche, cerca de Chamonix (Francia). Foto: Olivier Hoslet \/ Efe<\/p><\/div>\n<p><em><strong>Efe. Redacci\u00f3n Deportes.-<\/strong><\/em> El canadiense Jan Hudec, de 30 a\u00f1os, sum\u00f3 el segundo descenso de su carrera en la Copa del Mundo al imponerse este s\u00e1bado en la prueba disputada en la estaci\u00f3n francesa de Chamonix bajo unas condiciones de fr\u00edo extremo (16 grados bajo cero).<\/p>\n<p>Hudec marc\u00f3 un registro de 2:03.25 y se impuso con un margen de 53 cent\u00e9simas sobre el segundo clasificado, el austr\u00edaco Romed Baumann, y de 63 con respecto a su compatriota Erik Guay, tercero en la meta.<\/p>\n<p>El croata Ivica Kostelic, muy rezagado hoy (puesto n\u00famero 48) en Chamonix, sigue el frente de la clasificaci\u00f3n general de la Copa del Mundo 2012.<\/p>\n<p><strong>Clasificaci\u00f3n, descenso de Chamonix:<\/strong><\/p>\n<ul>\n<li>1. Jan Hudec (CAN) 2:03.25<\/li>\n<li>2. Romed Baumann (AUT) 2:03.78<\/li>\n<li>3. Erik Guay (CAN) 2:03.88<\/li>\n<li>4. Beat Feuz (SUI) 2:04.00<\/li>\n<li>5. Klaus Kroell (AUT) 2:04.33<\/li>\n<li>6. Didier Cuche (SUI) 2:04.36<\/li>\n<li>7. Bode Miller (USA) 2:04.44<\/li>\n<li>8. Johan Clarey (FRA) 2:04.49<\/li>\n<li>9. Andrej Sporn (SLO) 2:04.53<\/li>\n<li>10. Adrien Theaux (FRA) 2:04.56<\/li>\n<\/ul>\n","protected":false},"excerpt":{"rendered":"<p>El canadiense Jan Hudec, de 30 a\u00f1os, sum\u00f3 el segundo descenso de su carrera en la Copa del Mundo al imponerse este s\u00e1bado en la prueba disputada en la estaci\u00f3n francesa de Chamonix bajo unas condiciones de fr\u00edo extremo (16 grados bajo cero).<\/p>\n","protected":false},"author":1,"featured_media":187242,"comment_status":"closed","ping_status":"open","sticky":false,"template":"","format":"standard","meta":{"footnotes":""},"categories":[28],"tags":[1414,658,1415],"class_list":["post-187241","post","type-post","status-publish","format-standard","has-post-thumbnail","hentry","category-deportes","tag-chamonix","tag-esqui","tag-jan-hudec"],"_links":{"self":[{"href":"https:\/\/diarioelpopular.com\/index.php\/wp-json\/wp\/v2\/posts\/187241","targetHints":{"allow":["GET"]}}],"collection":[{"href":"https:\/\/diarioelpopular.com\/index.php\/wp-json\/wp\/v2\/posts"}],"about":[{"href":"https:\/\/diarioelpopular.com\/index.php\/wp-json\/wp\/v2\/types\/post"}],"author":[{"embeddable":true,"href":"https:\/\/diarioelpopular.com\/index.php\/wp-json\/wp\/v2\/users\/1"}],"replies":[{"embeddable":true,"href":"https:\/\/diarioelpopular.com\/index.php\/wp-json\/wp\/v2\/comments?post=187241"}],"version-history":[{"count":0,"href":"https:\/\/diarioelpopular.com\/index.php\/wp-json\/wp\/v2\/posts\/187241\/revisions"}],"wp:featuredmedia":[{"embeddable":true,"href":"https:\/\/diarioelpopular.com\/index.php\/wp-json\/"}],"wp:attachment":[{"href":"https:\/\/diarioelpopular.com\/index.php\/wp-json\/wp\/v2\/media?parent=187241"}],"wp:term":[{"taxonomy":"category","embeddable":true,"href":"https:\/\/diarioelpopular.com\/index.php\/wp-json\/wp\/v2\/categories?post=187241"},{"taxonomy":"post_tag","embeddable":true,"href":"https:\/\/diarioelpopular.com\/index.php\/wp-json\/wp\/v2\/tags?post=187241"}],"curies":[{"name":"wp","href":"https:\/\/api.w.org\/{rel}","templated":true}]}}