{"id":18783,"date":"2011-11-20T21:38:58","date_gmt":"2011-11-21T02:38:58","guid":{"rendered":"http:\/\/diarioelpopular.com\/?p=18783"},"modified":"2011-11-20T21:38:58","modified_gmt":"2011-11-21T02:38:58","slug":"no-todos-los-canadienses-estan-obsesionados-con-el-tiempo","status":"publish","type":"post","link":"https:\/\/diarioelpopular.com\/index.php\/2011\/11\/20\/no-todos-los-canadienses-estan-obsesionados-con-el-tiempo\/","title":{"rendered":"No todos los canadienses est\u00e1n obsesionados con el tiempo"},"content":{"rendered":"<div id=\"attachment_18784\" style=\"width: 310px\" class=\"wp-caption alignright\"><a href=\"https:\/\/diarioelpopular.com\/wp-content\/uploads\/2011\/11\/Meteorolog%C3%ADa.png\"><img loading=\"lazy\" decoding=\"async\" aria-describedby=\"caption-attachment-18784\" class=\"size-full wp-image-18784\" title=\"Meteorolog\u00eda\" src=\"https:\/\/diarioelpopular.com\/wp-content\/uploads\/2011\/11\/Meteorolog%C3%ADa.png\" alt=\"\" width=\"300\" height=\"180\" \/><\/a><p id=\"caption-attachment-18784\" class=\"wp-caption-text\">El 30% no creen muy probable que vayan a consultar el tiempo en un d\u00eda normal<\/p><\/div>\n<p><em><strong>El Popular. Redacci\u00f3n.-<\/strong><\/em> Una encuesta realizada por Medio Ambiente de Canad\u00e1 ha revelado que, pese a lo que afirma el t\u00f3pico, no todos los canadienses viven obsesionados por el tiempo atmosf\u00e9rico.<\/p>\n<p>Solo el 70 por ciento de los participantes en el sondeo dijeron que es muy probable que consulten el pron\u00f3stico meteorol\u00f3gico en un d\u00eda normal, y el 63 por ciento afirmaron que las predicciones del clima son importantes para ellos.<\/p>\n<p>Y, pese a que el 79 por ciento de los canadienses cree que es importante que los meteor\u00f3logos acierten en sus pron\u00f3sticos sobre cu\u00e1ndo y, sobre todo, cu\u00e1nto va a nevar, este porcentaje se ha reducido cinco puntos desde 2002.<\/p>\n<p>La encuesta, elaborada por Ekos, se llev\u00f3 a cabo mediante consultas telef\u00f3nicas efectuadas a 2.333 ciudadanos a principios de este a\u00f1o.<\/p>\n","protected":false},"excerpt":{"rendered":"<p>Una encuesta realizada por Medio Ambiente de Canad\u00e1 ha revelado que, pese a lo que afirma el t\u00f3pico, no todos los canadienses viven obsesionados por el tiempo atmosf\u00e9rico. <\/p>\n","protected":false},"author":1,"featured_media":18784,"comment_status":"closed","ping_status":"open","sticky":false,"template":"","format":"standard","meta":{"footnotes":""},"categories":[21],"tags":[603,563,322],"class_list":["post-18783","post","type-post","status-publish","format-standard","has-post-thumbnail","hentry","category-canada","tag-encuesta","tag-meteorologia","tag-tiempo"],"_links":{"self":[{"href":"https:\/\/diarioelpopular.com\/index.php\/wp-json\/wp\/v2\/posts\/18783","targetHints":{"allow":["GET"]}}],"collection":[{"href":"https:\/\/diarioelpopular.com\/index.php\/wp-json\/wp\/v2\/posts"}],"about":[{"href":"https:\/\/diarioelpopular.com\/index.php\/wp-json\/wp\/v2\/types\/post"}],"author":[{"embeddable":true,"href":"https:\/\/diarioelpopular.com\/index.php\/wp-json\/wp\/v2\/users\/1"}],"replies":[{"embeddable":true,"href":"https:\/\/diarioelpopular.com\/index.php\/wp-json\/wp\/v2\/comments?post=18783"}],"version-history":[{"count":0,"href":"https:\/\/diarioelpopular.com\/index.php\/wp-json\/wp\/v2\/posts\/18783\/revisions"}],"wp:featuredmedia":[{"embeddable":true,"href":"https:\/\/diarioelpopular.com\/index.php\/wp-json\/"}],"wp:attachment":[{"href":"https:\/\/diarioelpopular.com\/index.php\/wp-json\/wp\/v2\/media?parent=18783"}],"wp:term":[{"taxonomy":"category","embeddable":true,"href":"https:\/\/diarioelpopular.com\/index.php\/wp-json\/wp\/v2\/categories?post=18783"},{"taxonomy":"post_tag","embeddable":true,"href":"https:\/\/diarioelpopular.com\/index.php\/wp-json\/wp\/v2\/tags?post=18783"}],"curies":[{"name":"wp","href":"https:\/\/api.w.org\/{rel}","templated":true}]}}