{"id":188151,"date":"2012-02-05T11:34:15","date_gmt":"2012-02-05T16:34:15","guid":{"rendered":"http:\/\/diarioelpopular.com\/?p=188151"},"modified":"2012-02-05T11:34:15","modified_gmt":"2012-02-05T16:34:15","slug":"rubalcaba-elegido-lider-de-los-socialistas-espanoles","status":"publish","type":"post","link":"https:\/\/diarioelpopular.com\/index.php\/2012\/02\/05\/rubalcaba-elegido-lider-de-los-socialistas-espanoles\/","title":{"rendered":"Rubalcaba, elegido l\u00edder de los socialistas espa\u00f1oles"},"content":{"rendered":"<div id=\"attachment_188152\" style=\"width: 710px\" class=\"wp-caption aligncenter\"><a href=\"https:\/\/diarioelpopular.com\/wp-content\/uploads\/2012\/02\/Rubalcaba.jpg\"><img loading=\"lazy\" decoding=\"async\" aria-describedby=\"caption-attachment-188152\" class=\"size-full wp-image-188152\" title=\"Rubalcaba\" src=\"https:\/\/diarioelpopular.com\/wp-content\/uploads\/2012\/02\/Rubalcaba.jpg\" alt=\"\" width=\"700\" height=\"420\" \/><\/a><p id=\"caption-attachment-188152\" class=\"wp-caption-text\">El nuevo secretario general de los socialistas espa\u00f1oles, Alfredo Rubalcaba, saluda al plenario al finalizar su discurso de clausura del 38\u00ba congreso del PSOE celebrado en Sevilla. Foto: Juan Ferreras \/ Efe<\/p><\/div>\n<p><em><strong>Efe. Sevilla (Espa\u00f1a).-<\/strong><\/em> El Partido Socialista Obrero Espa\u00f1ol (PSOE) clausur\u00f3 este domingo su 38 Congreso Federal con la elecci\u00f3n de su c\u00fapula dirigente y con la apuesta de su nuevo l\u00edder, Alfredo P\u00e9rez Rubalcaba, por un &#8220;cambio de \u00f3ptica&#8221; que les permita recuperar la confianza de los espa\u00f1oles.<\/p>\n<p>Con una reivindicaci\u00f3n de la &#8220;fuerza, audacia y grandeza&#8221; de los socialistas, clausur\u00f3 Rubalcaba el Congreso que le ha consolidado al frente del PSOE, aun a costa de la divisi\u00f3n evidenciada por el estrecho margen de 22 votos con los que la v\u00edspera se impuso a Carme Chac\u00f3n, su rival por la secretar\u00eda general del partido.<\/p>\n<p>La exministra de Defensa y palad\u00edn de casi la mitad del millar de delegados participantes en el plenario ha rechazado formar parte de la nueva Ejecutiva Federal del PSOE, dise\u00f1ada tras una noche de consultas y compuesta por el &#8220;n\u00facleo duro&#8221; de la guardia pretoriana de Rubalcaba.<\/p>\n<p>El 80,4 por ciento de los delegados dieron hoy su visto bueno a esta Ejecutiva de 38 dirigentes propuestos por Rubalcaba y que, seg\u00fan el exvicepresidente del Gobierno y exministro de Interior espa\u00f1ol, es &#8220;representativa del conjunto de militantes socialistas espa\u00f1oles&#8221;, lo que ya han puesto en duda algunos de esos militantes.<\/p>\n<p>Como &#8220;n\u00famero dos&#8221; del PSOE aparece Elena Valenciano, quien fuera jefa de campa\u00f1a de Rubalcaba en las elecciones generales de noviembre pasado.<\/p>\n<p>Valenciano ser\u00e1 la nueva vicesecretaria general socialista y la primera mujer en ocupar ese importante cargo.<\/p>\n<p>La \u00fanica concesi\u00f3n a Chac\u00f3n fue colocar al jefe del Ejecutivo regional andaluz, Jos\u00e9 Antonio Gri\u00f1\u00e1n, al frente de la presidencia del partido, un puesto m\u00e1s bien simb\u00f3lico.<\/p>\n<p>Aunque Gri\u00f1\u00e1n no hab\u00eda manifestado p\u00fablicamente sus preferencias por uno u otro candidato se daba por hecho su apoyo a Chac\u00f3n, por lo que su encumbramiento a la presidencia del partido se interpret\u00f3 en las filas socialistas como un gui\u00f1o de Rubalcaba a su rival.<\/p>\n<p>Rubalcaba ha apostado por un equipo &#8220;fiel a su liderazgo&#8221; y el resultado &#8220;evidentemente, no es una lista de integraci\u00f3n&#8221;, seg\u00fan coment\u00f3 hoy el alcalde de Zaragoza y exministro socialista Juan Alberto Belloch.<\/p>\n<p>En su discurso de clausura, el nuevo secretario general, sin embargo, sigui\u00f3 hablando de &#8220;unidad&#8221; y de &#8220;cambio&#8221;, como necesidad imperiosa tras la debacle socialista de noviembre pasado, en las que el PSOE perdi\u00f3 el Gobierno ante el conservador Partido Popular (PP), en la peor derrota sufrida en tiempos democr\u00e1ticos.<\/p>\n<p>&#8220;Para recuperar la confianza de los ciudadanos espa\u00f1oles&#8221;, Rubalcaba propuso hoy un &#8220;cambio de \u00f3ptica&#8221;, sin olvidar los principios y valores de este partido de m\u00e1s de 130 a\u00f1os de historia.<\/p>\n<p>Entre las novedades de las propuestas presentadas por el equipo de Rubalcaba en el Congreso, el nuevo secretario general socialista cit\u00f3 un sistema de primarias &#8220;a la francesa&#8221; en las que militantes y simpatizantes podr\u00e1n escoger al candidato a la Presidencia del Gobierno, de las autonom\u00edas regionales y de las grandes ciudades.<\/p>\n<p>Seg\u00fan Rubalcaba, las propuestas aprobadas giran en torno a tres grandes retos: el empleo, Europa y la equidad..<\/p>\n<p>El \u00edndice de desempleo en Espa\u00f1a se situ\u00f3 en el 22,85 % al cierre del a\u00f1o pasado, una lacra de m\u00e1s de cinco millones de trabajadores afectados que contribuy\u00f3 al &#8220;castigo&#8221; al PSOE en los pasados comicios generales.<\/p>\n<p>&#8220;Es un lastre colectivo que debe comprometer todas las pol\u00edticas p\u00fablicas y los comportamientos sociales&#8221;, afirm\u00f3 Rubalcaba, quien reclam\u00f3 al Gobierno del PP que acuda a la concertaci\u00f3n social para solventar este problema y contribuir a la productividad.<\/p>\n<p>&#8220;\u00a1Si\u00e9ntese con los sindicatos y empresarios!&#8221;, conmin\u00f3 Rubalcaba al presidente del Gobierno y l\u00edder del PP, Mariano Rajoy.<\/p>\n<p>El dirigente socialista tambi\u00e9n se\u00f1al\u00f3 que Rajoy a\u00fan no hab\u00eda aprobado los presupuestos generales para no revelar los nuevos recortes sociales que prepara y no proyectarlos sobre sus perspectivas de voto en las elecciones regionales de Andaluc\u00eda del pr\u00f3ximo 25 de marzo, junto a las de la comunicad de Asturias.<\/p>\n<p>En los comicios andaluces, el PP parte como favorito para desplazar del poder al PSOE, que gobierna all\u00ed desde hace tres d\u00e9cadas.<\/p>\n<p>&#8220;Al no aprobar los presupuestos, lo que hace es poner por encima de los intereses de Espa\u00f1a los intereses de su partido en Andaluc\u00eda&#8221;, dijo Rubalcaba, quien precisamente tiene en esa cita electoral su primera prueba de fuego como timonel del PSOE.<\/p>\n","protected":false},"excerpt":{"rendered":"<p>El Partido Socialista Obrero Espa\u00f1ol (PSOE) clausur\u00f3 este domingo su 38 Congreso Federal con la elecci\u00f3n de su c\u00fapula dirigente y con la apuesta de su nuevo l\u00edder, Alfredo P\u00e9rez Rubalcaba, por un &#8220;cambio de \u00f3ptica&#8221; que les permita recuperar la confianza de los espa\u00f1oles.<\/p>\n","protected":false},"author":1,"featured_media":188152,"comment_status":"closed","ping_status":"open","sticky":false,"template":"","format":"standard","meta":{"footnotes":""},"categories":[24],"tags":[444,1416,1417],"class_list":["post-188151","post","type-post","status-publish","format-standard","has-post-thumbnail","hentry","category-mundo","tag-espana","tag-psoe","tag-rubalcaba"],"_links":{"self":[{"href":"https:\/\/diarioelpopular.com\/index.php\/wp-json\/wp\/v2\/posts\/188151","targetHints":{"allow":["GET"]}}],"collection":[{"href":"https:\/\/diarioelpopular.com\/index.php\/wp-json\/wp\/v2\/posts"}],"about":[{"href":"https:\/\/diarioelpopular.com\/index.php\/wp-json\/wp\/v2\/types\/post"}],"author":[{"embeddable":true,"href":"https:\/\/diarioelpopular.com\/index.php\/wp-json\/wp\/v2\/users\/1"}],"replies":[{"embeddable":true,"href":"https:\/\/diarioelpopular.com\/index.php\/wp-json\/wp\/v2\/comments?post=188151"}],"version-history":[{"count":0,"href":"https:\/\/diarioelpopular.com\/index.php\/wp-json\/wp\/v2\/posts\/188151\/revisions"}],"wp:featuredmedia":[{"embeddable":true,"href":"https:\/\/diarioelpopular.com\/index.php\/wp-json\/"}],"wp:attachment":[{"href":"https:\/\/diarioelpopular.com\/index.php\/wp-json\/wp\/v2\/media?parent=188151"}],"wp:term":[{"taxonomy":"category","embeddable":true,"href":"https:\/\/diarioelpopular.com\/index.php\/wp-json\/wp\/v2\/categories?post=188151"},{"taxonomy":"post_tag","embeddable":true,"href":"https:\/\/diarioelpopular.com\/index.php\/wp-json\/wp\/v2\/tags?post=188151"}],"curies":[{"name":"wp","href":"https:\/\/api.w.org\/{rel}","templated":true}]}}