{"id":189456,"date":"2012-02-05T18:12:59","date_gmt":"2012-02-05T23:12:59","guid":{"rendered":"http:\/\/diarioelpopular.com\/?p=189456"},"modified":"2012-02-05T18:12:59","modified_gmt":"2012-02-05T23:12:59","slug":"hospitalizan-a-noriega-por-un-posible-derrame-cerebral","status":"publish","type":"post","link":"https:\/\/diarioelpopular.com\/index.php\/2012\/02\/05\/hospitalizan-a-noriega-por-un-posible-derrame-cerebral\/","title":{"rendered":"Hospitalizan a Noriega por un posible derrame cerebral"},"content":{"rendered":"<div id=\"attachment_189457\" style=\"width: 710px\" class=\"wp-caption aligncenter\"><a href=\"https:\/\/diarioelpopular.com\/wp-content\/uploads\/2012\/02\/TRASLADAN-A-EXDICTADOR-NORIEGA-A-HOSPITAL-POR-POSIBLE-DERRAME-CEREBRAL.jpg\"><img loading=\"lazy\" decoding=\"async\" aria-describedby=\"caption-attachment-189457\" class=\"size-full wp-image-189457\" title=\"TRASLADAN A EXDICTADOR NORIEGA A HOSPITAL POR POSIBLE DERRAME CEREBRAL\" src=\"https:\/\/diarioelpopular.com\/wp-content\/uploads\/2012\/02\/TRASLADAN-A-EXDICTADOR-NORIEGA-A-HOSPITAL-POR-POSIBLE-DERRAME-CEREBRAL.jpg\" alt=\"\" width=\"700\" height=\"420\" \/><\/a><p id=\"caption-attachment-189457\" class=\"wp-caption-text\">El exgeneral Manuel Antonio Noriega, a su llegada el 11 de diciembre de 2011 a la primera caseta de revisi\u00f3n de la c\u00e1rcel El Renacer, en Gamboa, en una zona selv\u00e1tica a orillas del Canal de Panam\u00e1, a donde regres\u00f3 m\u00e1s de 20 a\u00f1os despu\u00e9s de su captura por el Ej\u00e9rcito de Estados Unidos durante la invasi\u00f3n militar de 1989, para hacer frente a condenas que suman m\u00e1s de 60 a\u00f1os de c\u00e1rcel. Foto: Arturo Wong \/ Efe<\/p><\/div>\n<p><em><strong>Efe. Ciudad de Panam\u00e1.-<\/strong><\/em> El exgeneral paname\u00f1o Manuel Antonio Noruega, <a href=\"https:\/\/diarioelpopular.com\/2011\/12\/noriega-vuelve-a-panama-para-cumplir-sus-condenas\/\">encarcelado en Panam\u00e1 desde diciembre pasado<\/a>, fue trasladado este domingo a un hospital de la capital por presentar un cuadro de &#8220;hipertensi\u00f3n con posibilidad de un derrame cerebral&#8221;, inform\u00f3 un comunicado oficial.<\/p>\n<p>Noriega, quien cumplir\u00e1 78 a\u00f1os el pr\u00f3ximo d\u00eda 11, fue movilizado &#8220;desde su celda en el Centro Penitenciario El Renacer hacia el Hospital Santo Tom\u00e1s&#8221; de Ciudad de Panam\u00e1, &#8220;tras sufrir un cuadro de hipertensi\u00f3n con posibilidad de un derrame cerebral&#8221;.<\/p>\n<p>As\u00ed lo indic\u00f3 un comunicado de la Polic\u00eda Nacional, que cit\u00f3 un parte del cuerpo m\u00e9dico del Centro Penitenciario, ubicado a unos 30 kil\u00f3metros de la capital paname\u00f1a.<\/p>\n<p>Noriega, quien gobern\u00f3 de facto Panam\u00e1 entre 1983 y 1989, retorn\u00f3 el pasado 11 de diciembre al pa\u00eds luego de cumplir 21 a\u00f1os de c\u00e1rcel Estados Unidos y Francia por delitos de narcotr\u00e1fico y lavado de dinero.<\/p>\n<p>Derrocado en 1989 por una invasi\u00f3n estadounidense, el exgeneral afronta en Panam\u00e1 condenas de 60 a\u00f1os de c\u00e1rcel por diversas condenas relacionadas a delitos como homicidio, violaciones a los derechos humanos, hasta deforestaci\u00f3n.<\/p>\n<p>El Ministerio de Gobierno inform\u00f3 el pasado 14 de diciembre que un registro m\u00e9dico dio cuenta de que\u00a0Noriega\u00a0padec\u00eda de hipertensi\u00f3n arterial, accidente cerebro vascular, \u00falcera p\u00e9ptica y rinitis al\u00e9rgica.<\/p>\n<p>Sus abogados han se\u00f1alado que el otrora &#8220;hombre fuerte&#8221; de Panam\u00e1 debe recibir el beneficio de casa por c\u00e1rcel debido a su avanzada edad y deteriorado estado de salud, lo que rechazan familiares de las v\u00edctimas de su r\u00e9gimen.<\/p>\n","protected":false},"excerpt":{"rendered":"<p>El exgeneral paname\u00f1o Manuel Antonio Noruega, encarcelado en Panam\u00e1 desde diciembre pasado, fue trasladado este domingo a un hospital de la capital por presentar un cuadro de &#8220;hipertensi\u00f3n con posibilidad de un derrame cerebral&#8221;, inform\u00f3 un comunicado oficial.<\/p>\n","protected":false},"author":1,"featured_media":189457,"comment_status":"closed","ping_status":"open","sticky":false,"template":"","format":"standard","meta":{"footnotes":""},"categories":[23],"tags":[1422,1423,438],"class_list":["post-189456","post","type-post","status-publish","format-standard","has-post-thumbnail","hentry","category-latinoamerica","tag-derrame","tag-noriega","tag-panama"],"_links":{"self":[{"href":"https:\/\/diarioelpopular.com\/index.php\/wp-json\/wp\/v2\/posts\/189456","targetHints":{"allow":["GET"]}}],"collection":[{"href":"https:\/\/diarioelpopular.com\/index.php\/wp-json\/wp\/v2\/posts"}],"about":[{"href":"https:\/\/diarioelpopular.com\/index.php\/wp-json\/wp\/v2\/types\/post"}],"author":[{"embeddable":true,"href":"https:\/\/diarioelpopular.com\/index.php\/wp-json\/wp\/v2\/users\/1"}],"replies":[{"embeddable":true,"href":"https:\/\/diarioelpopular.com\/index.php\/wp-json\/wp\/v2\/comments?post=189456"}],"version-history":[{"count":0,"href":"https:\/\/diarioelpopular.com\/index.php\/wp-json\/wp\/v2\/posts\/189456\/revisions"}],"wp:featuredmedia":[{"embeddable":true,"href":"https:\/\/diarioelpopular.com\/index.php\/wp-json\/"}],"wp:attachment":[{"href":"https:\/\/diarioelpopular.com\/index.php\/wp-json\/wp\/v2\/media?parent=189456"}],"wp:term":[{"taxonomy":"category","embeddable":true,"href":"https:\/\/diarioelpopular.com\/index.php\/wp-json\/wp\/v2\/categories?post=189456"},{"taxonomy":"post_tag","embeddable":true,"href":"https:\/\/diarioelpopular.com\/index.php\/wp-json\/wp\/v2\/tags?post=189456"}],"curies":[{"name":"wp","href":"https:\/\/api.w.org\/{rel}","templated":true}]}}