{"id":19071,"date":"2011-11-23T22:05:08","date_gmt":"2011-11-24T03:05:08","guid":{"rendered":"http:\/\/diarioelpopular.com\/?p=19071"},"modified":"2011-11-23T22:05:08","modified_gmt":"2011-11-24T03:05:08","slug":"saleh-firma-el-acuerdo-que-supone-su-retirada-del-poder","status":"publish","type":"post","link":"https:\/\/diarioelpopular.com\/index.php\/2011\/11\/23\/saleh-firma-el-acuerdo-que-supone-su-retirada-del-poder\/","title":{"rendered":"Saleh firma el acuerdo que supone su retirada del poder"},"content":{"rendered":"<div id=\"attachment_19072\" style=\"width: 710px\" class=\"wp-caption aligncenter\"><a href=\"https:\/\/diarioelpopular.com\/wp-content\/uploads\/2011\/11\/Saleh-firma-el-acuerdo-que-supone-su-retirada-del-poder.jpg\"><img loading=\"lazy\" decoding=\"async\" aria-describedby=\"caption-attachment-19072\" class=\"size-full wp-image-19072\" title=\"Saleh firma el acuerdo que supone su retirada del poder\" src=\"https:\/\/diarioelpopular.com\/wp-content\/uploads\/2011\/11\/Saleh-firma-el-acuerdo-que-supone-su-retirada-del-poder.jpg\" alt=\"\" width=\"700\" height=\"420\" \/><\/a><p id=\"caption-attachment-19072\" class=\"wp-caption-text\">El presidente yemen\u00ed, Al\u00ed Abdal\u00e1 Saleh, durante la firma del acuerdo del Consejo de Cooperaci\u00f3n del Golfo, una iniciativa para resolver la crisis de Yemen, en Riad, Arabia Saud\u00ed. Foto: Agencia de Prensa Saud\u00ed \/ Efe<\/p><\/div>\n<p><em><strong>Efe. Riad \/ San\u00e1.-<\/strong><\/em> El presidente yemen\u00ed, Ali Abdal\u00e1 Saleh, firm\u00f3 este mi\u00e9rcoles en Riad la iniciativa que supone su retirada del poder y la celebraci\u00f3n de elecciones presidenciales, un paso esencial para salir de la crisis que sacude\u00a0Yemen\u00a0desde hace diez meses.<\/p>\n<p>Durante la ceremonia, que tuvo lugar en la capital saud\u00ed, la coalici\u00f3n opositora yemen\u00ed Encuentro Compartido rubric\u00f3 el mecanismo de aplicaci\u00f3n de este acuerdo, auspiciado por los pa\u00edses del Consejo de Cooperaci\u00f3n del Golfo (CCG) y que estipula el traspaso de poder en 30 d\u00edas.<\/p>\n<p>Saleh, que rehus\u00f3 firmar el pacto en repetidas ocasiones, asegur\u00f3 que su intenci\u00f3n &#8220;no era monopolizar el poder&#8221; y afirm\u00f3 que siempre quiso llevar a cabo la transici\u00f3n de forma pac\u00edfica.<\/p>\n<p>En un discurso tras la firma del acuerdo, que fue retransmitida por la televisi\u00f3n estatal saud\u00ed, Saleh culp\u00f3 a sus detractores de haber retrasado este momento y alargado la crisis, al asegurar que los partidos pol\u00edticos rehusaron esta v\u00eda y se unieron a la oposici\u00f3n.<\/p>\n<p>El mandatario yemen\u00ed manifest\u00f3 que lo que sucede actualmente en\u00a0Yemen\u00a0es &#8220;una violaci\u00f3n a la Constituci\u00f3n&#8221;, aunque anunci\u00f3 que colaborar\u00e1 con la oposici\u00f3n en esta nueva etapa.<\/p>\n<p>La iniciativa del CCG firmada hoy establece que Saleh delegue el poder en el actual vicepresidente, Abdo Rabu Mansur Hadi, en el plazo de 30 d\u00edas.<\/p>\n<p>En una rueda de prensa en San\u00e1, el enviado especial de la ONU para\u00a0Yemen, Yamal Benomar, explic\u00f3 que Hadi tendr\u00e1 &#8220;todas las competencias necesarias para aplicar la iniciativa del CCG y organizar elecciones presidenciales anticipadas en el plazo de noventa d\u00edas desde la firma del documento&#8221;<\/p>\n<p>Tras estos tres meses empieza, seg\u00fan Benomar, &#8220;una etapa de transici\u00f3n de dos a\u00f1os en la que se formar\u00e1 un gobierno de unidad nacional&#8221; y se organizar\u00e1 &#8220;un congreso de di\u00e1logo nacional integral para trazar el futuro de\u00a0Yemen&#8221;.<\/p>\n<p>Benomar pidi\u00f3 a los firmantes que respeten sus compromisos, entre los que figuran el cese de todos los actos de violencia, y manifest\u00f3 que &#8220;la comunidad internacional apoyar\u00e1 el proceso pol\u00edtico transitorio y el Consejo de Seguridad de la ONU dar\u00e1 los pasos necesarios contra cualquiera que obstaculice el convenio&#8221;.<\/p>\n<p>La hoja de ruta para el traspaso de poder de Saleh fue dise\u00f1ada a finales del pasado abril por el CCG -integrado por Arabia Saud\u00ed, Om\u00e1n, Catar, Kuwait, Emiratos \u00c1rabes Unidos y Bar\u00e9in- para resolver la crisis en\u00a0Yemen, escenario de movilizaciones en contra de Saleh desde el pasado 27 de enero.<\/p>\n<p>El acuerdo da tambi\u00e9n garant\u00edas de inmunidad al presidente y a sus colaboradores, una cl\u00e1usula que hoy llev\u00f3 a decenas de miles de yemen\u00edes a manifestarse en las calles de San\u00e1 y Taiz, las dos principales ciudades del pa\u00eds, para pedir que Saleh sea juzgado por sus delitos.<\/p>\n<p>Los opositores al r\u00e9gimen corearon lemas como &#8220;ni garant\u00eda ni inmunidad&#8221;, y en algunos puntos de la capital yemen\u00ed se registraron choques que dejaron al menos un polic\u00eda muerto y otro herido, seg\u00fan fuentes de seguridad.<\/p>\n<p>Los enfrentamientos ocurrieron entre las fuerzas del Ministerio del Interior y grupos armados tribales partidarios del jeque Sadeq al Ahmar, que desde mayo mantiene combates espor\u00e1dicos con las tropas leales al presidente.<\/p>\n<p>Los choques entre opositores y partidarios de Saleh comenzaron al calor de las revoluciones \u00e1rabes, que ya han derrocado a los reg\u00edmenes de T\u00fanez, Egipto y Libia.<\/p>\n<p>Para el presidente yemen\u00ed, &#8220;los vientos que soplan desde los pa\u00edses del norte de \u00c1frica forman parte de una agenda extranjera&#8221;.<\/p>\n<p>Despu\u00e9s de la firma del documento, est\u00e1 previsto que Saleh se traslade a Nueva York para recibir tratamiento m\u00e9dico a causa de las dolencias que sufre despu\u00e9s del ataque terrorista del que fue v\u00edctima el pasado mes de junio, anunci\u00f3 hoy el secretario general de la ONU, Ban Ki-moon.<\/p>\n<p>Yemen, el pa\u00eds m\u00e1s pobre de la pen\u00ednsula Ar\u00e1biga, vive una situaci\u00f3n de crisis y de revuelta popular contra el r\u00e9gimen de Saleh, quien ha ejercido el poder desde la unificaci\u00f3n entre el norte y el sur en 1990, aunque desde 1978 ya era el gobernante de\u00a0Yemen\u00a0del Norte.<\/p>\n","protected":false},"excerpt":{"rendered":"<p>El presidente yemen\u00ed, Ali Abdal\u00e1 Saleh, firm\u00f3 este mi\u00e9rcoles en Riad la iniciativa que supone su retirada del poder y la celebraci\u00f3n de elecciones presidenciales, un paso esencial para salir de la crisis que sacude Yemen desde hace diez meses.<\/p>\n","protected":false},"author":1,"featured_media":19072,"comment_status":"closed","ping_status":"open","sticky":false,"template":"","format":"standard","meta":{"footnotes":""},"categories":[24],"tags":[6143,6144],"class_list":["post-19071","post","type-post","status-publish","format-standard","has-post-thumbnail","hentry","category-mundo","tag-saleh","tag-yemen"],"_links":{"self":[{"href":"https:\/\/diarioelpopular.com\/index.php\/wp-json\/wp\/v2\/posts\/19071","targetHints":{"allow":["GET"]}}],"collection":[{"href":"https:\/\/diarioelpopular.com\/index.php\/wp-json\/wp\/v2\/posts"}],"about":[{"href":"https:\/\/diarioelpopular.com\/index.php\/wp-json\/wp\/v2\/types\/post"}],"author":[{"embeddable":true,"href":"https:\/\/diarioelpopular.com\/index.php\/wp-json\/wp\/v2\/users\/1"}],"replies":[{"embeddable":true,"href":"https:\/\/diarioelpopular.com\/index.php\/wp-json\/wp\/v2\/comments?post=19071"}],"version-history":[{"count":0,"href":"https:\/\/diarioelpopular.com\/index.php\/wp-json\/wp\/v2\/posts\/19071\/revisions"}],"wp:featuredmedia":[{"embeddable":true,"href":"https:\/\/diarioelpopular.com\/index.php\/wp-json\/"}],"wp:attachment":[{"href":"https:\/\/diarioelpopular.com\/index.php\/wp-json\/wp\/v2\/media?parent=19071"}],"wp:term":[{"taxonomy":"category","embeddable":true,"href":"https:\/\/diarioelpopular.com\/index.php\/wp-json\/wp\/v2\/categories?post=19071"},{"taxonomy":"post_tag","embeddable":true,"href":"https:\/\/diarioelpopular.com\/index.php\/wp-json\/wp\/v2\/tags?post=19071"}],"curies":[{"name":"wp","href":"https:\/\/api.w.org\/{rel}","templated":true}]}}