{"id":192552,"date":"2012-02-04T21:44:06","date_gmt":"2012-02-05T02:44:06","guid":{"rendered":"http:\/\/diarioelpopular.com\/?p=192552"},"modified":"2012-02-04T21:44:06","modified_gmt":"2012-02-05T02:44:06","slug":"walt-disney-se-harto-del-protagonismo-de-blancanieves","status":"publish","type":"post","link":"https:\/\/diarioelpopular.com\/index.php\/2012\/02\/04\/walt-disney-se-harto-del-protagonismo-de-blancanieves\/","title":{"rendered":"Walt Disney se hart\u00f3 del protagonismo de Blancanieves"},"content":{"rendered":"<div id=\"attachment_192553\" style=\"width: 710px\" class=\"wp-caption aligncenter\"><a href=\"https:\/\/diarioelpopular.com\/wp-content\/uploads\/2012\/02\/Blancanieves.jpg\"><img loading=\"lazy\" decoding=\"async\" aria-describedby=\"caption-attachment-192553\" class=\"size-full wp-image-192553\" title=\"Blancanieves\" src=\"https:\/\/diarioelpopular.com\/wp-content\/uploads\/2012\/02\/Blancanieves.jpg\" alt=\"\" width=\"700\" height=\"420\" \/><\/a><p id=\"caption-attachment-192553\" class=\"wp-caption-text\">Disney estren\u00f3 &quot;Blancanieves&quot; en 1937<\/p><\/div>\n<p><em><strong>Fernando Mex\u00eda. San Francisco (EE UU).-<\/strong><\/em> La pel\u00edcula de la inocente Blancanieves lleg\u00f3 a abrumar de \u00e9xito a su creador, Walt Disney, quien termin\u00f3 por cansarse de que su primera princesa de cuento le robara el protagonismo a sus siguientes obras, confes\u00f3 su hija mayor.<\/p>\n<p>Diane Disney, de 77 a\u00f1os, convers\u00f3 con Efe con motivo del lanzamiento el 7 de febrero en EE UU (el 8 de febrero en Espa\u00f1a) en Blu-ray y DVD de otro de los cl\u00e1sicos del estudio del rat\u00f3n Mickey, &#8220;La dama y el vagabundo&#8221;, y repas\u00f3 el legado de su padre escenificado en el museo familiar inaugurado en 2009 en San Francisco (EE UU).<\/p>\n<p>En las instalaciones ocupa un lugar destacado &#8220;Blancanieves y los siete enanitos&#8221;, el primer largometraje de animaci\u00f3n realizado que fue un hito en la carrera de Walt Disney, quien mont\u00f3 una producci\u00f3n de 83 minutos mientras los esc\u00e9pticos en Hollywood pronosticaban que nadie aguantar\u00eda tanto tiempo viendo dibujos.<\/p>\n<p>La cinta se estren\u00f3 en 1937 y las colas para asistir a las proyecciones terminaron por dar la raz\u00f3n a Disney, quien en 1939 recibi\u00f3 un \u00d3scar honor\u00edfico por elevar a grado de filme un g\u00e9nero que hasta ese momento exist\u00eda solo en cortometrajes.<\/p>\n<p>Aquel inusual trofeo compuesto por 8 estatuillas, siete de ellas miniaturas en referencia a los enanitos de Blancanieves, se puede contemplar tambi\u00e9n en el museo del que es cofundadora Diane Disney, para quien su padre se vio superado por los acontecimientos.<\/p>\n<p>&#8220;Cuando haces algo que es muy popular la gente siempre te lo recuerda y \u00e9l se cans\u00f3 de todo eso. Sol\u00eda decir que estaba harto de Blancanieves, que todo el mundo le hac\u00eda referencias a eso mientras que \u00e9l siempre estaba pensando en su siguiente proyecto&#8221;, explic\u00f3 Diane Disney.<\/p>\n<p>A Blancanieves le sucedieron &#8220;Pinocchio&#8221; y &#8220;Fantas\u00eda&#8221; en 1940, &#8220;Dumbo&#8221; (1941), &#8220;Bambi&#8221; (1942), y no fue hasta despu\u00e9s de la Segunda Guerra Mundial que Disney retom\u00f3 los relatos de princesas con &#8220;Cenicienta&#8221; (1950). &#8220;La dama y el vagabundo&#8221; debutar\u00eda en 1955 y ser\u00eda la primera rodada en Cinemascope.<\/p>\n<p>&#8220;\u00c9se no es un cuento de hadas, es m\u00e1s realista&#8221;, apunt\u00f3 Diane Disney sobre la cinta que narra el romance entre una cocker spaniel con pedigr\u00ed y un perro callejero, una obra emblem\u00e1tica de la compa\u00f1\u00eda que Disney se resisti\u00f3 a producir durante algunos a\u00f1os hasta que dio con el gui\u00f3n adecuado.<\/p>\n<p>&#8220;\u00c9l siempre cre\u00eda que ten\u00eda que tener una historia, pod\u00eda ser una sencilla, pero ten\u00eda que estar bien elaborada&#8221;, manifest\u00f3 su hija que recuerda la \u00e9poca de &#8220;La dama y el vagabundo&#8221; como muy &#8220;estimulante&#8221; para su padre por el nacimiento de su primer nieto y la apertura del primer parque Disneyland en California (EE UU).<\/p>\n<p>Ese filme vuelve ahora renacido en alta definici\u00f3n con numerosos contenidos extra, como tres escenas in\u00e9ditas y una nueva canci\u00f3n, &#8220;I&#8217;m Free as the Breeze&#8221;, o el v\u00eddeo musical de &#8220;Bella Notte&#8221;, tema de la ic\u00f3nica secuencia del beso de los perros al calor de un plato de pasta.<\/p>\n<p>&#8220;Pienso que \u00e9l estar\u00eda entusiasmado por todo lo que est\u00e1 pasando&#8221;, afirm\u00f3 Diane Disney por el hecho de que los trabajos de su padre est\u00e9n siendo reestrenados &#8220;con un aspecto mucho mejor del que jam\u00e1s pudieron tener&#8221; cuando se grabaron originalmente.<\/p>\n<p>Adem\u00e1s del regreso de &#8220;La dama y el vagabundo&#8221;, el estudio Disney se ha propuesto mostrar de nuevo, en este caso en los cines, cl\u00e1sicos m\u00e1s modernos pasados al formato 3D, una experiencia que funcion\u00f3 muy bien en taquilla con &#8220;The Lion King&#8221; que el a\u00f1o pasado recaud\u00f3 casi 100 millones de d\u00f3lares en EE UU.<\/p>\n<p>&#8220;Beauty and the Beast (3D)&#8221; se encuentra actualmente en cartelera y ya ha cosechado m\u00e1s de 42 millones de d\u00f3lares en norteam\u00e9rica, mientras que &#8220;Nemo&#8221;, &#8220;Monsters, Inc.&#8221; y &#8220;Little Mermaid&#8221; se encuentran en proyecto para transformarlas a formato 3D.<\/p>\n<p>No est\u00e1 claro si el creativo Disney imagin\u00f3 que el 3D llegar\u00eda a ser un est\u00e1ndar en las pel\u00edculas de animaci\u00f3n, aunque s\u00ed se adelant\u00f3 a su tiempo al apostar por mezclar acci\u00f3n real y dibujos en sus primeros cortos, &#8220;Alice Comedies&#8221;, fechados en la d\u00e9cada de 1920.<\/p>\n<p>La muerte de Walt Disney en 1966, con 65 a\u00f1os, v\u00edctima de un c\u00e1ncer de pulm\u00f3n, conmocion\u00f3 a la sociedad estadounidense tal y como ocurri\u00f3 con Steve Jobs, cofundador de Apple, quien falleci\u00f3 en octubre de 2011 por un c\u00e1ncer de p\u00e1ncreas cuando ten\u00eda 56 a\u00f1os.<\/p>\n<p>Jobs lleg\u00f3 a formar parte de la direcci\u00f3n del estudio Disney cuando les vendi\u00f3 Pixar, compa\u00f1\u00eda que \u00e9l mismo reflot\u00f3 y con la que revolucion\u00f3 la animaci\u00f3n moderna en 1995 con &#8220;Toy Story&#8221;, la primera pel\u00edcula de dibujos hecha \u00edntegramente por ordenador.<\/p>\n<p>&#8220;Creo que no eran personas similares, pero Jobs fue un innovador y se preocupaba de su p\u00fablico porque les presentaba sus productos en sus convenciones anuales. Mi padre habr\u00eda usado sus productos, habr\u00eda sido uno de sus grandes seguidores&#8221;, afirm\u00f3 Diane.<\/p>\n","protected":false},"excerpt":{"rendered":"<p>La pel\u00edcula de la inocente Blancanieves lleg\u00f3 a abrumar de \u00e9xito a su creador, Walt Disney, quien termin\u00f3 por cansarse de que su primera princesa de cuento le robara el protagonismo a sus siguientes obras, confes\u00f3 su hija mayor.<\/p>\n","protected":false},"author":1,"featured_media":192553,"comment_status":"closed","ping_status":"open","sticky":false,"template":"","format":"standard","meta":{"footnotes":""},"categories":[80],"tags":[1430,1431],"class_list":["post-192552","post","type-post","status-publish","format-standard","has-post-thumbnail","hentry","category-cine-2","tag-blancanieves","tag-walt-disney"],"_links":{"self":[{"href":"https:\/\/diarioelpopular.com\/index.php\/wp-json\/wp\/v2\/posts\/192552","targetHints":{"allow":["GET"]}}],"collection":[{"href":"https:\/\/diarioelpopular.com\/index.php\/wp-json\/wp\/v2\/posts"}],"about":[{"href":"https:\/\/diarioelpopular.com\/index.php\/wp-json\/wp\/v2\/types\/post"}],"author":[{"embeddable":true,"href":"https:\/\/diarioelpopular.com\/index.php\/wp-json\/wp\/v2\/users\/1"}],"replies":[{"embeddable":true,"href":"https:\/\/diarioelpopular.com\/index.php\/wp-json\/wp\/v2\/comments?post=192552"}],"version-history":[{"count":0,"href":"https:\/\/diarioelpopular.com\/index.php\/wp-json\/wp\/v2\/posts\/192552\/revisions"}],"wp:featuredmedia":[{"embeddable":true,"href":"https:\/\/diarioelpopular.com\/index.php\/wp-json\/"}],"wp:attachment":[{"href":"https:\/\/diarioelpopular.com\/index.php\/wp-json\/wp\/v2\/media?parent=192552"}],"wp:term":[{"taxonomy":"category","embeddable":true,"href":"https:\/\/diarioelpopular.com\/index.php\/wp-json\/wp\/v2\/categories?post=192552"},{"taxonomy":"post_tag","embeddable":true,"href":"https:\/\/diarioelpopular.com\/index.php\/wp-json\/wp\/v2\/tags?post=192552"}],"curies":[{"name":"wp","href":"https:\/\/api.w.org\/{rel}","templated":true}]}}