{"id":192877,"date":"2012-02-06T11:12:24","date_gmt":"2012-02-06T16:12:24","guid":{"rendered":"http:\/\/diarioelpopular.com\/?p=192877"},"modified":"2012-02-06T11:12:24","modified_gmt":"2012-02-06T16:12:24","slug":"isabel-ii-cumple-60-anos-de-reinado-sin-muestras-de-cansancio","status":"publish","type":"post","link":"https:\/\/diarioelpopular.com\/index.php\/2012\/02\/06\/isabel-ii-cumple-60-anos-de-reinado-sin-muestras-de-cansancio\/","title":{"rendered":"Isabel II cumple 60 a\u00f1os de reina sin muestras de cansancio"},"content":{"rendered":"<div id=\"attachment_192878\" style=\"width: 710px\" class=\"wp-caption aligncenter\"><a href=\"https:\/\/diarioelpopular.com\/wp-content\/uploads\/2012\/02\/LA-REINA-ISABEL-II-CUMPLE-60-A\u00d1OS-EN-EL-TRONO.jpg\"><img loading=\"lazy\" decoding=\"async\" aria-describedby=\"caption-attachment-192878\" class=\"size-full wp-image-192878\" title=\"LA REINA ISABEL II CUMPLE 60 A\u00d1OS EN EL TRONO\" src=\"https:\/\/diarioelpopular.com\/wp-content\/uploads\/2012\/02\/LA-REINA-ISABEL-II-CUMPLE-60-A\u00d1OS-EN-EL-TRONO.jpg\" alt=\"\" width=\"700\" height=\"420\" \/><\/a><p id=\"caption-attachment-192878\" class=\"wp-caption-text\">La reina Isabel II sonr\u00ede mientras recibe muestras de cari\u00f1o de varios ciudadanos durante su visita al Ayuntamiento de la localidad de Kings Lynn, en el condado de Norfolk (Reino Unido), en el 60\u00ba aniversario de su ascensi\u00f3n al trono. Foto: Chris Radburn \/ Efe<\/p><\/div>\n<p><em><strong>Viviana Garc\u00eda. Londres.-<\/strong><\/em> La reina\u00a0Isabel\u00a0II renov\u00f3 este lunes su compromiso de servicio con el Reino Unido y los pa\u00edses de la Commonwealth (incluido Canad\u00e1), de los que, oficialmente, es jefa del Estado, al cumplir 60 a\u00f1os en el trono, un aniversario que celebra sin que haya mermado el respaldo de sus s\u00fabditos y sin se\u00f1ales de cansancio a sus 85 a\u00f1os de edad.<\/p>\n<p>Salvas de ca\u00f1onazos y numerosas felicitaciones recordaron hoy la fecha, que la soberana ha recordado sin gran pompa y apoyo popular, durante una visita al ayuntamiento de la localidad de King&#8217;s Lynn, en Norfolk (este de\u00a0Inglaterra), y a un colegio de primaria.<\/p>\n<p>Con su inseparable bolso y vestida con un traje verde turquesa, la reina no dej\u00f3 de sonre\u00edr en una jornada tan importante al cumplirse los 60 a\u00f1os desde que sucedi\u00f3 a su padre, el rey Jorge VI, si bien los grandes fastos se han dejado para junio.<\/p>\n<p>En Hyde Park (en Londres), en una escena con mucho color que parec\u00eda sacada de la novela de Le\u00f3n Tolst\u00f3i &#8220;Guerra y Paz&#8221;, la Real Fuerza de Artiller\u00eda del Rey montada a caballo marc\u00f3 la ocasi\u00f3n con 41 salvas de ca\u00f1\u00f3n, que tambi\u00e9n se produjeron en otros lugares como la Torre de Londres o el castillo de Edimburgo.<\/p>\n<p>Los festejos oficiales del Jubileo de Diamante de la Reina tendr\u00e1n lugar el pr\u00f3ximo junio, cuando hay varios eventos programados, entre ellos un espectacular desfile de miles de barcos -nuevos y antiguos- por el r\u00edo T\u00e1mesis en Londres.<\/p>\n<p>Isabel\u00a0II agradeci\u00f3 al pueblo brit\u00e1nico estos a\u00f1os &#8220;maravillosos de apoyo y \u00e1nimo&#8221;.<\/p>\n<p>En una carta dirigida a los ciudadanos divulgada este lunes, la soberana manifest\u00f3 su emoci\u00f3n por la gran cantidad de mensajes recibidos con motivo del Jubileo de Diamante y destac\u00f3 el poder de la &#8220;uni\u00f3n&#8221; y &#8220;la fortaleza de la familia, la amistad y la buena vecindad&#8221;.<\/p>\n<p>&#8220;En este a\u00f1o especial, yo me dedico otra vez a vuestro servicio&#8221;, dijo\u00a0Isabel\u00a0II, cuyo apoyo no ha disminuido y, seg\u00fan los \u00faltimos sondeos, cerca del 80 % de la poblaci\u00f3n la respalda.<\/p>\n<p>&#8220;Tambi\u00e9n espero que este a\u00f1o del Jubileo sea un momento para agradecer los grandes avances conseguidos desde 1952 y mirar hacia el futuro con la mente clara y el coraz\u00f3n solidario al unirnos en nuestras celebraciones&#8221;, resalt\u00f3.<\/p>\n<p>Con motivo del aniversario, Correos Brit\u00e1nicos (Royal Mail) ha emitido sellos postales especiales que sustituyen el tradicional color dorado que rodea la silueta de la cabeza de la reina por uno azul y las palabras &#8220;Jubileo de Diamante&#8221;.<\/p>\n<p>Adem\u00e1s, el Palacio de Buckingham, residencia oficial de la Familia Real, ha emitido dos fotograf\u00edas oficiales de\u00a0Isabel\u00a0II.<\/p>\n<p>Las felicitaciones a la soberana han estado encabezadas por el primer ministro brit\u00e1nico, David Cameron.<\/p>\n<p>En un mensaje divulgado este lunes, el jefe del Gobierno rindi\u00f3 tributo a la reina y destac\u00f3 su &#8220;dignidad&#8221; y &#8220;silenciosa autoridad&#8221;.<\/p>\n<p>Cameron agradeci\u00f3 a la soberana su dedicaci\u00f3n y por unos &#8220;magn\u00edficos&#8221; a\u00f1os de servicio al Reino Unido y a los pa\u00edses de la Mancomunidad Brit\u00e1nica de Naciones (Commonwealth).<\/p>\n<p>&#8220;Hoy es un d\u00eda para rendir tributo al maravilloso servicio de su Majestad la Reina. Con experiencia, dignidad y silenciosa autoridad, ella ha guiado y unido a nuestro pa\u00eds y a la Commonwealth durante seis variadas d\u00e9cadas&#8221;, resalt\u00f3 el jefe del Gobierno.<\/p>\n<p>Adem\u00e1s, el pol\u00edtico conservador defendi\u00f3 a la monarqu\u00eda como instituci\u00f3n al afirmar que hay un &#8220;malentendido&#8221; si se piensa en ella como un &#8220;adorno brillante&#8221;.<\/p>\n<p>&#8220;Se entender\u00eda mal nuestra Constituci\u00f3n y se subestimar\u00eda a nuestra Reina. Siempre dedicada, siempre determinada y siempre respetada, ella es fuente de sabidur\u00eda y continuidad&#8221;, afirm\u00f3.<\/p>\n<p>&#8220;En el sesenta aniversario de su reinado, tenemos la oportunidad de darle las gracias&#8221;, puntualiz\u00f3 el primer ministro.<\/p>\n<p>Adem\u00e1s de Cameron, el alcalde de Londres, el conservador Boris Johnson, felicit\u00f3 a\u00a0Isabel\u00a0II a trav\u00e9s de la red social Twitter.<\/p>\n<p>&#8220;Calurosas felicitaciones a Su Majestad en su sexag\u00e9simo aniversario de su ascenso (al trono). Por el Jubileo de Diamante: Dios salve a la Reina&#8221;, dijo Johnson en Twitter.<\/p>\n<p>El ministro brit\u00e1nico de Asuntos Exteriores, William Hague, tambi\u00e9n recurri\u00f3 a Twitter para felicitar a la Reina por sus a\u00f1os de &#8220;servicio al pueblo brit\u00e1nico y a la Commonwealth&#8221;.<\/p>\n<p>A sus 85 a\u00f1os, la Reina es la soberana brit\u00e1nica m\u00e1s longeva y la que m\u00e1s tiempo ha estado en el trono despu\u00e9s de la reina Victoria, que fue monarca durante 63 a\u00f1os y falleci\u00f3 a los 81 a\u00f1os.<\/p>\n","protected":false},"excerpt":{"rendered":"<p>La reina Isabel II renov\u00f3 este lunes su compromiso de servicio con el Reino Unido y los pa\u00edses de la Commonwealth (incluido Canad\u00e1), de los que, oficialmente, es jefa del Estado, al cumplir 60 a\u00f1os en el trono, un aniversario que celebra sin que haya mermado el respaldo de sus s\u00fabditos y sin se\u00f1ales de cansancio a sus 85 a\u00f1os de edad.<\/p>\n","protected":false},"author":1,"featured_media":192878,"comment_status":"closed","ping_status":"open","sticky":false,"template":"","format":"standard","meta":{"footnotes":""},"categories":[24],"tags":[1439,1440,1441,1114],"class_list":["post-192877","post","type-post","status-publish","format-standard","has-post-thumbnail","hentry","category-mundo","tag-60-anos","tag-isabel-ii","tag-reina","tag-reino-unido"],"_links":{"self":[{"href":"https:\/\/diarioelpopular.com\/index.php\/wp-json\/wp\/v2\/posts\/192877","targetHints":{"allow":["GET"]}}],"collection":[{"href":"https:\/\/diarioelpopular.com\/index.php\/wp-json\/wp\/v2\/posts"}],"about":[{"href":"https:\/\/diarioelpopular.com\/index.php\/wp-json\/wp\/v2\/types\/post"}],"author":[{"embeddable":true,"href":"https:\/\/diarioelpopular.com\/index.php\/wp-json\/wp\/v2\/users\/1"}],"replies":[{"embeddable":true,"href":"https:\/\/diarioelpopular.com\/index.php\/wp-json\/wp\/v2\/comments?post=192877"}],"version-history":[{"count":0,"href":"https:\/\/diarioelpopular.com\/index.php\/wp-json\/wp\/v2\/posts\/192877\/revisions"}],"wp:featuredmedia":[{"embeddable":true,"href":"https:\/\/diarioelpopular.com\/index.php\/wp-json\/"}],"wp:attachment":[{"href":"https:\/\/diarioelpopular.com\/index.php\/wp-json\/wp\/v2\/media?parent=192877"}],"wp:term":[{"taxonomy":"category","embeddable":true,"href":"https:\/\/diarioelpopular.com\/index.php\/wp-json\/wp\/v2\/categories?post=192877"},{"taxonomy":"post_tag","embeddable":true,"href":"https:\/\/diarioelpopular.com\/index.php\/wp-json\/wp\/v2\/tags?post=192877"}],"curies":[{"name":"wp","href":"https:\/\/api.w.org\/{rel}","templated":true}]}}