{"id":19445,"date":"2011-11-27T21:12:56","date_gmt":"2011-11-28T02:12:56","guid":{"rendered":"http:\/\/diarioelpopular.com\/?p=19445"},"modified":"2011-11-27T21:12:56","modified_gmt":"2011-11-28T02:12:56","slug":"cuatro-tradiciones-iberoamericanas-patrimonio-de-la-humanidad","status":"publish","type":"post","link":"https:\/\/diarioelpopular.com\/index.php\/2011\/11\/27\/cuatro-tradiciones-iberoamericanas-patrimonio-de-la-humanidad\/","title":{"rendered":"La UNESCO declara cuatro tradiciones iberoamericanas Patrimonio de la Humanidad"},"content":{"rendered":"<div id=\"attachment_19446\" style=\"width: 710px\" class=\"wp-caption aligncenter\"><a href=\"https:\/\/diarioelpopular.com\/wp-content\/uploads\/2011\/11\/naciones-del-Se%C3%B1or-de-Qoylluriti.jpg\"><img loading=\"lazy\" decoding=\"async\" aria-describedby=\"caption-attachment-19446\" class=\"size-full wp-image-19446\" title=\"naciones del Se\u00f1or de Qoyllurit'i\" src=\"https:\/\/diarioelpopular.com\/wp-content\/uploads\/2011\/11\/naciones-del-Se%C3%B1or-de-Qoylluriti.jpg\" alt=\"\" width=\"700\" height=\"420\" \/><\/a><p id=\"caption-attachment-19446\" class=\"wp-caption-text\">El director de Cultura de Cusco, David Ugarte (izquierda), tras el anuncio por el comit\u00e9 de la Unesco, reunido en Nusa Dua, en la isla indonesia de Bali, de la incoporaci\u00f3n de la candidatura del peregrinaje del santuario del Se\u00f1or de Qoyllurit de Per\u00fa en la Lista Representativa de Patrimonio Cultural Inmaterial de la Humanidad, celebra el reconocimiento junto a un representante de las naciones del Se\u00f1or de Qoyllurit&#039;i y otro de la hermandad del santuario, ambos ataviados con trajes tradicionales y que pronunciaron unas palabras de agradecimiento en lengua quechua. Foto: Paula Regueira \/ Efe<\/p><\/div>\n<p><em><strong>Paula Regueira Leal. Nusa Dua (Indonesia).-<\/strong><\/em> La Unesco inscribi\u00f3 este domingo en la <a href=\"http:\/\/www.unesco.org\/culture\/ich\/index.php?lg=es&amp;pg=00011\" target=\"_blank\">Lista Representativa de\u00a0Patrimonio\u00a0Cultural Inmaterial de la\u00a0Humanidad<\/a>\u00a0el saber tradicional de los chamanes jaguares del Yurupar\u00ed de Colombia, la m\u00fasica mariachi de M\u00e9xico, el peregrinaje al santuario del Se\u00f1or de Qoyllurit&#8217;i de Per\u00fa y el fado portugu\u00e9s.<\/p>\n<p>En su reuni\u00f3n en la isla indonesia de Bali, los expertos del comit\u00e9 intergubernamental de la Unesco, compuesto por 24 pa\u00edses, reconocieron la &#8220;ejemplaridad&#8221; de la candidatura colombiana tras valorar el sistema integral de conocimiento con caracter\u00edsticas f\u00edsicas y espirituales del Yurupar\u00ed.<\/p>\n<p>El director de\u00a0Patrimonio\u00a0de Colombia, Juan Luis Isaza, declar\u00f3 a Efe que este reconocimiento supone una gran &#8220;ilusi\u00f3n&#8221; para los chamanes del Yurupar\u00ed que transmiten &#8220;una cosmovisi\u00f3n asociada a un territorio sagrado para ellos, un conocimiento gracias al cual creen que el mundo puede estar en equilibrio&#8221;.<\/p>\n<p>Los jaguares del Yurupar\u00ed, que habitan en los alrededores del r\u00edo Pir\u00e1 Paran\u00e1, transmiten por v\u00eda masculina y desde el nacimiento el Hee Yaia Keti Oka, una sabidur\u00eda que les fue entregado desde sus or\u00edgenes por los Ayowa (creadores) para cuidar del territorio y de la vida.<\/p>\n<p>&#8220;Este saber tradicional amaz\u00f3nico y universal que los convierte en guardianes de la naturaleza implica toda clase de materias: la siembra, salud corporal, cr\u00eda de animales, leyes&#8230;&#8221;, a\u00f1adi\u00f3 Isaza.<\/p>\n<p>Unesco tambi\u00e9n declar\u00f3\u00a0patrimonio\u00a0inmaterial el peregrinaje al santuario del Se\u00f1or de Qoyllurit&#8217;i de Per\u00fa, que recorre ocho kil\u00f3metros desde Mahuayani hasta Sinakara, y finaliza en el santuario situado a m\u00e1s de 4.000 metros sobre el nivel del mar.<\/p>\n<p>La festividad presenta una amalgama de tradiciones andinas y europeas cristianas a trav\u00e9s de las cuales se ha establecido una expresi\u00f3n religiosa compleja y \u00fanica en el mundo.<\/p>\n<p>&#8220;Es un reconocimiento de la cultura quechua a nivel mundial y un ejemplo del cristianismo peruano&#8221;, dijo a Efe David Ugarte, director de Cultura de Cuzco, tras el anuncio.<\/p>\n<p>La tercera propuesta latinoamericana que obtuvo el reconocimiento de Unesco fue la m\u00fasica mariachi de M\u00e9xico.<\/p>\n<p>El nombramiento fue celebrado con la irrupci\u00f3n de un grupo de mariachis en la sala de reuniones de la Unesco en Bali, donde se enton\u00f3 &#8220;El son de la negra&#8221;, una de las melod\u00edas m\u00e1s emblem\u00e1ticas de este g\u00e9nero.<\/p>\n<p>El secretario de Cultura de Jalisco, Alejandro Cravioto, dijo que &#8220;no hay ninguna expresi\u00f3n musical mexicana m\u00e1s difundida por el mundo, y esta universalidad ten\u00eda que verse reflejada en la lista de\u00a0patrimonio\u00a0inmaterial&#8221;.<\/p>\n<p>Cravioto dijo que el mariachi acompa\u00f1a todo el recorrido vital de los mexicanos ya que &#8220;est\u00e1 presente desde el bautizo hasta el entierro&#8221;, y se\u00f1al\u00f3 que, junto con la comida, es el \u00fanico elemento propio que los emigrantes se llevan siempre consigo.<\/p>\n<p>La \u00faltima propuesta aprobada hoy fue la del fado portugu\u00e9s, g\u00e9nero musical habitualmente cantado por un solista acompa\u00f1ado por una guitarra portuguesa, que naci\u00f3 en los barrios humildes de Lisboa y que con la radio se extendi\u00f3 por todo Portugal.<\/p>\n<p>&#8220;Este es un momento de orgullo y alegr\u00eda para Lisboa&#8221;, indic\u00f3 el alcalde de la capital lusa, Antonio Costa, quien brind\u00f3 la distinci\u00f3n a &#8220;aquellos que se dedican al arte del fado: a los cantantes, a los poetas, a los m\u00fasicos y a los compositores&#8221;.<\/p>\n<p>Costa dijo que la decisi\u00f3n supone &#8220;una gran responsabilidad de promover y proteger el fado como una marca de la diversidad del\u00a0patrimonio\u00a0humano&#8221;.<\/p>\n<p>Durante la jornada han sido aprobadas ocho candidaturas m\u00e1s en la Lista de\u00a0Patrimonio\u00a0Cultural Inmaterial de la\u00a0Humanidad.<\/p>\n<p>Se trata de los cantos y juegos Becarac y la danza del silencio Nijemo Kolo del interior de Dalmacia, ambas de Croacia; el desfile de los reyes a caballo de la Rep\u00fablica Checa; y las pr\u00e1cticas culturales relacionadas con el balafon, un instrumento de percusi\u00f3n de madera empleado por las comunidades Senufo de Mali y Burkina Faso.<\/p>\n<p>Tambi\u00e9n se reconoci\u00f3 la poes\u00eda oral espont\u00e1nea Tsiattista acompa\u00f1ada por viol\u00edn de Chipre; la equitaci\u00f3n en la tradici\u00f3n francesa; el ritual de trasplante de arroz en Mibu y la danza sagrada Sada Shin Noh, las dos de Jap\u00f3n.<\/p>\n<p>Estas se a\u00f1adieron al teatro de sombras chinescas y el ritual de la edad de la ciudad belga de Lovaina, designadas ayer.<\/p>\n<p>Ma\u00f1ana se retomar\u00e1n los debates sobre la incorporaci\u00f3n de m\u00e1s propuestas en la lista entre las cuales est\u00e1n la festividad de &#8216;La Mare de D\u00e9u de la Salut&#8217; de Algemes\u00ed y la fiesta de patios de C\u00f3rdoba, ambas de Espa\u00f1a.<\/p>\n","protected":false},"excerpt":{"rendered":"<p>La Unesco inscribi\u00f3 este domingo en la Lista Representativa de Patrimonio Cultural Inmaterial de la Humanidad el saber tradicional de los chamanes jaguares del Yurupar\u00ed de Colombia, la m\u00fasica mariachi de M\u00e9xico, el peregrinaje al santuario del Se\u00f1or de Qoyllurit&#8217;i de Per\u00fa y el fado portugu\u00e9s.<\/p>\n","protected":false},"author":1,"featured_media":19446,"comment_status":"closed","ping_status":"open","sticky":false,"template":"","format":"standard","meta":{"footnotes":""},"categories":[24],"tags":[8863,8864,8865,8866,3874,8867],"class_list":["post-19445","post","type-post","status-publish","format-standard","has-post-thumbnail","hentry","category-mundo","tag-fado","tag-mariachi","tag-patrimonio-de-la-humanidad","tag-qoylluriti","tag-unesco","tag-yurupari"],"_links":{"self":[{"href":"https:\/\/diarioelpopular.com\/index.php\/wp-json\/wp\/v2\/posts\/19445","targetHints":{"allow":["GET"]}}],"collection":[{"href":"https:\/\/diarioelpopular.com\/index.php\/wp-json\/wp\/v2\/posts"}],"about":[{"href":"https:\/\/diarioelpopular.com\/index.php\/wp-json\/wp\/v2\/types\/post"}],"author":[{"embeddable":true,"href":"https:\/\/diarioelpopular.com\/index.php\/wp-json\/wp\/v2\/users\/1"}],"replies":[{"embeddable":true,"href":"https:\/\/diarioelpopular.com\/index.php\/wp-json\/wp\/v2\/comments?post=19445"}],"version-history":[{"count":0,"href":"https:\/\/diarioelpopular.com\/index.php\/wp-json\/wp\/v2\/posts\/19445\/revisions"}],"wp:featuredmedia":[{"embeddable":true,"href":"https:\/\/diarioelpopular.com\/index.php\/wp-json\/"}],"wp:attachment":[{"href":"https:\/\/diarioelpopular.com\/index.php\/wp-json\/wp\/v2\/media?parent=19445"}],"wp:term":[{"taxonomy":"category","embeddable":true,"href":"https:\/\/diarioelpopular.com\/index.php\/wp-json\/wp\/v2\/categories?post=19445"},{"taxonomy":"post_tag","embeddable":true,"href":"https:\/\/diarioelpopular.com\/index.php\/wp-json\/wp\/v2\/tags?post=19445"}],"curies":[{"name":"wp","href":"https:\/\/api.w.org\/{rel}","templated":true}]}}