{"id":19492,"date":"2011-11-28T21:15:38","date_gmt":"2011-11-29T02:15:38","guid":{"rendered":"http:\/\/diarioelpopular.com\/?p=19492"},"modified":"2011-11-28T21:15:38","modified_gmt":"2011-11-29T02:15:38","slug":"empieza-en-durban-la-carrera-contrarreloj-para-salvar-el-protocolo-de-kioto","status":"publish","type":"post","link":"https:\/\/diarioelpopular.com\/index.php\/2011\/11\/28\/empieza-en-durban-la-carrera-contrarreloj-para-salvar-el-protocolo-de-kioto\/","title":{"rendered":"Empieza en Durban la carrera contrarreloj para salvar el Protocolo de Kioto"},"content":{"rendered":"<div id=\"attachment_19493\" style=\"width: 710px\" class=\"wp-caption aligncenter\"><a href=\"https:\/\/diarioelpopular.com\/wp-content\/uploads\/2011\/11\/Cumbre-sobre-el-Clima-Durban-Sur%C3%A1frica.jpg\"><img loading=\"lazy\" decoding=\"async\" aria-describedby=\"caption-attachment-19493\" class=\"size-full wp-image-19493\" title=\"Cumbre sobre el Clima, Durban, Sur\u00e1frica\" src=\"https:\/\/diarioelpopular.com\/wp-content\/uploads\/2011\/11\/Cumbre-sobre-el-Clima-Durban-Sur%C3%A1frica.jpg\" alt=\"\" width=\"700\" height=\"420\" \/><\/a><p id=\"caption-attachment-19493\" class=\"wp-caption-text\">Activistas se re\u00fanen a las puertas del Centro Internacional de Convenciones en Durban (Sud\u00e1frica) durante la apertura de la Conferencia sobre Cambio Clim\u00e1tico (COP17) de las Naciones Unidas. Foto: Nic Bothma \/ Efe<\/p><\/div>\n<p><em><strong>Pedro Alonso. Durban\u00a0(Sud\u00e1frica).-<\/strong><\/em> La carrera contra el tiempo para intentar salvar el Protocolo de Kioto, que expira en 2012, empez\u00f3 este lunes en\u00a0Durban\u00a0(Sud\u00e1frica) con la inauguraci\u00f3n de la XVII Cumbre de la ONU sobre Cambio Clim\u00e1tico (COP 17).<\/p>\n<p>La conferencia arranc\u00f3 en el Internacional Conference Center (ICC) de\u00a0Durban, que congrega hasta el pr\u00f3ximo 9 de diciembre a unos 20.000 delegados y observadores de casi 200 pa\u00edses para abordar esa gran amenaza para el planeta que representa el cambio clim\u00e1tico.<\/p>\n<p>&#8220;Tienen ante ustedes la responsabilidad de reafirmar el sistema legal multilateral contemplado en el Protocolo de Kioto&#8221;, subray\u00f3 el presidente de Sud\u00e1frica, Jacob Zuma, ante los delegados en la sesi\u00f3n de apertura de la reuni\u00f3n en nombre del pa\u00eds anfitri\u00f3n.<\/p>\n<p>Zuma remarc\u00f3 tambi\u00e9n que el cambio clim\u00e1tico &#8220;ya no es s\u00f3lo un desaf\u00edo medioambiental, sino un desaf\u00edo para el desarrollo&#8221;, ya que para muchos supone una &#8220;cuesti\u00f3n de vida o muerte&#8221; en continentes como \u00c1frica, donde fen\u00f3menos como la sequ\u00eda provocan hambruna.<\/p>\n<p>La ministra sudafricana de Relaciones Exteriores, Maite Nkoana-Mashabane, por su parte, advirti\u00f3 a los delegados de que afrontan una &#8220;tarea colosal&#8221;, en alusi\u00f3n los obst\u00e1culos que dificultan en negociaciones como la renovaci\u00f3n del Protocolo.<\/p>\n<p>&#8220;Estamos en\u00a0Durban\u00a0con un prop\u00f3sito: garantizar el futuro de las pr\u00f3ximas generaciones&#8221;, indic\u00f3 Nkoana-Mashabane, para quien\u00a0Durban\u00a0marca un &#8220;momento decisivo&#8221; de la lucha contra el cambio clim\u00e1tico.<\/p>\n<p>El Protocolo, acordado en 1997, obliga s\u00f3lo a 37 naciones industrializadas y a la Uni\u00f3n Europea a recortar sus emisiones en un 5 por ciento con respecto a 1990 en el periodo 2008-2012.<\/p>\n<p>Uno de los objetivos de la conferencia de\u00a0Durban\u00a0es avanzar en la renovaci\u00f3n del Protocolo, un problema urgente porque el primer periodo de compromiso del acuerdo expira a finales de 2012.<\/p>\n<p>Los negociadores barajan, entre otras soluciones, el llamado enfoque &#8220;Kioto plus&#8221;, que apuesta por un segundo periodo de compromiso como parte de una transici\u00f3n hacia un marco global legalmente vinculante.<\/p>\n<p>A ese respecto, la canciller de M\u00e9xico, Patricia Espinosa, que intervino en la inauguraci\u00f3n como anfitriona de la anterior conferencia (COP16) de 2010 en Canc\u00fan, apunt\u00f3 la necesidad de &#8220;definir el futuro del protocolo de Kioto, reafirmando la importancia de un sistema basado en reglas y acuerdos vinculantes&#8221;.<\/p>\n<p>&#8220;En dos semanas, s\u00f3lo dos semanas debemos entregar resultados&#8221;, advirti\u00f3 Espinosa, que cedi\u00f3 el testigo de la presidencia del COP 17 a su colega sudafricana.<\/p>\n<p>Sin embargo, parece casi una misi\u00f3n imposible forjar un consenso sobre Kioto que abarque la mayor parte de las emisiones de gases causantes del efecto invernadero que se registran en el planeta.<\/p>\n<p>Estados Unidos, el segundo mayor emisor de di\u00f3xido de carbono (CO2) del mundo, sigue sin ratificar el Protocolo, mientras que el acuerdo dej\u00f3 sin compromisos a grandes pa\u00edses como China -principal emisor de CO2-, Brasil y la India por ser econom\u00edas emergentes.<\/p>\n<p>El segundo enviado de EEUU para el Cambio Clim\u00e1tico, Jonathan Pershing, afirm\u00f3 hoy en\u00a0Durban\u00a0que cualquier futuro acuerdo de reducci\u00f3n de gases que reemplace a Kioto debe implicar por igual a los pa\u00edses desarrollados y las econom\u00edas emergentes como China.<\/p>\n<p>&#8220;La estructura de un acuerdo que nos obligue a nosotros y no a las grandes econom\u00edas emergentes es insostenible&#8221;, subray\u00f3 el negociador estadounidense, al recordar que &#8220;EEUU no es parte de Kioto y no estamos en el debate&#8221; de la renovaci\u00f3n de ese pacto.<\/p>\n<p>El futuro de Kioto se nubl\u00f3 a\u00fan m\u00e1s despu\u00e9s de que el Gobierno de Canad\u00e1 manifestara hoy que ese acuerdo es &#8220;cosa del pasado&#8221;, sin confirmar ni desmentir versiones period\u00edsticas que hablan de que ese pa\u00eds anunciar\u00e1 antes de fin de a\u00f1o su retirada formal del acuerdo.<\/p>\n<p>El negociador de la Comisi\u00f3n Europea (Ejecutivo de la UE) Artur Runge Metzger apunt\u00f3 hoy en\u00a0Durban\u00a0que &#8220;la posibilidad de que Canad\u00e1 salga del Protocolo no tiene demasiada importancia, puesto que hab\u00eda dicho que no iba firmar un segundo periodo&#8221; del compromiso, aunque &#8220;quiz\u00e1s quiera formar parte de un acuerdo mayor&#8221;.<\/p>\n<p>Su colega, el jefe negociador de la UE, Tomasz Chruszczow, abog\u00f3 por fijar una &#8220;hoja de ruta&#8221; para alcanzar un &#8220;acuerdo global que complemente lo que hay ahora&#8221;, porque &#8220;Kioto solo no ser\u00e1 suficiente&#8221; en el futuro.<\/p>\n<p>Ante ese panorama, la secretaria ejecutiva de la Convenci\u00f3n de la ONU sobre Cambio Clim\u00e1tico, Christiana Figueres, quiso poner una nota de optimismo con una frase muy oportuna -estando en\u00a0Durban- del expresidente sudafricano Nelson Mandela y Nobel de la Paz (1993).<\/p>\n<p>&#8220;Todo parece imposible -dijo Figueres citando a Mandela- hasta que se consigue&#8221;.<\/p>\n","protected":false},"excerpt":{"rendered":"<p>La carrera contra el tiempo para intentar salvar el Protocolo de Kioto, que expira en 2012, empez\u00f3 este lunes en Durban (Sud\u00e1frica) con la inauguraci\u00f3n de la XVII Cumbre de la ONU sobre Cambio Clim\u00e1tico (COP 17).<\/p>\n","protected":false},"author":1,"featured_media":19493,"comment_status":"closed","ping_status":"open","sticky":false,"template":"","format":"standard","meta":{"footnotes":""},"categories":[24],"tags":[1871,316,8878,6018],"class_list":["post-19492","post","type-post","status-publish","format-standard","has-post-thumbnail","hentry","category-mundo","tag-calentamiento-global","tag-cambio-climatico","tag-durban","tag-kioto"],"_links":{"self":[{"href":"https:\/\/diarioelpopular.com\/index.php\/wp-json\/wp\/v2\/posts\/19492","targetHints":{"allow":["GET"]}}],"collection":[{"href":"https:\/\/diarioelpopular.com\/index.php\/wp-json\/wp\/v2\/posts"}],"about":[{"href":"https:\/\/diarioelpopular.com\/index.php\/wp-json\/wp\/v2\/types\/post"}],"author":[{"embeddable":true,"href":"https:\/\/diarioelpopular.com\/index.php\/wp-json\/wp\/v2\/users\/1"}],"replies":[{"embeddable":true,"href":"https:\/\/diarioelpopular.com\/index.php\/wp-json\/wp\/v2\/comments?post=19492"}],"version-history":[{"count":0,"href":"https:\/\/diarioelpopular.com\/index.php\/wp-json\/wp\/v2\/posts\/19492\/revisions"}],"wp:featuredmedia":[{"embeddable":true,"href":"https:\/\/diarioelpopular.com\/index.php\/wp-json\/"}],"wp:attachment":[{"href":"https:\/\/diarioelpopular.com\/index.php\/wp-json\/wp\/v2\/media?parent=19492"}],"wp:term":[{"taxonomy":"category","embeddable":true,"href":"https:\/\/diarioelpopular.com\/index.php\/wp-json\/wp\/v2\/categories?post=19492"},{"taxonomy":"post_tag","embeddable":true,"href":"https:\/\/diarioelpopular.com\/index.php\/wp-json\/wp\/v2\/tags?post=19492"}],"curies":[{"name":"wp","href":"https:\/\/api.w.org\/{rel}","templated":true}]}}