{"id":19613,"date":"2011-11-29T21:32:07","date_gmt":"2011-11-30T02:32:07","guid":{"rendered":"http:\/\/diarioelpopular.com\/?p=19613"},"modified":"2011-11-29T21:32:07","modified_gmt":"2011-11-30T02:32:07","slug":"cuatro-anos-de-carcel-al-medico-de-michael-jackson","status":"publish","type":"post","link":"https:\/\/diarioelpopular.com\/index.php\/2011\/11\/29\/cuatro-anos-de-carcel-al-medico-de-michael-jackson\/","title":{"rendered":"Cuatro a\u00f1os de c\u00e1rcel al m\u00e9dico de Michael Jackson"},"content":{"rendered":"<div id=\"attachment_19614\" style=\"width: 710px\" class=\"wp-caption aligncenter\"><a href=\"https:\/\/diarioelpopular.com\/wp-content\/uploads\/2011\/11\/Conrad-Murray-condenado-a-cuatro-a%C3%B1os-de-c%C3%A1rcel.jpg\"><img loading=\"lazy\" decoding=\"async\" aria-describedby=\"caption-attachment-19614\" class=\"size-full wp-image-19614\" title=\"Conrad Murray, condenado a cuatro a\u00f1os de c\u00e1rcel\" src=\"https:\/\/diarioelpopular.com\/wp-content\/uploads\/2011\/11\/Conrad-Murray-condenado-a-cuatro-a%C3%B1os-de-c%C3%A1rcel.jpg\" alt=\"\" width=\"700\" height=\"420\" \/><\/a><p id=\"caption-attachment-19614\" class=\"wp-caption-text\">Conrad Murray, tras conocer la condena decretada por el juez Michael Pastor de la Corte Superior del condado de Los \u00c1ngeles. Foto: Mario Anzuoni \/ Efe<\/p><\/div>\n<p><em><strong>Fernando Mex\u00eda. Los \u00c1ngeles (EE UU).-<\/strong><\/em> El m\u00e9dico Conrad Murray fue condenado este martes a 4 a\u00f1os de c\u00e1rcel por la muerte de\u00a0Michael\u00a0Jackson, la pena m\u00e1xima posible para un caso de homicidio involuntario, seg\u00fan decret\u00f3 el juez\u00a0Michael\u00a0Pastor, de la Corte Superior del condado de Los \u00c1ngeles (EE UU).<\/p>\n<p>El cardi\u00f3logo cumplir\u00e1 su condena en la prisi\u00f3n del condado y a discreci\u00f3n del alguaci\u00f3n, quien tendr\u00e1 ahora la \u00faltima palabra para determinar c\u00f3mo se ejecuta la decisi\u00f3n judicial en virtud de las nuevas leyes penitenciarias californianas creadas para combatir el hacinamiento carcelario.<\/p>\n<p>Son unas regulaciones por las que se reserva el espacio en las prisiones estatales a los criminales m\u00e1s peligrosos, una categor\u00eda de la que queda fuera el homicidio involuntario.<\/p>\n<p>Esas mismas normativas estatales reducen autom\u00e1ticamente la pena de cuatro a\u00f1os a dos, aunque las autoridades del condado podr\u00edan incluso dejar que Murray pague su deuda con la sociedad en su domicilio con el \u00fanico control de un brazalete de localizaci\u00f3n, del mismo tipo que llev\u00f3 la actriz Lindsay Lohan por violar su libertad condicional.<\/p>\n<p>El fiscal del distrito, Steve Cooley, reconoci\u00f3 hoy su frustraci\u00f3n para lograr que Murray cumpla \u00edntegra su condena en los t\u00e9rminos estipulados por el juez y se quej\u00f3 de c\u00f3mo funciona el sistema de Justicia, aunque asegur\u00f3 que tratar\u00e1n de buscar una v\u00eda legal para modificar esta situaci\u00f3n.<\/p>\n<p>A la hora de dictar sentencia, el magistrado Pastor se mostr\u00f3 muy cr\u00edtico con el condenado a quien consider\u00f3 un &#8220;peligro para la comunidad&#8221; que nunca mostr\u00f3 arrepentimiento y lleg\u00f3 a culpar al propio\u00a0Jackson\u00a0de lo ocurrido en un documental emitido en televisi\u00f3n recientemente.<\/p>\n<p>El &#8220;rey del pop&#8221; falleci\u00f3 el 25 de junio de 2009 v\u00edctima de una intoxicaci\u00f3n aguda del anest\u00e9sico propofol que le administr\u00f3 Murray, seg\u00fan qued\u00f3 probado en el juicio que concluy\u00f3 con veredicto de culpabilidad el pasado 7 de noviembre.<\/p>\n<p>&#8220;El doctor Murray se involucr\u00f3 en un ciclo de medicina horrible y en el uso de propofol para una locura m\u00e9dica que viol\u00f3 su obligaci\u00f3n jurada por dinero, fama, prestigio o cualquier otra cosa que haya podido tener lugar&#8221;, asegur\u00f3 Pastor.<\/p>\n<p>El juez consider\u00f3 que Murray, de 58 a\u00f1os, minti\u00f3 a los param\u00e9dicos, intent\u00f3 destruir pruebas, se esforz\u00f3 en ocultar lo ocurrido y distorsion\u00f3 los hechos en su relato a los investigadores con la intenci\u00f3n de &#8220;buscarse una salida&#8221; y no para proteger a su paciente.<\/p>\n<p>Pastor se mostr\u00f3 especialmente indignado por el hecho de que Murray grabara la voz de\u00a0Jackson\u00a0cuando \u00e9ste se encontraba drogado por los efectos de alg\u00fan medicamento, algo que se pudo escuchar durante el transcurso del juicio, y que para el magistrado ten\u00eda un fin malicioso.<\/p>\n<p>&#8220;Era un seguro de vida y no puedo evitar preguntarme el valor de esa grabaci\u00f3n si hubiera habido alg\u00fan problema entre\u00a0Michael\u00a0Jackson\u00a0y el doctor Murray y (\u00e9l) decidiera ofrecerla a alg\u00fan medio de comunicaci\u00f3n para ser usada en contra de\u00a0Michael\u00a0Jackson&#8221;, coment\u00f3 el juez que asegur\u00f3 &#8220;sentirse ofendido&#8221; por las circunstancias del caso.<\/p>\n<p>Pastor determin\u00f3 as\u00ed que Murray merec\u00eda la pena m\u00e1xima posible para un homicidio involuntario en California, tal y como ped\u00eda la acusaci\u00f3n.<\/p>\n<p>&#8220;Cualquiera que mire esto de forma objetiva tiene que llegar a la conclusi\u00f3n de que Conrad Murray abandon\u00f3 a su paciente y eso es una verg\u00fcenza para la profesi\u00f3n m\u00e9dica.&#8221;<\/p>\n<p>Los abogados de Murray aseguraron que presentar\u00e1n la solicitud de apelaci\u00f3n entre hoy y ma\u00f1ana.<\/p>\n<p>La Fiscal\u00eda, adem\u00e1s, pidi\u00f3 a Pastor que la condena incluyera el pago de una indemnizaci\u00f3n superior a los 100 millones de d\u00f3lares por las p\u00e9rdidas que la muerte deJackson\u00a0ocasionaron a su familia y herederos, ya que el cantante ten\u00eda vendidos ya los 50 conciertos que iba a realizar a partir de julio de 2009 en Londres.<\/p>\n<p>El magistrado pidi\u00f3 m\u00e1s documentaci\u00f3n y tiempo para analizarla antes de tomar una decisi\u00f3n al respecto y convoc\u00f3 a las partes para una nueva vista sobre este punto el pr\u00f3ximo 23 de enero.<\/p>\n<p>El abogado defensor Ed Chernoff asegur\u00f3 que su cliente &#8220;nunca podr\u00e1 pagar 100 millones de d\u00f3lares&#8221;.<\/p>\n","protected":false},"excerpt":{"rendered":"<p>El m\u00e9dico Conrad Murray fue condenado hoy a 4 a\u00f1os de c\u00e1rcel por la muerte de Michael Jackson, la pena m\u00e1xima posible para un caso de homicidio involuntario, seg\u00fan decret\u00f3 el juez Michael Pastor, de la Corte Superior del condado de Los \u00c1ngeles (EE UU).<\/p>\n","protected":false},"author":1,"featured_media":19614,"comment_status":"closed","ping_status":"open","sticky":false,"template":"","format":"standard","meta":{"footnotes":""},"categories":[24],"tags":[7899,6184],"class_list":["post-19613","post","type-post","status-publish","format-standard","has-post-thumbnail","hentry","category-mundo","tag-conrad-murray","tag-michael-jackson"],"_links":{"self":[{"href":"https:\/\/diarioelpopular.com\/index.php\/wp-json\/wp\/v2\/posts\/19613","targetHints":{"allow":["GET"]}}],"collection":[{"href":"https:\/\/diarioelpopular.com\/index.php\/wp-json\/wp\/v2\/posts"}],"about":[{"href":"https:\/\/diarioelpopular.com\/index.php\/wp-json\/wp\/v2\/types\/post"}],"author":[{"embeddable":true,"href":"https:\/\/diarioelpopular.com\/index.php\/wp-json\/wp\/v2\/users\/1"}],"replies":[{"embeddable":true,"href":"https:\/\/diarioelpopular.com\/index.php\/wp-json\/wp\/v2\/comments?post=19613"}],"version-history":[{"count":0,"href":"https:\/\/diarioelpopular.com\/index.php\/wp-json\/wp\/v2\/posts\/19613\/revisions"}],"wp:featuredmedia":[{"embeddable":true,"href":"https:\/\/diarioelpopular.com\/index.php\/wp-json\/"}],"wp:attachment":[{"href":"https:\/\/diarioelpopular.com\/index.php\/wp-json\/wp\/v2\/media?parent=19613"}],"wp:term":[{"taxonomy":"category","embeddable":true,"href":"https:\/\/diarioelpopular.com\/index.php\/wp-json\/wp\/v2\/categories?post=19613"},{"taxonomy":"post_tag","embeddable":true,"href":"https:\/\/diarioelpopular.com\/index.php\/wp-json\/wp\/v2\/tags?post=19613"}],"curies":[{"name":"wp","href":"https:\/\/api.w.org\/{rel}","templated":true}]}}