{"id":19684,"date":"2011-11-29T23:59:06","date_gmt":"2011-11-30T04:59:06","guid":{"rendered":"http:\/\/diarioelpopular.com\/?p=19684"},"modified":"2011-11-29T23:59:06","modified_gmt":"2011-11-30T04:59:06","slug":"el-eurogrupo-autoriza-el-sexto-tramo-de-ayuda-a-grecia","status":"publish","type":"post","link":"https:\/\/diarioelpopular.com\/index.php\/2011\/11\/29\/el-eurogrupo-autoriza-el-sexto-tramo-de-ayuda-a-grecia\/","title":{"rendered":"El Eurogrupo autoriza el sexto tramo de ayuda a Grecia"},"content":{"rendered":"<div id=\"attachment_19686\" style=\"width: 710px\" class=\"wp-caption aligncenter\"><a href=\"https:\/\/diarioelpopular.com\/wp-content\/uploads\/2011\/11\/La-Eurozona-pone-en-marcha-un-FEEF-reforzado-sin-alcanzar-el-bill%C3%B3n-de-euros.jpg\"><img loading=\"lazy\" decoding=\"async\" aria-describedby=\"caption-attachment-19686\" class=\"size-full wp-image-19686\" title=\"La Eurozona pone en marcha un FEEF reforzado sin alcanzar el bill\u00f3n de euros\" src=\"https:\/\/diarioelpopular.com\/wp-content\/uploads\/2011\/11\/La-Eurozona-pone-en-marcha-un-FEEF-reforzado-sin-alcanzar-el-bill%C3%B3n-de-euros.jpg\" alt=\"\" width=\"700\" height=\"420\" \/><\/a><p id=\"caption-attachment-19686\" class=\"wp-caption-text\">La vicepresidenta econ\u00f3mica en funciones del Gobierno espa\u00f1ol, Elena Salgado, posa con, de izquierda a derecha, el vicepresidente de la Comisi\u00f3n Europea y responsable de Asuntos Econ\u00f3micos y Financieros, Olli Rehn, el primer ministro italiano, Mario Monti, y el primer ministro luxemburgu\u00e9s y presidente del Eurogrupo, Jean Claude Juncker, durante la cumbre de ministros de Finanzas de la zona euro sobre la situaci\u00f3n de la moneda \u00fanica, en Bruselas, este martes. Foto: Benoit Doppagne \/ Efe<\/p><\/div>\n<p><em><strong>Efe. Bruselas.-<\/strong><\/em> El Eurogrupo aprob\u00f3 este martes las reglas operativas del reforzado fondo temporal de rescate, que podr\u00e1 empezar a actuar parcialmente a partir de diciembre como cortafuegos de la crisis de deuda, pero no alcanzar\u00e1 el bill\u00f3n de euros.<\/p>\n<p>Adem\u00e1s, tambi\u00e9n este martes, los ministros de Econom\u00eda y Finanzas de la zona euro pusieron fin a meses de bloqueo al autorizar la entrega del sexto tramo del paquete de asistencia financiera a\u00a0Grecia, de 8.000 millones, que son vitales para que el pa\u00eds pueda hacer frente al pago de salarios y pensiones en el sector privado.<\/p>\n<p>El fin \u00faltimo de tales medidas ser\u00eda evitar que la crisis de la deuda, que arranc\u00f3 precisamente en\u00a0Grecia, se extienda a pa\u00edses como Espa\u00f1a e Italia sometidos a fuertes presiones de los mercados.<\/p>\n<p>De esta manera los ministros de Finanzas de la zona del euro concluyeron los t\u00e9rminos y las condiciones de los dos modelos que permitir\u00e1n a los 17 pa\u00edses miembros aumentar la capacidad de intervenci\u00f3n del Fondo Europeo de Estabilidad Financiera (FEEF) para que pueda dar l\u00edneas de cr\u00e9dito preventivas, intervenir en los mercados de deuda primario y secundario y financiar la recapitalizaci\u00f3n de la banca.<\/p>\n<p>El objetivo era apalancar el FEEF hasta el bill\u00f3n de euros, para multiplicar varias veces y sin m\u00e1s garant\u00edas de los pa\u00edses su capacidad actual, que es de 250.000 millones de euros si se descuentan los rescates de\u00a0Grecia, Portugal e Irlanda, una cifra insuficiente para rescatar a econom\u00edas m\u00e1s grandes de la eurozona.<\/p>\n<p>El FEEF actuar\u00e1 con dos modelos: uno asegurador -que arrancar\u00e1 en diciembre- y otro de co-inversi\u00f3n -que funcionar\u00e1 a partir de enero-, seg\u00fan el presidente del Eurogrupo, Jean-Claude Juncker.<\/p>\n<p>La eurozona admiti\u00f3 hoy casi por completo que el objetivo del bill\u00f3n de euros ser\u00e1 inalcanzable y el escenario m\u00e1s optimista es ahora multiplicar su potencia 2, 2,5 o 3 veces como m\u00e1ximo.<\/p>\n<p>El m\u00e1ximo responsable del FEEF, Klaus Regling, dijo hoy que hay &#8220;muchos inversores interesados&#8221; en participar en el instrumento de co-inversi\u00f3n, pese a las reticencias iniciales.<\/p>\n<p>&#8220;No esperamos que los inversores comprometan grandes cantidades de dinero en los pr\u00f3ximos d\u00edas y semanas. El apalancamiento es un proceso que requiere su tiempo&#8221;, afirm\u00f3.<\/p>\n<p>Juncker admiti\u00f3 tambi\u00e9n que el FEEF necesitar\u00e1 ayuda de otros frentes, al afirmar que &#8220;continuamos explorando m\u00e1s opciones para apalancar el fondo&#8221;.<\/p>\n<p>Adelant\u00f3 que la eurozona ha acordado &#8220;explorar r\u00e1pidamente un aumento de los recursos del Fondo Monetario Internacional (FMI) a trav\u00e9s de pr\u00e9stamos bilaterales&#8221; europeos y no europeos &#8220;para que pueda ajustarse adecuadamente a la nueva potencia del FEEF y cooperar todav\u00eda m\u00e1s estrechamente&#8221; con Europa para ayudarle a salir de la crisis.<\/p>\n<p>En el modelo asegurador, el FEEF ofrecer\u00e1 un certificado de protecci\u00f3n parcial de entre un 20 y 30 % para la emisi\u00f3n de bonos en el mercado primario, con el fin de favorecer la demanda de los inversores y bajar los costes de financiaci\u00f3n de los Estados.<\/p>\n<p>Se utilizar\u00e1 principalmente como programa de precauci\u00f3n.<\/p>\n<p>En el esquema de co-inversi\u00f3n se crear\u00e1n uno o varios instrumentos para maximizar los recursos con inversiones p\u00fablicas y privadas externas para obtener liquidez adicional y comprar deuda en los mercados primario y secundario de un pa\u00eds.<\/p>\n<p>Si el veh\u00edculo aporta la financiaci\u00f3n directamente a los Estados podr\u00eda ser utilizada para la recapitalizaci\u00f3n de la banca.<\/p>\n<p>En ambos casos se vincular\u00e1 la intervenci\u00f3n a la solicitud del pa\u00eds afectado y a un Memorando de Entendimiento en el que se detallan las condiciones y los procedimientos de supervisi\u00f3n.<\/p>\n<p>Por otro lado, el Eurogrupo evit\u00f3 hoy que\u00a0Grecia, el epicentro de toda la crisis, suspendiera pagos, al aprobar la entrega a mediados de diciembre de la pr\u00f3xima ayuda de 8.000 millones de euros.<\/p>\n<p>El desembolso se dar\u00e1 despu\u00e9s de que las autoridades del pa\u00eds y los principales partidos pol\u00edticos confirmaran por escrito su voluntad de apoyar las reformas exigidas a cambio de la ayuda.<\/p>\n<p>El desembolso de los 8.000 millones para\u00a0Grecia\u00a0estaba en principio previsto para septiembre, pero la falta de progreso en el plan de reforma exigido a\u00a0Grecia\u00a0para recibir la ayuda motivaron un primer retraso.<\/p>\n<p>Una vez que las autoridades griegas se mostraron dispuestas a colaborar, el Eurogrupo anunci\u00f3 en octubre que entregar\u00eda la ayuda, justo antes de la cumbre en la que se acord\u00f3 una quita voluntaria del 50 % sobre la deuda helena y un nuevo paquete de ayuda de 130.000 millones de euros.<\/p>\n<p>Los mercados respondieron de forma positiva al acuerdo, pero la calma dur\u00f3 apenas dos d\u00edas, ya que el entonces primer ministro Yorgos Papandr\u00e9u sorprendi\u00f3 a sus socios europeos al anunciar un refer\u00e9ndum sobre las medidas de ajuste, que finalmente no s\u00f3lo no se celebr\u00f3 sino que acab\u00f3 cost\u00e1ndole el puesto.<\/p>\n<p>Tras la salida de Papandr\u00e9u del Ejecutivo, los europeos y el Fondo Monetario Internacional (FMI) solicitaron al nuevo primer ministro griego, Luk\u00e1s Papadimos y a los principales partidos griegos que se comprometieran por escrito a llevar a cabo las reformas, una exigencia que top\u00f3 con el rechazo frontal del l\u00edder del partido conservador Nueva Democracia, Antonis Samaras, quien finalmente accedi\u00f3 a enviar una misiva a los socios internacionales.<\/p>\n<p>El ex primer ministro fue el \u00faltimo en enviar la carta a Bruselas, lo que ha dado luz verde a la autorizaci\u00f3n del Eurogrupo.<\/p>\n<p>Tras la autorizaci\u00f3n de los ministros hoy, falta el visto bueno del FMI sobre su contribuci\u00f3n al tramo, para que los 8.000 millones puedan entregarse definitivamente.<\/p>\n<p>Este tramo forma parte del primer rescate concedido a\u00a0Grecia, de 110.000 millones de euros.<\/p>\n<p>Adem\u00e1s, los ministros de Econom\u00eda y Finanzas tambi\u00e9n aprobaron hoy la concesi\u00f3n, en enero, del cuarto tramo de ayuda a Irlanda, de 11.500 millones de euros tras tener la certeza de que este pa\u00eds cumple las reformas pactadas con los supervisores internacionales.<\/p>\n<p>La preocupaci\u00f3n por el contagio de la crisis de la deuda tambi\u00e9n ha llevado a la Comisi\u00f3n Europea a recomendar a Italia que ponga en marcha un programa de reformas y un calendario de aplicaci\u00f3n del mismo &#8220;m\u00e1s ambiciosos&#8221; y acelerar las medidas clave.<\/p>\n<p>Advirti\u00f3 de que si no hay una respuesta pol\u00edtica decidida, el riesgo de una &#8220;crisis de liquidez soberana plena&#8221; podr\u00eda aumentar r\u00e1pidamente, lo que podr\u00eda desembocar en una crisis de solvencia, cuyas repercusiones para otros grandes pa\u00edses de la eurozona &#8220;ser\u00edan grav\u00edsimas&#8221;.<\/p>\n","protected":false},"excerpt":{"rendered":"<p>El Eurogrupo aprob\u00f3 las reglas del reforzado fondo temporal de rescate, que podr\u00e1 empezar a actuar parcialmente a partir de diciembre como cortafuegos de la crisis de deuda, pero no alcanzar\u00e1 el bill\u00f3n de euros. Los ministros de Finanzas pusieron fin tambi\u00e9n a meses de bloqueo al autorizar la entrega del sexto tramo de ayuda a Grecia, de 8.000 millones.<\/p>\n","protected":false},"author":1,"featured_media":19686,"comment_status":"closed","ping_status":"open","sticky":false,"template":"","format":"standard","meta":{"footnotes":""},"categories":[24],"tags":[565,800,6329,1591,801,8919,1592,1146],"class_list":["post-19684","post","type-post","status-publish","format-standard","has-post-thumbnail","hentry","category-mundo","tag-crisis","tag-deuda","tag-euro","tag-eurogrupo","tag-eurozona","tag-feef","tag-grecia","tag-rescate"],"_links":{"self":[{"href":"https:\/\/diarioelpopular.com\/index.php\/wp-json\/wp\/v2\/posts\/19684","targetHints":{"allow":["GET"]}}],"collection":[{"href":"https:\/\/diarioelpopular.com\/index.php\/wp-json\/wp\/v2\/posts"}],"about":[{"href":"https:\/\/diarioelpopular.com\/index.php\/wp-json\/wp\/v2\/types\/post"}],"author":[{"embeddable":true,"href":"https:\/\/diarioelpopular.com\/index.php\/wp-json\/wp\/v2\/users\/1"}],"replies":[{"embeddable":true,"href":"https:\/\/diarioelpopular.com\/index.php\/wp-json\/wp\/v2\/comments?post=19684"}],"version-history":[{"count":0,"href":"https:\/\/diarioelpopular.com\/index.php\/wp-json\/wp\/v2\/posts\/19684\/revisions"}],"wp:featuredmedia":[{"embeddable":true,"href":"https:\/\/diarioelpopular.com\/index.php\/wp-json\/"}],"wp:attachment":[{"href":"https:\/\/diarioelpopular.com\/index.php\/wp-json\/wp\/v2\/media?parent=19684"}],"wp:term":[{"taxonomy":"category","embeddable":true,"href":"https:\/\/diarioelpopular.com\/index.php\/wp-json\/wp\/v2\/categories?post=19684"},{"taxonomy":"post_tag","embeddable":true,"href":"https:\/\/diarioelpopular.com\/index.php\/wp-json\/wp\/v2\/tags?post=19684"}],"curies":[{"name":"wp","href":"https:\/\/api.w.org\/{rel}","templated":true}]}}