{"id":19705,"date":"2011-11-29T23:02:48","date_gmt":"2011-11-30T04:02:48","guid":{"rendered":"http:\/\/diarioelpopular.com\/?p=19705"},"modified":"2011-11-29T23:02:48","modified_gmt":"2011-11-30T04:02:48","slug":"yanacocha-frena-su-plan-minero-ante-las-protestas-en-peru","status":"publish","type":"post","link":"https:\/\/diarioelpopular.com\/index.php\/2011\/11\/29\/yanacocha-frena-su-plan-minero-ante-las-protestas-en-peru\/","title":{"rendered":"Yanacocha frena su plan minero ante las protestas en Per\u00fa"},"content":{"rendered":"<div id=\"attachment_19706\" style=\"width: 710px\" class=\"wp-caption aligncenter\"><a href=\"https:\/\/diarioelpopular.com\/wp-content\/uploads\/2011\/11\/Protestas-contra-un-proyecto-minero-en-Per%C3%BA.jpg\"><img loading=\"lazy\" decoding=\"async\" aria-describedby=\"caption-attachment-19706\" class=\"size-full wp-image-19706\" title=\"Protestas contra un proyecto minero en Per\u00fa\" src=\"https:\/\/diarioelpopular.com\/wp-content\/uploads\/2011\/11\/Protestas-contra-un-proyecto-minero-en-Per%C3%BA.jpg\" alt=\"\" width=\"700\" height=\"420\" \/><\/a><p id=\"caption-attachment-19706\" class=\"wp-caption-text\">Protesta durante el paro indefinido convocado en Piedra Redonda El Amaro (norte de Per\u00fa) contra el proyecto aur\u00edfero Conga, el pasado jueves. Las protestas contra el proyecto aur\u00edfero se han prolongado ya durante casi una semana. Foto: Paolo Aguilar \/ Efe<\/p><\/div>\n<p><em><strong>Efe. Lima.-<\/strong><\/em> La empresa minera Yanacocha, la mayor productora de oro de Suram\u00e9rica, anunci\u00f3 este martes la suspensi\u00f3n de las operaciones en el proyecto minero Conga, pero las autoridades de la regi\u00f3n peruana de Cajamarca exigieron su anulaci\u00f3n total para concluir con las protestas contra la miner\u00eda.<\/p>\n<p>Los pobladores de Cajamarca, en el norte de Per\u00fa, protestan desde hace seis d\u00edas contra el proyecto Conga porque consideran que da\u00f1ar\u00e1 de manera irreversible sus fuentes de agua, al utilizar cuatro lagunas.<\/p>\n<p>&#8220;Yanacocha comunica a la opini\u00f3n p\u00fablica que, a exigencia del Supremo Gobierno y en aras de que se restablezcan la tranquilidad y la paz social en Cajamarca, ha decidido suspender las actividades del Proyecto&#8221;, indic\u00f3 un comunicado divulgado en una rueda de prensa en el Palacio de Gobierno de Lima.<\/p>\n<p>La nota fue le\u00edda por el ingeniero Carlos Santa Cruz, representante de Yanacocha, en presencia del presidente del Consejo de Ministros, Salom\u00f3n Lerner.<\/p>\n<p>La minera precis\u00f3 que tom\u00f3 la decisi\u00f3n porque &#8220;las condiciones para un di\u00e1logo fruct\u00edfero&#8221; para solucionar el conflicto por Conga &#8220;se han visto limitadas&#8221; por la f\u00e9rrea oposici\u00f3n de los pobladores de Cajamarca al establecimiento de la mina.<\/p>\n<p>A\u00f1adi\u00f3 que Yanacocha &#8220;siempre ha tenido disposici\u00f3n al di\u00e1logo&#8221; pero admiti\u00f3 que &#8220;es consciente de que en la relaci\u00f3n con la poblaci\u00f3n han existido desentendimientos y enfrentamientos en el pasado&#8221;.<\/p>\n<p>La empresa asegur\u00f3 que har\u00e1 su &#8220;mejor esfuerzo&#8221; y acatar\u00e1 &#8220;todas las exigencias del Gobierno del presidente Ollanta Humala por una miner\u00eda responsable&#8221;.<\/p>\n<p>Por su parte, Salom\u00f3n Lerner declar\u00f3 que el Gobierno tom\u00f3 una &#8220;decisi\u00f3n patri\u00f3tica&#8221; al exigir la suspensi\u00f3n de las operaciones de Conga y dijo que se busca una &#8220;miner\u00eda responsable que haga posible que el fruto de la actividad lleve el beneficio para todos&#8221;.<\/p>\n<p>El Ejecutivo ha dejado claro, a\u00f1adi\u00f3, que &#8220;el agua debe servir al consumo humano, para vivienda y saneamiento, y desarrollo agropecuario (&#8230;) una vez que se cumplan esas especificaciones estamos dispuestos a que haya una miner\u00eda responsable&#8221;, remarc\u00f3.<\/p>\n<p>Lerner anunci\u00f3 que el Gobierno y Yanacocha permitir\u00e1n que se realicen &#8220;peritajes nacionales e internacionales para (lograr) la confianza de la poblaci\u00f3n&#8221;.<\/p>\n<p>&#8220;Ahora le toca al pueblo de Cajamarca decir si acepta que el di\u00e1logo y la negociaci\u00f3n reemplacen a la violencia&#8221;, en referencia a los serios enfrentamientos con la polic\u00eda, que hoy dejaron ocho heridos.<\/p>\n<p>Invoc\u00f3, por eso, a los l\u00edderes de la protesta a mostrar &#8220;respeto al Estado de Derecho&#8221; y les pidi\u00f3 aceptar el di\u00e1logo.<\/p>\n<p>Sin embargo, las autoridades de la regi\u00f3n de Cajamarca rechazaron el anuncio y exigieron al Gobierno que emita un decreto que declare inviable el proyecto.<\/p>\n<p>El presidente regional de Cajamarca, Gregorio Santos, afirm\u00f3 que el anuncio &#8220;no es ninguna novedad, (porque) Conga est\u00e1 paralizado desde hace varios d\u00edas&#8221;.<\/p>\n<p>Consider\u00f3 que &#8220;lo \u00fanico que est\u00e1n haciendo es un pronunciamiento de la empresa&#8221; y asegur\u00f3 que los cajamarquinos esperan que &#8220;con todos los argumentos t\u00e9cnicos y legales se tenga el pronunciamiento de parte del Estado&#8221;.<\/p>\n<p>&#8220;Le pido al primer ministro y al presidente que atiendan el pedido de Cajamarca de que el proyecto Conga es inviable&#8221;, acot\u00f3.<\/p>\n<p>El presidente del Frente de Defensa Ambiental de Cajamarca, Wilfredo Saavedra, se\u00f1al\u00f3 que los manifestantes no aceptan la propuesta de di\u00e1logo planteada a partir del comunicado de Yanacocha.<\/p>\n<p>&#8220;Nosotros no estamos admitiendo el di\u00e1logo, esperamos una soluci\u00f3n pol\u00edtica que declare la inviabilidad del proyecto. Este comunicado no cambia la situaci\u00f3n&#8221;, remarc\u00f3.<\/p>\n<p>Saavedra anunci\u00f3 que las protestas continuar\u00e1n en Cajamarca y dijo que a partir de ma\u00f1ana contar\u00e1n con manifestaciones de apoyo en las regiones de Amazonas, Piura, La libertad y Lambayeque.<\/p>\n<p>Yanacocha, que tiene entre sus socios a la estadounidense Newmont, la peruana Buenaventura y la Corporaci\u00f3n Financiera Internacional, del grupo del Banco Mundial, planeaba extraer en Conga 8,9 millones de onzas de oro en un plazo de 19 a\u00f1os con una inversi\u00f3n de 4.800 millones de d\u00f3lares.<\/p>\n","protected":false},"excerpt":{"rendered":"<p>La empresa minera Yanacocha, la mayor productora de oro de Suram\u00e9rica, anunci\u00f3 este martes la suspensi\u00f3n de las operaciones en el proyecto minero Conga, pero las autoridades de la regi\u00f3n peruana de Cajamarca exigieron su anulaci\u00f3n total para concluir con las protestas contra la miner\u00eda.<\/p>\n","protected":false},"author":1,"featured_media":19706,"comment_status":"closed","ping_status":"open","sticky":false,"template":"","format":"standard","meta":{"footnotes":""},"categories":[23],"tags":[269,270,271,40,272,8914],"class_list":["post-19705","post","type-post","status-publish","format-standard","has-post-thumbnail","hentry","category-latinoamerica","tag-cajamarca","tag-conga","tag-mina","tag-paro","tag-peru","tag-yanacocha"],"_links":{"self":[{"href":"https:\/\/diarioelpopular.com\/index.php\/wp-json\/wp\/v2\/posts\/19705","targetHints":{"allow":["GET"]}}],"collection":[{"href":"https:\/\/diarioelpopular.com\/index.php\/wp-json\/wp\/v2\/posts"}],"about":[{"href":"https:\/\/diarioelpopular.com\/index.php\/wp-json\/wp\/v2\/types\/post"}],"author":[{"embeddable":true,"href":"https:\/\/diarioelpopular.com\/index.php\/wp-json\/wp\/v2\/users\/1"}],"replies":[{"embeddable":true,"href":"https:\/\/diarioelpopular.com\/index.php\/wp-json\/wp\/v2\/comments?post=19705"}],"version-history":[{"count":0,"href":"https:\/\/diarioelpopular.com\/index.php\/wp-json\/wp\/v2\/posts\/19705\/revisions"}],"wp:featuredmedia":[{"embeddable":true,"href":"https:\/\/diarioelpopular.com\/index.php\/wp-json\/"}],"wp:attachment":[{"href":"https:\/\/diarioelpopular.com\/index.php\/wp-json\/wp\/v2\/media?parent=19705"}],"wp:term":[{"taxonomy":"category","embeddable":true,"href":"https:\/\/diarioelpopular.com\/index.php\/wp-json\/wp\/v2\/categories?post=19705"},{"taxonomy":"post_tag","embeddable":true,"href":"https:\/\/diarioelpopular.com\/index.php\/wp-json\/wp\/v2\/tags?post=19705"}],"curies":[{"name":"wp","href":"https:\/\/api.w.org\/{rel}","templated":true}]}}