{"id":19712,"date":"2011-11-29T23:18:25","date_gmt":"2011-11-30T04:18:25","guid":{"rendered":"http:\/\/diarioelpopular.com\/?p=19712"},"modified":"2011-11-29T23:18:25","modified_gmt":"2011-11-30T04:18:25","slug":"liga-de-quito-con-oficio-de-campeon-frustra-al-velez-sarsfield","status":"publish","type":"post","link":"https:\/\/diarioelpopular.com\/index.php\/2011\/11\/29\/liga-de-quito-con-oficio-de-campeon-frustra-al-velez-sarsfield\/","title":{"rendered":"Liga de Quito frustra al V\u00e9lez Sarsfield y se mete en la final"},"content":{"rendered":"<div id=\"attachment_19713\" style=\"width: 710px\" class=\"wp-caption aligncenter\"><a href=\"https:\/\/diarioelpopular.com\/wp-content\/uploads\/2011\/11\/El-jugador-de-Liga-Deportiva-Universitaria-de-Quito-Jorge-Guagua.jpg\"><img loading=\"lazy\" decoding=\"async\" aria-describedby=\"caption-attachment-19713\" class=\"size-full wp-image-19713\" title=\"El jugador de Liga Deportiva Universitaria de Quito Jorge Guagua\" src=\"https:\/\/diarioelpopular.com\/wp-content\/uploads\/2011\/11\/El-jugador-de-Liga-Deportiva-Universitaria-de-Quito-Jorge-Guagua.jpg\" alt=\"\" width=\"700\" height=\"420\" \/><\/a><p id=\"caption-attachment-19713\" class=\"wp-caption-text\">El jugador de Liga Deportiva Universitaria de Quito Jorge Guagua celebra la victoria ante Velez Sarsfield. Foto: C\u00e9zaro De Luca \/ Efe<\/p><\/div>\n<p><em><strong>Carlos Werd. Buenos Aires.-<\/strong><\/em> El V\u00e9lez Sarsfield argentino volvi\u00f3 a quedar en las puertas de una final internacional al caer este martes en Buenos Aires por 0-1 ante la Liga de Quito, que consigui\u00f3 su boleto al partido decisivo de la Copa\u00a0Sudamericana\u00a0con oficio de campe\u00f3n.<\/p>\n<p>El equipo que dirige el argentino Edgardo Bauza, que se hab\u00eda impuesto por 2-0 en la ida de las semifinales, sustent\u00f3 su victoria con orden y concentraci\u00f3n defensiva, adem\u00e1s de dos figuras colosales: el arquero Alexander Dom\u00ednguez y el punta Hern\u00e1n Barcos, autor del gol de hoy (m.49) y protagonista decisivo de la serie.<\/p>\n<p>Para el V\u00e9lez qued\u00f3 la frustraci\u00f3n de una nueva semifinal que no pudo sortear este a\u00f1o, tal como le hab\u00eda ocurrido en junio pasado al ser eliminado por el Pe\u00f1arol uruguayo en la Copa Libertadores.<\/p>\n<p>&#8220;Vamos a aguantar los primeros 25 minutos porque el V\u00e9lez, si presion\u00f3 en la altura de Quito, ac\u00e1 indudablemente se nos vendr\u00e1 encima&#8221;, dijo al llegar hoy al estadio Patricio Urrutia, entrevistado por la televisi\u00f3n.<\/p>\n<p>No minti\u00f3 el internacional ecuatoriano: la Liga no hizo otra cosa que aguantar el partido en esos 25 iniciales. Peligrosamente, porque defendi\u00f3 con sus hombres demasiado cerca de Dom\u00ednguez, dej\u00f3 que el equipo de Ricardo Gareca gobernara el partido y liber\u00f3 al solitario Barcos para que el delantero argentino pescara alguna en el campo rival.<\/p>\n<p>El V\u00e9lez, con luces y sombras, intent\u00f3 ser lo de siempre: buen trato de bal\u00f3n, circulaci\u00f3n prolija y descarga por las bandas para las subidas de Emiliano Papa y Augusto Fern\u00e1ndez, y H\u00e9ctor Canteros algo m\u00e1s adelantado y como eje del equipo.<\/p>\n<p>Pese a merodear el \u00e1rea del conjunto ecuatoriano, la formaci\u00f3n velezana no tuvo demasiada claridad para lastimar a la Liga, que m\u00e1s all\u00e1 de una clar\u00edsima ocasi\u00f3n de Guillermo Franco, tras una mala salida de Urrutia, que termin\u00f3 desviando Dom\u00ednguez al c\u00f3rner (m.19), no sufri\u00f3 demasiado.<\/p>\n<p>Dos veces, una de cabeza y otra con un disparo de derecha, lo tuvo tambi\u00e9n el zaguero Sebasti\u00e1n Dom\u00ednguez a los 21 y 26 minutos, pero en ambas producto de jugadas forzadas del V\u00e9lez.<\/p>\n<p>Cerca de la media hora, como afirm\u00f3 Urrutia, los del &#8216;Pat\u00f3n&#8217; Bauza empezaron a ganar espaldas y a encontrar cierta profundidad, especialmente cuando se encend\u00eda Ezequiel Gonz\u00e1lez o despegaba Miller Bola\u00f1os.<\/p>\n<p>Fueron los mejores momentos del conjunto de Quito, que se pudo incluso poner en ventaja con una apilada del argentino Gonz\u00e1lez que termin\u00f3 con un tiro d\u00e9bil de Paul Ambrossi a los 34 minutos o con un cabezazo de Barcos tras una deliciosa asistencia de &#8216;Equi&#8217; a los 36.<\/p>\n<p>Lo que se le neg\u00f3, por muy poco, al querer ajustar demasiado su remate de cabeza, se le dio al goleador ni bien amanec\u00eda el segundo tiempo.<\/p>\n<p>A los 49, Barcos aguant\u00f3 un bal\u00f3n como p\u00edvot, fue a buscar el centro de Neicer Reasco y, tras un cierre a destiempo de Dom\u00ednguez, domin\u00f3 la pelota y la clav\u00f3 con un latigazo junto al palo derecho de Marcelo Barovero.<\/p>\n<p>All\u00ed se termin\u00f3 la serie. El V\u00e9lez, ya con la obligaci\u00f3n de marcar cuatro goles, comenz\u00f3 a padecer el partido y la Liga, ya m\u00e1s suelta, no perdi\u00f3 el orden, sigui\u00f3 marcando con fiereza e incluso pudo aumentar las cifras.<\/p>\n<p>La gente del V\u00e9lez toler\u00f3 la derrota, aplaudi\u00f3 esfuerzos individuales, como el de Augusto Fern\u00e1ndez, y pidi\u00f3 a los gritos la continuidad del &#8216;Flaco&#8217; Gareca, toda una rareza en tiempos de exitismo.<\/p>\n<p><strong>Ficha t\u00e9cnica:<\/strong><\/p>\n<ul>\n<li><strong>0. V\u00e9lez Sarsfield:<\/strong> Marcelo Barovero; Fabi\u00e1n Cubero, Sebasti\u00e1n Dom\u00ednguez, Fernando Ortiz, Emiliano Papa; Augusto Fern\u00e1ndez, H\u00e9ctor Canteros, Francisco Cerro (m.56, Iv\u00e1n Bella), V\u00edctor Zapata (m.51, David Ram\u00edrez); Juan Manuel Mart\u00ednez (m.71, Ezequiel Rescaldani) y Guillermo Franco. Entrenador: Ricardo Gareca.<\/li>\n<li><strong>1. Liga de Quito:<\/strong> Alexander Dom\u00ednguez; Jorge Guagua, Norberto Araujo, Diego Armando Calder\u00f3n; Neicer Reasco, Patricio Urrutia (m.61, Enrique Gamez Quintero), Fernando Hidalgo, Paul Ambrossi, Miller Bola\u00f1os (m.66, Claudio Bieler); Ezequiel Gonz\u00e1lez (m.86, Walter Calder\u00f3n) y Hern\u00e1n Barcos. Entrenador: Edgardo Bauza.<\/li>\n<li><strong>Gol:<\/strong> 0-1, m.49: Barcos.<\/li>\n<li><strong>\u00c1rbitro:<\/strong> El colombiano Jos\u00e9 Hernando Buitrago amonest\u00f3 a Alexander Dom\u00ednguez, Paul Ambrossi, Francisco Cerro, Fabi\u00e1n Cubero y Augusto Fern\u00e1ndez.<\/li>\n<li><strong>Incidencias:<\/strong> Partido de vuelta de las semifinales de la Copa\u00a0Sudamericana\u00a0disputado en el estadio Jos\u00e9 Amalfitani, del V\u00e9lez Sarsfield, ante unos 40.000 espectadores.<\/li>\n<\/ul>\n<p>&nbsp;<\/p>\n","protected":false},"excerpt":{"rendered":"<p>El V\u00e9lez Sarsfield argentino volvi\u00f3 a quedar en las puertas de una final internacional al caer este martes en Buenos Aires por 0-1 ante la Liga de Quito, que consigui\u00f3 su boleto al partido decisivo de la Copa Sudamericana con oficio de campe\u00f3n.<\/p>\n","protected":false},"author":1,"featured_media":19713,"comment_status":"closed","ping_status":"open","sticky":false,"template":"","format":"standard","meta":{"footnotes":""},"categories":[28],"tags":[7964,179,8830,2121],"class_list":["post-19712","post","type-post","status-publish","format-standard","has-post-thumbnail","hentry","category-deportes","tag-copa-sudamericana","tag-futbol-2","tag-liga-de-quito","tag-velez-sarsfield"],"_links":{"self":[{"href":"https:\/\/diarioelpopular.com\/index.php\/wp-json\/wp\/v2\/posts\/19712","targetHints":{"allow":["GET"]}}],"collection":[{"href":"https:\/\/diarioelpopular.com\/index.php\/wp-json\/wp\/v2\/posts"}],"about":[{"href":"https:\/\/diarioelpopular.com\/index.php\/wp-json\/wp\/v2\/types\/post"}],"author":[{"embeddable":true,"href":"https:\/\/diarioelpopular.com\/index.php\/wp-json\/wp\/v2\/users\/1"}],"replies":[{"embeddable":true,"href":"https:\/\/diarioelpopular.com\/index.php\/wp-json\/wp\/v2\/comments?post=19712"}],"version-history":[{"count":0,"href":"https:\/\/diarioelpopular.com\/index.php\/wp-json\/wp\/v2\/posts\/19712\/revisions"}],"wp:featuredmedia":[{"embeddable":true,"href":"https:\/\/diarioelpopular.com\/index.php\/wp-json\/"}],"wp:attachment":[{"href":"https:\/\/diarioelpopular.com\/index.php\/wp-json\/wp\/v2\/media?parent=19712"}],"wp:term":[{"taxonomy":"category","embeddable":true,"href":"https:\/\/diarioelpopular.com\/index.php\/wp-json\/wp\/v2\/categories?post=19712"},{"taxonomy":"post_tag","embeddable":true,"href":"https:\/\/diarioelpopular.com\/index.php\/wp-json\/wp\/v2\/tags?post=19712"}],"curies":[{"name":"wp","href":"https:\/\/api.w.org\/{rel}","templated":true}]}}