{"id":19729,"date":"2011-11-30T11:22:31","date_gmt":"2011-11-30T16:22:31","guid":{"rendered":"http:\/\/diarioelpopular.com\/?p=19729"},"modified":"2011-11-30T11:22:31","modified_gmt":"2011-11-30T16:22:31","slug":"notas-del-futbol-hispano-21","status":"publish","type":"post","link":"https:\/\/diarioelpopular.com\/index.php\/2011\/11\/30\/notas-del-futbol-hispano-21\/","title":{"rendered":"Notas del f\u00fatbol hispano"},"content":{"rendered":"<div id=\"attachment_19732\" style=\"width: 200px\" class=\"wp-caption alignright\"><a href=\"https:\/\/diarioelpopular.com\/wp-content\/uploads\/2011\/11\/FOTO-1-Silvio-P%C3%85%C2%A0en-Krampert.jpg\"><img loading=\"lazy\" decoding=\"async\" aria-describedby=\"caption-attachment-19732\" class=\"size-medium wp-image-19732\" title=\"Silvio Petrtescu\" src=\"https:\/\/diarioelpopular.com\/wp-content\/uploads\/2011\/11\/FOTO-1-Silvio-P%C3%85%C2%A0en-Krampert-190x300.jpg\" alt=\"\" width=\"190\" height=\"300\" \/><\/a><p id=\"caption-attachment-19732\" class=\"wp-caption-text\">Una sorpresa en nuestras ligas recreacionales al \u00e1rbitro FIFA Silvio Petrtescu, en la foto con el joven r\u00e9feri Bralden Krampert<\/p><\/div>\n<p>La importancia de una buena informaci\u00f3n es primordial en las organizaciones deportivas que realizan los torneos de futbol, o indoor soccer, en nuestra comunidad. Los colegios que les arriendan sus gimnasios tienen una programaci\u00f3n de actividades para todo el a\u00f1o y es necesario que los dirigentes deportivos tengan la comunicaci\u00f3n constante con las autoridades escolares para tener la garant\u00eda del uso de las instalaciones, no solo de la cancha, tambi\u00e9n de los camarines y ba\u00f1os para el p\u00fablico. Adem\u00e1s que la informaci\u00f3n precisa sea la necesaria para hacer las programaciones de las correspondientes fechas. Eso facilita la publicaci\u00f3n de horarios correctos lo que permite a los \u201cbuenos jugadores\u201d que se movilicen de un gimnasio a otro en un mismo d\u00eda y los jugadores que no son tan buenos\u2026 tambi\u00e9n.<\/p>\n<p>Una agradable sorpresa fue ver al r\u00e9feri FIFA, Silvio Petresku dirigiendo partidos en el torneo de la liga \u201cCentro Sur La Original\u201d. Indudablemente que un \u00e1rbitro de esa categor\u00eda es prenda de garant\u00eda en los encuentros que dirija. Petresku ha dirigido partidos en diferentes canchas del mundo, tambi\u00e9n lo hemos visto dirigiendo encuentros internacionales en el estadio de Toronto.<\/p>\n<div id=\"attachment_19734\" style=\"width: 175px\" class=\"wp-caption alignleft\"><a href=\"https:\/\/diarioelpopular.com\/wp-content\/uploads\/2011\/11\/FOTO-2-BRIZUELA.jpg\"><img loading=\"lazy\" decoding=\"async\" aria-describedby=\"caption-attachment-19734\" class=\"size-medium wp-image-19734 \" title=\"Carlos Brizuela\" src=\"https:\/\/diarioelpopular.com\/wp-content\/uploads\/2011\/11\/FOTO-2-BRIZUELA-235x300.jpg\" alt=\"\" width=\"165\" height=\"210\" \/><\/a><p id=\"caption-attachment-19734\" class=\"wp-caption-text\">Don Carlos Brizuela no tuvo actividad el d\u00eda s\u00e1bado pasado, debi\u00f3 informar a los equipos de la suspensi\u00f3n<\/p><\/div>\n<p>Don Carlos Brizuela, dirigente principal de la \u201cLiga Burocr\u00e1tica Comercial\u201d donde se compite por el \u201cTorneo T\u00edpico Centroamericano\u201d, nos inform\u00f3 debidamente que la jornada sabatina de la quinta fecha se hab\u00eda suspendido por el uso del gimnasio del \u201cSt. Basil The Great College\u201d en una actividad interna del colegio. Al parecer la direcci\u00f3n escolar no se comunic\u00f3 oportunamente, por lo que se debi\u00f3 avisar a los representantes de los equipos que los partidos estaban suspendidos. Nos comunicaba Don Carlos que la fecha se jugara igual a como estuvo programada, con excepci\u00f3n de los partidos del d\u00eda viernes, que es publicada como es habitual en las p\u00e1ginas deportivas de la presente edici\u00f3n.<\/p>\n<div id=\"attachment_19737\" style=\"width: 220px\" class=\"wp-caption alignright\"><a href=\"https:\/\/diarioelpopular.com\/wp-content\/uploads\/2011\/11\/FOTO-3-RONALDINHO.jpg\"><img loading=\"lazy\" decoding=\"async\" aria-describedby=\"caption-attachment-19737\" class=\"size-full wp-image-19737 \" title=\"Ronaldinho\" src=\"https:\/\/diarioelpopular.com\/wp-content\/uploads\/2011\/11\/FOTO-3-RONALDINHO.jpg\" alt=\"\" width=\"210\" height=\"210\" \/><\/a><p id=\"caption-attachment-19737\" class=\"wp-caption-text\">A Ronaldinho Gaucho, lo atacaron \u201cpiratas inform\u00e1ticos\u201d<\/p><\/div>\n<p><strong>Ronaldinho, en juego de manos en un video subido a la web.<\/strong> El futbolista brasile\u00f1o Ronaldinho Ga\u00facho puso una denuncia en la Polic\u00eda para que se investigue a los responsables por filtrar en internet un v\u00eddeo en el que supuestamente aparece el futbolista brasile\u00f1o masturb\u00e1ndose y que, seg\u00fan \u00e9l, es un montaje. El jugador dijo que el video es &#8220;ofensivo y de mal gusto&#8221; y asegur\u00f3 que llevar\u00e1 a los responsables a la Justicia cuando sean identificados, seg\u00fan un comunicado difundido por Flamengo, club donde milita. Ronaldinho tambi\u00e9n afirm\u00f3 que su sitio web fue invadido por piratas inform\u00e1ticos, lo que considera &#8220;mucha coincidencia&#8221;, por lo que pidi\u00f3 a las autoridades que investiguen la posibilidad de que exista una relaci\u00f3n entre ambos episodios. El v\u00eddeo, que caus\u00f3 un gran revuelo en Brasil, muestra aparentemente a Ronaldinho grab\u00e1ndose mientras se masturba, pero la calidad de las im\u00e1genes es muy baja y no se puede corroborar su autenticidad.<\/p>\n<div id=\"attachment_19740\" style=\"width: 268px\" class=\"wp-caption alignleft\"><a href=\"https:\/\/diarioelpopular.com\/wp-content\/uploads\/2011\/11\/FOTO-4-Saul-%C3%85%C2%A0a-FRC-Capop.jpg\"><img loading=\"lazy\" decoding=\"async\" aria-describedby=\"caption-attachment-19740\" class=\"size-medium wp-image-19740\" title=\"Sa\u00fal Varela\" src=\"https:\/\/diarioelpopular.com\/wp-content\/uploads\/2011\/11\/FOTO-4-Saul-%C3%85%C2%A0a-FRC-Capop-258x300.jpg\" alt=\"\" width=\"258\" height=\"300\" \/><\/a><p id=\"caption-attachment-19740\" class=\"wp-caption-text\">Don Sa\u00fal Varela de la liga \u201cCentro Sur La Original\u201d atiende a Hudson Ferraz, jugador y representante del elenco \u201cF.C. Capop\u201d<\/p><\/div>\n<p>Don Sa\u00fal Varela, nos inform\u00f3 de que no contin\u00faa la categor\u00eda Veteranos, por incumplimiento de algunos equipo y por el problema disciplinario ocurrido en una jornada anterior, el torneo sigue con las categor\u00edas Adultos, M\u00e1ster, S\u00faper M\u00e1ster y la categor\u00eda 95-96 que inicia pronto la disputa por los puntos. Seg\u00fan los resultados hasta la cuarta fecha los equipo que est\u00e1n en la parte alta de la tabla de posiciones y los goleadores son:<\/p>\n<ul>\n<li><strong>En Adultos:<\/strong> Copihues Rojos (12), Argentina Mza (9), Ciudad de Quito (9) y Montevideo Wanderers (9). Goleadores: Diego Gonz\u00e1lez (Montevideo Wanderers) 9 goles y Julio Oertel (Jane y Finch) 9 goles.<\/li>\n<li><strong>En M\u00e1ster<\/strong> est\u00e1n arriba Esmeralda Sporting (12), Sur Latino (12) y L.D.U. (9) Goleador: Martin Ortubia (Esmeralda Sporting).<\/li>\n<li><strong>En S\u00faper M\u00e1ster,<\/strong> empatados en el primer lugar con siete puntos cada uno, Esmeralda Sporting, Cerro Porte\u00f1o y F.C. Capop, Goleador: Juan Carlos Sampogna (Esmeralda Sporting) 8 goles.<\/li>\n<\/ul>\n<p><strong>El chileno Alexis S\u00e1nchez del \u201cBarcelona F.C.\u201d ya est\u00e1 en condiciones.<\/strong> El t\u00e9cnico de FC Barcelona Josep Guardiola se refiri\u00f3 en rueda de prensa a la condici\u00f3n f\u00edsica que presenta el delantero chileno Alexis S\u00e1nchez, quien poco a poco ha ido sumando minutos con la camiseta azulgrana tras m\u00e1s de un mes de receso obligado por lesi\u00f3n. S\u00e1nchez fue titular con la selecci\u00f3n chilena en la victoria frente a Paraguay, adem\u00e1s particip\u00f3 de la victoria de Barcelona frente al AC Mil\u00e1n por la Champions League. Ante este escenario, el DT adelanta que el nacional ya est\u00e1 en condiciones para estar 90 minutos sobre el terreno de juego.<\/p>\n<div id=\"attachment_19744\" style=\"width: 250px\" class=\"wp-caption alignright\"><a href=\"https:\/\/diarioelpopular.com\/wp-content\/uploads\/2011\/11\/FOTO-5-ALEXIS-SANCHEZ.jpg\"><img loading=\"lazy\" decoding=\"async\" aria-describedby=\"caption-attachment-19744\" class=\"size-medium wp-image-19744 \" title=\"Alexis S\u00e1nchez\" src=\"https:\/\/diarioelpopular.com\/wp-content\/uploads\/2011\/11\/FOTO-5-ALEXIS-SANCHEZ-300x202.jpg\" alt=\"\" width=\"240\" height=\"162\" \/><\/a><p id=\"caption-attachment-19744\" class=\"wp-caption-text\">El director t\u00e9cnico del Bar\u00e7a cree que el jugador Alexis S\u00e1nchez ya esta condiciones para jugar los 90 minutos<\/p><\/div>\n<p>&#8220;Si ya jug\u00f3 90 minutos con Chile hace d\u00edas atr\u00e1s, seguro que estar\u00e1 a\u00fan mejor ahora&#8221;, indic\u00f3. &#8220;Lo importante es que Alexis est\u00e9 recuperado de la lesi\u00f3n. Ya est\u00e1 bien y en Mil\u00e1n se pudo ver&#8221;, coment\u00f3. Guardiola necesita de un plantel \u00f3ptimo f\u00edsicamente ante el exigente calendario que se le avecinan. Entre sus duelos m\u00e1s destacados, est\u00e1 el cl\u00e1sico espa\u00f1ol frente a Real Madrid (10 de diciembre) y el Mundial de Clubes comienza el 8 de diciembre.<\/p>\n<div id=\"attachment_19746\" style=\"width: 212px\" class=\"wp-caption alignleft\"><a href=\"https:\/\/diarioelpopular.com\/wp-content\/uploads\/2011\/11\/FOTO-6-Daniel-%C3%85%C2%A0rgas-Cuenca.jpg\"><img loading=\"lazy\" decoding=\"async\" aria-describedby=\"caption-attachment-19746\" class=\"size-medium wp-image-19746\" title=\"Daniel Vargas\" src=\"https:\/\/diarioelpopular.com\/wp-content\/uploads\/2011\/11\/FOTO-6-Daniel-%C3%85%C2%A0rgas-Cuenca-202x300.jpg\" alt=\"\" width=\"202\" height=\"300\" \/><\/a><p id=\"caption-attachment-19746\" class=\"wp-caption-text\">En el torneo juvenil 95-96 de \u201cLa Original\u201d destaca el jugador del \u201cDeportivo Cuenca\u201d Daniel Vargas<\/p><\/div>\n<p>Un gran atractivo son los partidos preparatorios que se est\u00e1n jugando en el torneo de la liga \u201cCentro Sur La Original\u201d en la categor\u00eda juvenil 95-96. Los cuatro equipos que hemos visto hasta el momento han demostrado una gran t\u00e9cnica y juego de conjunto, adem\u00e1s de la rapidez propia de la edad y la innata habilidad de la mayor\u00eda de los jugadores. Nos comentaba don Sa\u00fal Varela que necesita un equipo m\u00e1s de esta divisi\u00f3n y de seguro que el torneo \u201cTaca Airlines\u201d tendr\u00e1 un gran torneo de j\u00f3venes promesas.<\/p>\n<div id=\"attachment_19749\" style=\"width: 256px\" class=\"wp-caption alignright\"><a href=\"https:\/\/diarioelpopular.com\/wp-content\/uploads\/2011\/11\/FOTO-7-RENE-HIGUITA.jpg\"><img loading=\"lazy\" decoding=\"async\" aria-describedby=\"caption-attachment-19749\" class=\"size-medium wp-image-19749\" title=\"Ren\u00e9 Higuita\" src=\"https:\/\/diarioelpopular.com\/wp-content\/uploads\/2011\/11\/FOTO-7-RENE-HIGUITA-246x300.jpg\" alt=\"\" width=\"246\" height=\"300\" \/><\/a><p id=\"caption-attachment-19749\" class=\"wp-caption-text\">Recordamos el \u201cescorpi\u00f3n\u201d del colombiano Ren\u00e9 Higuita uno de los mas famosos arqueros de todos los tiempos<\/p><\/div>\n<p><strong>Recordando al gran arquero Ren\u00e9 Higuita.<\/strong> Jugador exc\u00e9ntrico en el sentido m\u00e1s amplio de la palabra, Ren\u00e9 Higuita se las arreglaba para imponer su ley en el \u00e1rea a pesar de sus 1,75 metros de estatura. Conocido como El Loco, su momento m\u00e1s memorable ser\u00e1 siempre la parada de escorpi\u00f3n que protagoniz\u00f3 en un partido frente a Inglaterra, cuando despej\u00f3 la pelota sobre la l\u00ednea de gol saltando y golpe\u00e1ndola con los talones. Fue en la selecci\u00f3n colombiana donde consigui\u00f3 sus mayores logros, con un total de 68 partidos como internacional y ocho goles, anotados en su mayor\u00eda en lanzamientos de falta. Higuita form\u00f3 parte del combinado cafetero que alcanz\u00f3 los octavos de final de Italia 1990, pero tuvo la desgracia de ser protagonista principal en la derrota de su selecci\u00f3n, al perder\u00a0la pelota cerca del mediocampo ante un Roger Milla que aprovech\u00f3 el regalo para marcar el tanto que acabar\u00eda dando la victoria a Camer\u00fan. En el f\u00fatbol de clubes, Higuita logr\u00f3 su mayor triunfo con el Atl\u00e9tico Nacional de Medell\u00edn, con el que\u00a0alz\u00f3 la Copa Libertadores en 1989 tras derrotar al Olimpia de Paraguay en la tanda de penales.<\/p>\n<div id=\"attachment_19753\" style=\"width: 289px\" class=\"wp-caption alignleft\"><a href=\"https:\/\/diarioelpopular.com\/wp-content\/uploads\/2011\/11\/FOTO-8-David-Pr%C3%85%C2%A0o-Sabrocito.jpg\"><img loading=\"lazy\" decoding=\"async\" aria-describedby=\"caption-attachment-19753\" class=\"size-medium wp-image-19753\" title=\"David Prado\" src=\"https:\/\/diarioelpopular.com\/wp-content\/uploads\/2011\/11\/FOTO-8-David-Pr%C3%85%C2%A0o-Sabrocito-279x300.jpg\" alt=\"\" width=\"279\" height=\"300\" \/><\/a><p id=\"caption-attachment-19753\" class=\"wp-caption-text\">David Prado sorprende con la velocidad que les impone a algunas jugadas para su equipo \u201cSabrocito F.C.\u201d<\/p><\/div>\n<p>En la categor\u00eda de \u201clos mas mayorcitos\u201d en los torneos de indoor soccer locales hay bastantes jugadores destacados que a pesar de los a\u00f1os y kilos dem\u00e1s siguen siendo atractivos en sus intervenciones, como es el caso de David Prado que pone un \u201critmo juvenil\u201d en sus arranques hacia el arco rival. En el torneo \u201cTaca Airlines\u201d Prado juega por el \u201cSabrocito F.C.\u201d.<\/p>\n<div id=\"attachment_19755\" style=\"width: 160px\" class=\"wp-caption alignright\"><a href=\"https:\/\/diarioelpopular.com\/wp-content\/uploads\/2011\/11\/FOTO-9-LIONEL-MESSI.jpg\"><img loading=\"lazy\" decoding=\"async\" aria-describedby=\"caption-attachment-19755\" class=\"size-thumbnail wp-image-19755\" title=\"Lionel Messi participar\u00e1 en un programa antidopaje\" src=\"https:\/\/diarioelpopular.com\/wp-content\/uploads\/2011\/11\/FOTO-9-LIONEL-MESSI-150x150.jpg\" alt=\"\" width=\"150\" height=\"150\" \/><\/a><p id=\"caption-attachment-19755\" class=\"wp-caption-text\">Lionel Messi participar\u00e1 en un programa antidopaje que promueve la FIFA<\/p><\/div>\n<p><strong>Dos estrellas para el programa antidopaje de la FIFA.<\/strong> Lionel Messi y Neymar participar\u00e1n en un nuevo programa antidopaje para implementar un pasaporte biol\u00f3gico en el futbol, anunci\u00f3 la FIFA. Todos los jugadores que participar\u00e1n en el Mundial de Clubes en diciembre en Jap\u00f3n dar\u00e1n muestras de sangre de antemano para ayudar a los laboratorios a preparar sus perfiles biol\u00f3gicos. Los resultados de las pruebas realizadas a los futbolistas elegidos en los controles antidopaje durante el torneo ser\u00e1n comparados con las muestras tomadas antes de la competencia. \u201cLa FIFA revis\u00f3 recientemente los procedimientos antidopaje en el futbol y decidi\u00f3 implementar algo nuevo&#8221;, se\u00f1al\u00f3 el organismo rector del futbol mundial. &#8220;La nueva meta principal ser\u00e1 obtener un perfil de esteroides de cada jugador&#8221;. La FIFA anunci\u00f3 el proyecto piloto al mismo tiempo que se realiz\u00f3 el sorteo para el Mundial de Clubes que se disputar\u00e1 del 8 al 18 de diciembre en Jap\u00f3n, y en el que participar\u00e1n siete clubes, entre ellos el Barcelona de Messi, el Santos de Neymar y Monterrey. El Barsa y Santos tienen boletos directos a las semifinales del campeonato. Todos los equipos tendr\u00e1n que informar sobre sus paraderos para poder entregar sus muestras.<\/p>\n<div id=\"attachment_19757\" style=\"width: 310px\" class=\"wp-caption alignleft\"><a href=\"https:\/\/diarioelpopular.com\/wp-content\/uploads\/2011\/11\/FOTO-10-YERBA-B%C3%85%C2%A0BUROCRATICA.jpg\"><img loading=\"lazy\" decoding=\"async\" aria-describedby=\"caption-attachment-19757\" class=\"size-medium wp-image-19757\" title=\"Yerba Brava\" src=\"https:\/\/diarioelpopular.com\/wp-content\/uploads\/2011\/11\/FOTO-10-YERBA-B%C3%85%C2%A0BUROCRATICA-300x225.jpg\" alt=\"\" width=\"300\" height=\"225\" \/><\/a><p id=\"caption-attachment-19757\" class=\"wp-caption-text\">La escuadra \u201cYerba Brava&quot; que participa en la liga \u201cBurocr\u00e1tica Comercial\u201d en la categor\u00eda de adultos<\/p><\/div>\n<p>Un equipo que se destaca por su seriedad en los partidos que juega en la liga \u201cBurocr\u00e1tica Comercial es el elenco de \u201cYerba Brava\u201d que hasta la tercera fecha se mantiene invicto, junto a los equipos \u201cJohnnie Walker\u201d y Estrella Roja\u201d, elencos de la categor\u00eda Adultos integrantes del grupo B. En la fecha del s\u00e1bado pr\u00f3ximo se enfrentar\u00e1 precisamente a otro puntero \u201cJohnnie Walker\u201d en un partido que es seguro que \u201csacar\u00e1 chispas\u201d.<\/p>\n<div id=\"attachment_19760\" style=\"width: 246px\" class=\"wp-caption alignright\"><a href=\"https:\/\/diarioelpopular.com\/wp-content\/uploads\/2011\/11\/FOTO-11-SEBASTIAN-ABREU.jpg\"><img loading=\"lazy\" decoding=\"async\" aria-describedby=\"caption-attachment-19760\" class=\"size-medium wp-image-19760\" title=\"Sebastian \u201cEl Loco\u201d Abreu\" src=\"https:\/\/diarioelpopular.com\/wp-content\/uploads\/2011\/11\/FOTO-11-SEBASTIAN-ABREU-236x300.jpg\" alt=\"\" width=\"236\" height=\"300\" \/><\/a><p id=\"caption-attachment-19760\" class=\"wp-caption-text\">Sebastian \u201cEl Loco\u201d Abreu recibi\u00f3 un homenaje de su club el \u201cBotafogo\u201d brasilero<\/p><\/div>\n<p><strong>Sebasti\u00e1n Abreu es un loco premiado, es un \u201cLoco Lindo\u201d.<\/strong> El atacante uruguayo Sebasti\u00e1n Abreu recibi\u00f3 el t\u00edtulo de ciudadano del estado de Rio de Janeiro, en un nuevo homenaje de la ciudad donde defiende los colores del club carioca Botafogo. El t\u00edtulo le fue entregado por la Asamblea Legislativa estatal en agradecimiento al &#8220;aprecio&#8221; que tiene por Brasil, que lo ve como &#8220;el mayor \u00eddolo contempor\u00e1neo del club&#8221;, seg\u00fan dijo el diputado Alexandre Jos\u00e9 Adriano. promotor de la iniciativa. &#8220;Y es \u00eddolo tambi\u00e9n de otras hinchadas, que aprendieron a admirarlo. Cuando Uruguay fue campe\u00f3n de la Copa Am\u00e9rica este a\u00f1o, \u00e9l conmemor\u00f3 en el campo con la bandera del Botafogo, mostrando aprecio por Brasil. Por eso considero este homenaje m\u00e1s que justo, \u00e9l trabaja aqu\u00ed, tiene nuestra identidad&#8221;, a\u00f1adi\u00f3 el parlamentario. El carism\u00e1tico jugador, que ya recibi\u00f3 la semana pasada el t\u00edtulo de ciudadano de la ciudad de R\u00edo por la C\u00e1mara Municipal, celebr\u00f3 emocionado y asegur\u00f3 que a partir de ahora ser\u00e1 &#8220;m\u00e1s carioca&#8221;. &#8220;Es una ciudad que va a quedar para siempre en mi coraz\u00f3n y en el de mi familia&#8221;, agreg\u00f3 desde un podio que luc\u00eda la bandera uruguaya. Abreu juega en el &#8216;Fogao&#8217; desde 2010 y ha anotado 51 goles en 84 juegos.<\/p>\n<div id=\"attachment_19762\" style=\"width: 176px\" class=\"wp-caption alignleft\"><a href=\"https:\/\/diarioelpopular.com\/wp-content\/uploads\/2011\/11\/FOTO-12-William-Lemos.jpg\"><img loading=\"lazy\" decoding=\"async\" aria-describedby=\"caption-attachment-19762\" class=\"size-medium wp-image-19762\" title=\"William Lemos\" src=\"https:\/\/diarioelpopular.com\/wp-content\/uploads\/2011\/11\/FOTO-12-William-Lemos-166x300.jpg\" alt=\"\" width=\"166\" height=\"300\" \/><\/a><p id=\"caption-attachment-19762\" class=\"wp-caption-text\">Un portero respetado por sus extraordinarias condiciones es William Lemos jugador del \u201cEsmeralda Sporting\u201d<\/p><\/div>\n<p>Con una trayectoria extraordinaria con participaci\u00f3n, por a\u00f1os en los m\u00e1s destacados equipos que participan, y han participado, en los torneos de nuestra comunidad hispana El portero William Lemos juega actualmente el elenco \u201cEsmeralda Sporting\u201d de la categor\u00eda S\u00faper M\u00e1ster que esta puntero y solo le han convertido cuatro goles. Una verdadera muralla en el arco de su equipo.<\/p>\n<div id=\"attachment_19764\" style=\"width: 210px\" class=\"wp-caption alignright\"><a href=\"https:\/\/diarioelpopular.com\/wp-content\/uploads\/2011\/11\/FOTO-13-DANIEL-OSVALDO.jpg\"><img loading=\"lazy\" decoding=\"async\" aria-describedby=\"caption-attachment-19764\" class=\"size-full wp-image-19764\" title=\"Daniel Osvaldo\" src=\"https:\/\/diarioelpopular.com\/wp-content\/uploads\/2011\/11\/FOTO-13-DANIEL-OSVALDO.jpg\" alt=\"\" width=\"200\" height=\"250\" \/><\/a><p id=\"caption-attachment-19764\" class=\"wp-caption-text\">Al parecer el jugador argentino Daniel Osvaldo que milita en La \u201cRoma\u201d tiene mal genio, golpe\u00f3 a un compa\u00f1ero de equipo<\/p><\/div>\n<p><strong>El argentino Osvaldo, castigado por peleador.<\/strong> La Roma suspendi\u00f3 por diez d\u00edas a su delantero argentino Pablo Daniel Osvaldo por agredir a su compa\u00f1ero de equipo y compatriota Erik Lamela tras el \u00faltimo partido de la Serie A, seg\u00fan se inform\u00f3 en un portal de internet. Osvaldo habr\u00eda golpeado a Lamela en la cara en los vestuarios del estadio del Udinese, donde la Roma perdi\u00f3 2-0 el viernes reci\u00e9n pasado. Osvaldo, figura clave del ataque romanista con cinco tantos y que por su buena campa\u00f1a fue convocado por la selecci\u00f3n italiana, no podr\u00e1 jugar el 4 de diciembre ante Fiorentina. Podr\u00eda tener consecuencias tambi\u00e9n a nivel de la selecci\u00f3n. El t\u00e9cnico espa\u00f1ol Luis Enrique, presente en el incidente, pidi\u00f3 tambi\u00e9n a la Roma que le aplique una multa a Osvaldo. El director general de la Roma, Franco Baldini, confirm\u00f3 lo ocurrido, al se\u00f1alar que &#8220;hubo una falta de respeto de Osvaldo hacia un compa\u00f1ero y, por petici\u00f3n del t\u00e9cnico, el jugador ser\u00e1 sancionado&#8221;, expres\u00f3 a los medios informativos.<\/p>\n<div id=\"attachment_19766\" style=\"width: 310px\" class=\"wp-caption alignleft\"><a href=\"https:\/\/diarioelpopular.com\/wp-content\/uploads\/2011\/11\/FOTO-14-LA-RAZ%C3%85%C2%A0BUROCRATICA.jpg\"><img loading=\"lazy\" decoding=\"async\" aria-describedby=\"caption-attachment-19766\" class=\"size-medium wp-image-19766\" title=\"\u201cLa Raza\u201d\" src=\"https:\/\/diarioelpopular.com\/wp-content\/uploads\/2011\/11\/FOTO-14-LA-RAZ%C3%85%C2%A0BUROCRATICA-300x182.jpg\" alt=\"\" width=\"300\" height=\"182\" \/><\/a><p id=\"caption-attachment-19766\" class=\"wp-caption-text\">\u201cLa Raza\u201d elenco que juega en el torneo \u201cT\u00edpico Centroamericano\u201d de don Carlos Brizuela<\/p><\/div>\n<p>Un gran equipo es \u201cLa Raza\u201d en el torneo \u201cT\u00edpico Centroamericano\u201d pero no ha tenido fortuna en el inicio de esta temporada, ha jugado tres lances, con un empate y dos derrotas. El equipo es un combinado de j\u00f3venes con experimentados y seguramente tendr\u00e1n m\u00e1s satisfacciones a medida que transcurra el torneo.<\/p>\n<p><strong>Mauricio \u201cEl Huaso\u201d Isla en la mira de equipos espa\u00f1oles.<\/strong> Catalogado como uno de los mejores carrileros de la Serie A, el chileno Mauricio Isla contin\u00faa acumulando pretendientes. Los dos \u00faltimos disputan la Liga espa\u00f1ola.<\/p>\n<p>El pasado mes de septiembre, Mauricio Isla aprovech\u00f3 la disputa del partido amistoso que enfrentaba a las selecciones de Espa\u00f1a y Chile para mostrar al p\u00fablico espa\u00f1ol su explosiva mezcla de potencia y calidad y su sensacional golpeo de bal\u00f3n (firm\u00f3 un golazo con un disparo cruzado que hizo in\u00fatil la estirada de Iker Casillas).<\/p>\n<div id=\"attachment_19768\" style=\"width: 310px\" class=\"wp-caption alignright\"><a href=\"https:\/\/diarioelpopular.com\/wp-content\/uploads\/2011\/11\/FOTO-15-MAURICIO-ISLA.jpg\"><img loading=\"lazy\" decoding=\"async\" aria-describedby=\"caption-attachment-19768\" class=\"size-full wp-image-19768\" title=\"Mauricio Isla\" src=\"https:\/\/diarioelpopular.com\/wp-content\/uploads\/2011\/11\/FOTO-15-MAURICIO-ISLA.jpg\" alt=\"\" width=\"300\" height=\"180\" \/><\/a><p id=\"caption-attachment-19768\" class=\"wp-caption-text\">El chileno Mauricio Isla, jugador del \u201cUdinese\u201d, es ambicionado por equipos de Espa\u00f1a<\/p><\/div>\n<p>Aquel encuentro fue s\u00f3lo una muestra m\u00e1s del talento que ha derrochado este joven carrilero de 23 a\u00f1os desde que aterriz\u00f3 en las filas del Udinese (115 partidos, 4 goles), escuadra que apost\u00f3 por \u00e9l cuando apenas hab\u00eda dado sus primeros pasos con el Universidad Cat\u00f3lica de Chile. Aunque el cuadro de Friuli est\u00e1 peleando por el Scudetto y no tiene intenci\u00f3n de abrir la puerta a sus estrellas, varios equipos europeos han comenzado a tantear la contrataci\u00f3n del polivalente lateral zurdo. Entre ellos figuran Real Madrid y el Bayern M\u00fanich pero la lista crece considerablemente con el paso de las semanas. De hecho, una informaci\u00f3n filtrada asegura que dos importantes escuadras de nuestra Liga, Sevilla y Villarreal, han marcado a Isla como uno de sus objetivos prioritarios para el mercado invernal. Su misi\u00f3n se antoja m\u00e1s que complicada.<\/p>\n<div id=\"attachment_19770\" style=\"width: 209px\" class=\"wp-caption alignleft\"><a href=\"https:\/\/diarioelpopular.com\/wp-content\/uploads\/2011\/11\/FOTO-16-Gerardo%C3%85%C2%A0Acha-y-tiza.jpg\"><img loading=\"lazy\" decoding=\"async\" aria-describedby=\"caption-attachment-19770\" class=\"size-medium wp-image-19770\" title=\"Gerardo Magno\" src=\"https:\/\/diarioelpopular.com\/wp-content\/uploads\/2011\/11\/FOTO-16-Gerardo%C3%85%C2%A0Acha-y-tiza-199x300.jpg\" alt=\"\" width=\"199\" height=\"300\" \/><\/a><p id=\"caption-attachment-19770\" class=\"wp-caption-text\">Reapareci\u00f3 el inquieto Gerardo Magno en el torneo \u201cTaca Airlines\u201d jugando por el equipo \u201cAcha y Tiza\u201d<\/p><\/div>\n<p>\u201cLa sangre tira y fuerte\u201d se puede decir de Gerardo Magno que nuevamente lo hemos visto por el gimnasio \u201cWest Humbert College\u201d donde se juega el torneo \u201cTaca Airlines\u201d participando por el equipo \u201cAcha y Tiza\u201d con la fuerza de siempre aunque con mas a\u00f1os y tambi\u00e9n m\u00e1s kilos. Pero el empuje y las ganas de la victoria siguen latentes en este empe\u00f1oso \u201cjovencito\u201d de la categor\u00eda S\u00faper M\u00e1ster.<\/p>\n<div id=\"attachment_19773\" style=\"width: 147px\" class=\"wp-caption alignright\"><a href=\"https:\/\/diarioelpopular.com\/wp-content\/uploads\/2011\/11\/FOTO-17-Luis-Po%C3%85%C2%A0orting-Club.jpg\"><img loading=\"lazy\" decoding=\"async\" aria-describedby=\"caption-attachment-19773\" class=\"size-medium wp-image-19773\" title=\"Luis Porras\" src=\"https:\/\/diarioelpopular.com\/wp-content\/uploads\/2011\/11\/FOTO-17-Luis-Po%C3%85%C2%A0orting-Club-137x300.jpg\" alt=\"\" width=\"137\" height=\"300\" \/><\/a><p id=\"caption-attachment-19773\" class=\"wp-caption-text\">Luis Porras, importante jugador del elenco \u201cVald\u00e9s Sporting Club\u201d en la liga \u201cCentro Sur La Original\u201d<\/p><\/div>\n<p>La escuadra de \u201cVald\u00e9s Sporting Club\u201d que aun no conoce de triunfos, en las tres fechas jugadas (dos derrotas y un empate) tiene valores importantes en sus filas, jugadores que se entregan por completo cada vez que ingresan a la cancha, como es el caso de Luis Porras, que espera intranquilo el momento de poder entrar a jugar. El equipo \u201cVald\u00e9s Sporting Club\u201d participa en la categor\u00eda M\u00e1ster.<\/p>\n<p><strong>Las vueltas del futuro de Kak\u00e1.<\/strong> Despu\u00e9s de especularse con un adi\u00f3s incluso por medio de un posible intercambio con el Manchester City por Emmanuel Adebayor, los \u00faltimos rumores apuntan a un retorno a Brasil. Varios son los futbolistas brasile\u00f1os que a lo largo de los \u00faltimos a\u00f1os han abandonado el f\u00fatbol europeo a fin de regresar a Brasil, pa\u00eds donde dieron sus primeros pasos futbol\u00edsticos y en el que tienen una exigencia mucho menor que en una liga de primer nivel.<\/p>\n<div id=\"attachment_19774\" style=\"width: 310px\" class=\"wp-caption alignleft\"><a href=\"https:\/\/diarioelpopular.com\/wp-content\/uploads\/2011\/11\/FOTO-18-KAKA.jpg\"><img loading=\"lazy\" decoding=\"async\" aria-describedby=\"caption-attachment-19774\" class=\"size-medium wp-image-19774 \" title=\"Kak\u00e1\" src=\"https:\/\/diarioelpopular.com\/wp-content\/uploads\/2011\/11\/FOTO-18-KAKA-300x202.jpg\" alt=\"\" width=\"300\" height=\"202\" \/><\/a><p id=\"caption-attachment-19774\" class=\"wp-caption-text\">Al parecer el jugador brasilero del \u201cReal Madrid\u201d, Kak\u00e1 volver\u00eda a su pa\u00eds<\/p><\/div>\n<p>Ahora, el siguiente futbolista canarinho que podr\u00eda abandonar el continente europeo para volver a su pa\u00eds es el atacante de 28 a\u00f1os Kak\u00e1, futbolista que desde su desembarco en el Real Madrid a cambio de 65 millones de euros no ha mostrado el nivel esperado y sobre cuyo futuro se especula desde hace meses.<\/p>\n<p>Y su destino podr\u00eda encontrarse en el Sao Paulo. El motivo de esta situaci\u00f3n son las palabras del propio director de f\u00fatbol del cuadro tricolor Joao Paulo de Jes\u00fas L\u00f3pez, con las que afirm\u00f3 que se est\u00e1 trabajando en un desembarco que ser\u00eda una aut\u00e9ntica \u00abbomba at\u00f3mica\u00bb, lo cual ha dado lugar a la proliferaci\u00f3n de rumores acerca de qui\u00e9n podr\u00eda ser el futbolista elegido. Y muchas son las voces que apuntan que el elegido no es otro que Kak\u00e1.<\/p>\n<p>Nos vemos la pr\u00f3xima semana en las notas del futbol hispano.<\/p>\n","protected":false},"excerpt":{"rendered":"<p>La importancia de una buena informaci\u00f3n es primordial en las organizaciones deportivas que realizan los torneos de futbol, o indoor soccer, en nuestra comunidad. Los&hellip;<\/p>\n","protected":false},"author":1,"featured_media":19768,"comment_status":"closed","ping_status":"open","sticky":false,"template":"","format":"standard","meta":{"footnotes":""},"categories":[28],"tags":[657],"class_list":["post-19729","post","type-post","status-publish","format-standard","has-post-thumbnail","hentry","category-deportes","tag-futbol-hispano"],"_links":{"self":[{"href":"https:\/\/diarioelpopular.com\/index.php\/wp-json\/wp\/v2\/posts\/19729","targetHints":{"allow":["GET"]}}],"collection":[{"href":"https:\/\/diarioelpopular.com\/index.php\/wp-json\/wp\/v2\/posts"}],"about":[{"href":"https:\/\/diarioelpopular.com\/index.php\/wp-json\/wp\/v2\/types\/post"}],"author":[{"embeddable":true,"href":"https:\/\/diarioelpopular.com\/index.php\/wp-json\/wp\/v2\/users\/1"}],"replies":[{"embeddable":true,"href":"https:\/\/diarioelpopular.com\/index.php\/wp-json\/wp\/v2\/comments?post=19729"}],"version-history":[{"count":0,"href":"https:\/\/diarioelpopular.com\/index.php\/wp-json\/wp\/v2\/posts\/19729\/revisions"}],"wp:featuredmedia":[{"embeddable":true,"href":"https:\/\/diarioelpopular.com\/index.php\/wp-json\/"}],"wp:attachment":[{"href":"https:\/\/diarioelpopular.com\/index.php\/wp-json\/wp\/v2\/media?parent=19729"}],"wp:term":[{"taxonomy":"category","embeddable":true,"href":"https:\/\/diarioelpopular.com\/index.php\/wp-json\/wp\/v2\/categories?post=19729"},{"taxonomy":"post_tag","embeddable":true,"href":"https:\/\/diarioelpopular.com\/index.php\/wp-json\/wp\/v2\/tags?post=19729"}],"curies":[{"name":"wp","href":"https:\/\/api.w.org\/{rel}","templated":true}]}}