{"id":198413,"date":"2012-02-06T21:41:44","date_gmt":"2012-02-07T02:41:44","guid":{"rendered":"http:\/\/diarioelpopular.com\/?p=198413"},"modified":"2012-02-06T21:41:44","modified_gmt":"2012-02-07T02:41:44","slug":"el-asesino-de-oslo-pide-una-medalla-y-que-le-liberen","status":"publish","type":"post","link":"https:\/\/diarioelpopular.com\/index.php\/2012\/02\/06\/el-asesino-de-oslo-pide-una-medalla-y-que-le-liberen\/","title":{"rendered":"El asesino de Oslo pide una medalla y que le liberen"},"content":{"rendered":"<div id=\"attachment_198414\" style=\"width: 710px\" class=\"wp-caption aligncenter\"><a href=\"https:\/\/diarioelpopular.com\/wp-content\/uploads\/2012\/02\/ANDERS-BEHRING-BREIVIK.jpg\"><img loading=\"lazy\" decoding=\"async\" aria-describedby=\"caption-attachment-198414\" class=\"size-full wp-image-198414\" title=\"ANDERS BEHRING BREIVIK\" src=\"https:\/\/diarioelpopular.com\/wp-content\/uploads\/2012\/02\/ANDERS-BEHRING-BREIVIK.jpg\" alt=\"\" width=\"700\" height=\"420\" \/><\/a><p id=\"caption-attachment-198414\" class=\"wp-caption-text\">El ultraderechista noruego Anders Behring Breivik, en la sala de la Corte de Oslo que decidi\u00f3 sobre la prolongaci\u00f3n de la prisi\u00f3n provisional por doce semanas m\u00e1s al confeso autor de los atentados de Noruega en los que murieron 77 personas. Foto: Lise Aserud \/ Efe<\/p><\/div>\n<p><em><strong>Efe. Copenhague.-<\/strong><\/em> La Corte de Oslo decidi\u00f3 este lunes prolongar doce semanas m\u00e1s la prisi\u00f3n preventiva del ultraderechista Anders Behring\u00a0Breivik, autor confeso del doble <a href=\"https:\/\/diarioelpopular.com\/tag\/tragedia-en-noruega\/\">atentado del pasado 22 de julio en Noruega en el que murieron 77 personas<\/a>.<\/p>\n<p>La jueza justific\u00f3 su decisi\u00f3n en que\u00a0Breivik\u00a0ha reconocido los hechos, en su gravedad y en el peligro de que se repitan si es liberado.<\/p>\n<p>Al car\u00e1cter especial del caso aludi\u00f3 tambi\u00e9n para renovar la prisi\u00f3n preventiva por doce semanas y no por cuatro, como es usual.<\/p>\n<p>De este modo, queda garantizado que no ser\u00e1 puesto en libertad antes del inicio del juicio, fijado para el pr\u00f3ximo 16 de abril.<\/p>\n<p>En la vista celebrada antes,\u00a0Breivik, que por primera vez accedi\u00f3 a ser fotografiado, hab\u00eda pedido su puesta en libertad &#8220;inmediata&#8221; al considerarse inocente y hab\u00eda reclamado que se le condecore por lo que considera actos patri\u00f3ticos.<\/p>\n<p>En un manuscrito que llevaba consigo,\u00a0Breivik\u00a0dijo que actu\u00f3 &#8220;en una situaci\u00f3n de emergencia para mi pueblo, mi cultura y mi pa\u00eds&#8221;, amenazados por quienes considera defensores del multiculturalismo, que en su opini\u00f3n est\u00e1n destruyendo Noruega.<\/p>\n<p>&#8220;Los ataques contra el complejo gubernamental iban dirigidos contra traidores que cometen destrucci\u00f3n cultural, la deconstrucci\u00f3n del grupo \u00e9tnico noruego. Es lo mismo que limpieza \u00e9tnica noruega&#8221;, dijo\u00a0Breivik, lo que provoc\u00f3 algunas risas en el interior de la sala, donde estaban presentes supervivientes de los atentados.<\/p>\n<p>El fundamentalista cat\u00f3lico proclam\u00f3 su condici\u00f3n de &#8220;militante militarista, comandante de los Caballeros Templarios en Noruega&#8221;, y avis\u00f3 de que &#8220;el movimiento de resistencia noruego&#8221; seguir\u00e1 luchando contra los &#8220;traidores&#8221; del Partido Laborista, que ha gobernado este pa\u00eds escandinavo en los \u00faltimos a\u00f1os.<\/p>\n<p>Breivik\u00a0consider\u00f3 que el doble atentado hab\u00eda sido un &#8220;ataque preventivo&#8221; y que por \u00e9l merece la Cruz de Guerra con tres espadas, la m\u00e1s alta distinci\u00f3n por actos patri\u00f3ticos.<\/p>\n<p>La vista fue la segunda abierta al p\u00fablico de las cinco que se han realizado desde su detenci\u00f3n hace seis meses, pero la primera en la que\u00a0Breivik\u00a0accedi\u00f3 a ser fotografiado unos minutos, antes de quedar constituido el tribunal.<\/p>\n<p>Vestido con un traje oscuro y esposado,\u00a0Breivik\u00a0esboz\u00f3 una sonrisa al entrar en la sala e hizo un saludo fascista con sus brazos extendidos hacia adelante, como confirm\u00f3 luego su abogado.<\/p>\n<p>El ultraderechista noruego tild\u00f3 el informe psiqui\u00e1trico que se le ha hecho y que concluye que padece esquizofrenia, de &#8220;rid\u00edculo&#8221;.<\/p>\n<p>Breivik\u00a0reiter\u00f3 adem\u00e1s que no piensa someterse a nuevos ex\u00e1menes psiqui\u00e1tricos para el nuevo informe solicitado por los tribunales, aunque \u00e9stos pueden obligarle a hacerlo.<\/p>\n<p>El Supremo noruego deber\u00e1 decidir en los pr\u00f3ximos d\u00edas el recurso de\u00a0Breivik\u00a0contra el nombramiento de otros dos expertos distintos para realizarle un nuevo informe psiqui\u00e1trico.<\/p>\n<p>El informe anterior, hecho p\u00fablico en noviembre, hab\u00eda concluido que\u00a0Breivik\u00a0padec\u00eda &#8220;esquizofrenia paranoide&#8221;, lo que seg\u00fan las leyes noruegas impedir\u00eda una pena de c\u00e1rcel, que ser\u00eda sustituida por una condena a tratamiento psiqui\u00e1trico forzado.<\/p>\n<p>La corte de Oslo tambi\u00e9n tendr\u00e1 que decidir si\u00a0Breivik\u00a0es trasladado al hospital psiqui\u00e1trico de Dikemark, en los alrededores de la capital, o si en caso de que \u00e9ste no re\u00fana las medidas de seguridad necesarias, permanece en Ila para ser observado all\u00ed.<\/p>\n<p>Breivik\u00a0hizo estallar el pasado 22 de julio un coche bomba en el complejo gubernamental de Oslo, donde murieron ocho personas, e inmediatamente despu\u00e9s se traslad\u00f3 a la isla de Ut\u00f8ya, a 45 kil\u00f3metros de la capital, donde dispar\u00f3 de forma indiscriminada y mat\u00f3 a otras 69.<\/p>\n<p>La mayor\u00eda de las v\u00edctimas de Ut\u00f8ya eran adolescentes quen asist\u00edan al campamento de las Juventudes Laboristas.<\/p>\n","protected":false},"excerpt":{"rendered":"<p>La Corte de Oslo decidi\u00f3 este lunes prolongar doce semanas m\u00e1s la prisi\u00f3n preventiva del ultraderechista Anders Behring Breivik, autor confeso del doble atentado del pasado 22 de julio en Noruega en el que murieron 77 personas.<br \/>\n<a title=\"ESPECIAL: Tragedia en Noruega\" rel=\"bookmark\" href=\"http:\/\/diarioelpopular.com\/tag\/tragedia-en-noruega\/\"><span style=\"color: #000D54\"><strong>\u00bb ESPECIAL: Tragedia en Noruega<\/strong><\/span><\/a><\/p>\n","protected":false},"author":1,"featured_media":198414,"comment_status":"closed","ping_status":"open","sticky":false,"template":"","format":"standard","meta":{"footnotes":""},"categories":[24],"tags":[1474,1475,1476,1477],"class_list":["post-198413","post","type-post","status-publish","format-standard","has-post-thumbnail","hentry","category-mundo","tag-breivik","tag-noruega","tag-oslo","tag-tragedia-en-noruega"],"_links":{"self":[{"href":"https:\/\/diarioelpopular.com\/index.php\/wp-json\/wp\/v2\/posts\/198413","targetHints":{"allow":["GET"]}}],"collection":[{"href":"https:\/\/diarioelpopular.com\/index.php\/wp-json\/wp\/v2\/posts"}],"about":[{"href":"https:\/\/diarioelpopular.com\/index.php\/wp-json\/wp\/v2\/types\/post"}],"author":[{"embeddable":true,"href":"https:\/\/diarioelpopular.com\/index.php\/wp-json\/wp\/v2\/users\/1"}],"replies":[{"embeddable":true,"href":"https:\/\/diarioelpopular.com\/index.php\/wp-json\/wp\/v2\/comments?post=198413"}],"version-history":[{"count":0,"href":"https:\/\/diarioelpopular.com\/index.php\/wp-json\/wp\/v2\/posts\/198413\/revisions"}],"wp:featuredmedia":[{"embeddable":true,"href":"https:\/\/diarioelpopular.com\/index.php\/wp-json\/"}],"wp:attachment":[{"href":"https:\/\/diarioelpopular.com\/index.php\/wp-json\/wp\/v2\/media?parent=198413"}],"wp:term":[{"taxonomy":"category","embeddable":true,"href":"https:\/\/diarioelpopular.com\/index.php\/wp-json\/wp\/v2\/categories?post=198413"},{"taxonomy":"post_tag","embeddable":true,"href":"https:\/\/diarioelpopular.com\/index.php\/wp-json\/wp\/v2\/tags?post=198413"}],"curies":[{"name":"wp","href":"https:\/\/api.w.org\/{rel}","templated":true}]}}