{"id":19867,"date":"2011-11-30T22:59:32","date_gmt":"2011-12-01T03:59:32","guid":{"rendered":"http:\/\/diarioelpopular.com\/?p=19867"},"modified":"2011-11-30T22:59:32","modified_gmt":"2011-12-01T03:59:32","slug":"arrecia-la-guerra-diplomatica-entre-londres-y-teheran","status":"publish","type":"post","link":"https:\/\/diarioelpopular.com\/index.php\/2011\/11\/30\/arrecia-la-guerra-diplomatica-entre-londres-y-teheran\/","title":{"rendered":"Arrecia la guerra diplomatica entre Londres y Teher\u00e1n"},"content":{"rendered":"<div id=\"attachment_19868\" style=\"width: 710px\" class=\"wp-caption aligncenter\"><a href=\"https:\/\/diarioelpopular.com\/wp-content\/uploads\/2011\/12\/El-Reino-Unido-expulsa-a-los-diplom%C3%A1ticos-iran%C3%ADes.jpg\"><img loading=\"lazy\" decoding=\"async\" aria-describedby=\"caption-attachment-19868\" class=\"size-full wp-image-19868\" title=\"El Reino Unido expulsa a los diplom\u00e1ticos iran\u00edes\" src=\"https:\/\/diarioelpopular.com\/wp-content\/uploads\/2011\/12\/El-Reino-Unido-expulsa-a-los-diplom%C3%A1ticos-iran%C3%ADes.jpg\" alt=\"\" width=\"700\" height=\"420\" \/><\/a><p id=\"caption-attachment-19868\" class=\"wp-caption-text\">Oficiales de polic\u00eda brit\u00e1nicos hacen guardia frente a la sede de la Embajada de Ir\u00e1n en Londres, este mi\u00e9rcoles. Foto: Kerim Okten \/ Efe<\/p><\/div>\n<p><em><strong>Efe. Teher\u00e1n.-<\/strong><\/em> El Ministerio de Asuntos Exteriores de Ir\u00e1n orden\u00f3 la expulsi\u00f3n de todo el personal de la\u00a0embajada\u00a0brit\u00e1nica en Teher\u00e1n, en respuesta al cierre por el Reino Unido de la legaci\u00f3n iran\u00ed en Londres, seg\u00fan asegur\u00f3 este mi\u00e9rcoles la agencia local Mehr.<\/p>\n<p>Al mismo tiempo, la agencia Fars se\u00f1al\u00f3 que en las pr\u00f3ximas horas ser\u00edan expulsados por el Ministerio de Exteriores iran\u00ed los diplom\u00e1ticos y el resto del personal de laEmbajada\u00a0del Reino Unido en Teher\u00e1n, en uso del principio de reciprocidad en la diplomacia.<\/p>\n<p>El anuncio se produce horas despu\u00e9s de que el Reino Unido cerrara su\u00a0embajada\u00a0en Teher\u00e1n y evacuara de Ir\u00e1n a todo su personal diplom\u00e1tico, tras <a href=\"https:\/\/diarioelpopular.com\/2011\/11\/estudiantes-islamicos-asaltan-la-embajada-britanica-en-iran\/\">el asalto que sufrieron el martes dos de los recintos de su legaci\u00f3n<\/a> por parte de estudiantes isl\u00e1micos.<\/p>\n<p>Los asaltantes retuvieron como rehenes, durante horas, a parte del personal diplom\u00e1tico y empleados de la\u00a0embajada, hasta que fueron rescatados por la Polic\u00eda, quemaron la bandera brit\u00e1nica que ondeaba en el m\u00e1stil de la legaci\u00f3n, causaron destrozos y destruyeron y robaron documentaci\u00f3n, seg\u00fan una fuente europea.<\/p>\n<p>Tras la salida del \u00faltimo de sus diplom\u00e1ticos de Ir\u00e1n, el ministro brit\u00e1nico de Exteriores, William Hague, anunci\u00f3 hoy ante la C\u00e1mara de los Comunes que la\u00a0embajadade su pa\u00eds en Teher\u00e1n hab\u00eda sido cerrada y que todos los diplom\u00e1ticos iran\u00edes ten\u00edan 48 horas para abandonar el Reino Unido.<\/p>\n<p>Adem\u00e1s del cierre de la\u00a0Embajada\u00a0del Reino Unido, Francia, Alemania, Italia y Noruega han llamado ya a consultas a sus embajadores en Teher\u00e1n, mientras otros pa\u00edses europeos, entre ellos Espa\u00f1a, han citado a los embajadores de Ir\u00e1n en sus capitales para exigir explicaciones sobre el suceso.<\/p>\n<p>La Uni\u00f3n Europea celebrar\u00e1 ma\u00f1ana en Bruselas un consejo de ministros de Exteriores, en el que, entre otras cosas, se espera que se aprueben nuevas sanciones contra Ir\u00e1n y se discutan futuras medidas de presi\u00f3n contra el pa\u00eds, entre ellas un eventual embargo de compras de petr\u00f3leo, algo que por ahora divide a los pa\u00edses comunitarios.<\/p>\n","protected":false},"excerpt":{"rendered":"<p>El Ministerio de Asuntos Exteriores de Ir\u00e1n orden\u00f3 la expulsi\u00f3n de todo el personal de la embajada brit\u00e1nica en Teher\u00e1n, en respuesta al cierre por el Reino Unido de la legaci\u00f3n iran\u00ed en Londres.<br \/>\n<a href=\"http:\/\/diarioelpopular.com\/2011\/11\/estudiantes-islamicos-asaltan-la-embajada-britanica-en-iran\/\"><span style=\"color: #000D54\">\u00bb Estudiantes islamistas asaltan la embajada brit\u00e1nica en Ir\u00e1n<\/span><\/a><\/p>\n","protected":false},"author":1,"featured_media":19868,"comment_status":"closed","ping_status":"open","sticky":false,"template":"","format":"standard","meta":{"footnotes":""},"categories":[24],"tags":[7125,4931,160,1473,1114,8916],"class_list":["post-19867","post","type-post","status-publish","format-standard","has-post-thumbnail","hentry","category-mundo","tag-diplomaticos","tag-embajadas","tag-iran","tag-londres","tag-reino-unido","tag-teheran"],"_links":{"self":[{"href":"https:\/\/diarioelpopular.com\/index.php\/wp-json\/wp\/v2\/posts\/19867","targetHints":{"allow":["GET"]}}],"collection":[{"href":"https:\/\/diarioelpopular.com\/index.php\/wp-json\/wp\/v2\/posts"}],"about":[{"href":"https:\/\/diarioelpopular.com\/index.php\/wp-json\/wp\/v2\/types\/post"}],"author":[{"embeddable":true,"href":"https:\/\/diarioelpopular.com\/index.php\/wp-json\/wp\/v2\/users\/1"}],"replies":[{"embeddable":true,"href":"https:\/\/diarioelpopular.com\/index.php\/wp-json\/wp\/v2\/comments?post=19867"}],"version-history":[{"count":0,"href":"https:\/\/diarioelpopular.com\/index.php\/wp-json\/wp\/v2\/posts\/19867\/revisions"}],"wp:featuredmedia":[{"embeddable":true,"href":"https:\/\/diarioelpopular.com\/index.php\/wp-json\/"}],"wp:attachment":[{"href":"https:\/\/diarioelpopular.com\/index.php\/wp-json\/wp\/v2\/media?parent=19867"}],"wp:term":[{"taxonomy":"category","embeddable":true,"href":"https:\/\/diarioelpopular.com\/index.php\/wp-json\/wp\/v2\/categories?post=19867"},{"taxonomy":"post_tag","embeddable":true,"href":"https:\/\/diarioelpopular.com\/index.php\/wp-json\/wp\/v2\/tags?post=19867"}],"curies":[{"name":"wp","href":"https:\/\/api.w.org\/{rel}","templated":true}]}}