{"id":19915,"date":"2011-12-01T09:40:53","date_gmt":"2011-12-01T14:40:53","guid":{"rendered":"http:\/\/diarioelpopular.com\/?p=19915"},"modified":"2011-12-01T09:40:53","modified_gmt":"2011-12-01T14:40:53","slug":"las-muertes-por-sida-disminuyeron-un-22-en-los-ultimos-cinco-anos","status":"publish","type":"post","link":"https:\/\/diarioelpopular.com\/index.php\/2011\/12\/01\/las-muertes-por-sida-disminuyeron-un-22-en-los-ultimos-cinco-anos\/","title":{"rendered":"Las muertes por sida disminuyeron un 22% en los \u00faltimos cinco a\u00f1os"},"content":{"rendered":"<div id=\"attachment_19916\" style=\"width: 710px\" class=\"wp-caption aligncenter\"><a href=\"https:\/\/diarioelpopular.com\/wp-content\/uploads\/2011\/12\/D%C3%ADa-Mundial-del-Sida.jpg\"><img loading=\"lazy\" decoding=\"async\" aria-describedby=\"caption-attachment-19916\" class=\"size-full wp-image-19916\" title=\"D\u00eda Mundial del Sida\" src=\"https:\/\/diarioelpopular.com\/wp-content\/uploads\/2011\/12\/D%C3%ADa-Mundial-del-Sida.jpg\" alt=\"\" width=\"700\" height=\"420\" \/><\/a><p id=\"caption-attachment-19916\" class=\"wp-caption-text\">Estudiantes indios, acompa\u00f1ados de sus padres, participan en una concentraci\u00f3n para alertar a la poblaci\u00f3n sobre el sida, una enfermedad que afecta a m\u00e1s de 33 millones de personas en el mundo, seg\u00fan Naciones Unidas, con motivo de la celebraci\u00f3n, el 1 de diciembre, del D\u00eda Mundial de la lucha contra esta enfermedad, en Calcuta, India. Foto: Piyal Adhikary \/ Efe<\/p><\/div>\n<p><em><strong>Efe. Ginebra (Suiza).-<\/strong><\/em> Las muertes por\u00a0sida\u00a0disminuyeron un 22% en los \u00faltimos cinco a\u00f1os, periodo en el que el n\u00famero de personas infectadas con el virus VIH cay\u00f3 un 15%, seg\u00fan un informe publicadode manera conjunta por varias agencias de la ONU este mi\u00e9rcoles, v\u00edspera del D\u00eda Mundial del Sida.<\/p>\n<p>El &#8220;Informe sobre la Respuesta Global al VIH\/sida&#8221;, elaborado por la Organizaci\u00f3n Mundial de la Salud (OMS), UNICEF y ONUSIDA, destaca la necesidad de fortalecer las pol\u00edticas de apoyo a la prevenci\u00f3n y tratamiento de la enfermedad para mantener esta tendencia positiva.<\/p>\n<p>&#8220;Al mundo le ha costado 10 a\u00f1os lograr este impulso&#8221;, manifest\u00f3 en una conferencia de prensa Gottfried Hirnschall, director del departamento de lucha contra el VIH de la OMS.<\/p>\n<p>&#8220;En estos momentos existe una posibilidad muy real de anticiparnos a la epidemia, pero esto s\u00f3lo se puede lograr sustentando y acelerando este impulso durante la pr\u00f3xima d\u00e9cada y m\u00e1s all\u00e1&#8221;, agreg\u00f3 el responsable de la OMS.<\/p>\n<p>Estos organismos basan su optimismo en las innovaciones y los avances cient\u00edficos logrados en la lucha contra el VIH, pero alertan de que ser\u00e1 necesario aplicarlos con rapidez para que no se vean afectados por la crisis econ\u00f3mica internacional.<\/p>\n<p>El informe subraya logros concretos, como la mejora del acceso a las pruebas de detecci\u00f3n del virus del\u00a0sida\u00a0en \u00c1frica, lo que ha permitido llegar a un 61% de las mujeres embarazadas en el este y el sur del continente, un 14% m\u00e1s que en el a\u00f1o 2005.<\/p>\n<p>Se ha logrado tambi\u00e9n que el 48% de las embarazadas infectadas reciban una medicaci\u00f3n eficaz para evitar la transmisi\u00f3n al beb\u00e9 y que 6,6 millones de personas portadoras del virus en pa\u00edses pobres y en desarrollo (donde se estima que hay 14,2 millones de afectados) reciban en estos momentos terapia antirretroviral (ART).<\/p>\n<p>Los autores inciden tambi\u00e9n en el impacto econ\u00f3mico que esto representa y cifran en 34.000 millones de d\u00f3lares los beneficios potenciales hasta 2020 por la mejora de la actividad y de la productividad en los pa\u00edses m\u00e1s afectados por la enfermedad.<\/p>\n<p>&#8220;2011 est\u00e1 siendo un a\u00f1o en el que cambian las reglas del juego. Con nuevos avances cient\u00edficos, un liderazgo pol\u00edtico sin precedentes y el progreso continuado de la respuesta al sida, los pa\u00edses tienen la oportunidad de aprovechar el momento y dar un paso m\u00e1s&#8221;, dijo Paul De Lay, vicedirector ejecutivo de ONUSIDA.<\/p>\n<p>Pese a los buenos datos del informe, sus autores se\u00f1alan que hay mucho por hacer, ya que m\u00e1s de la mitad de las personas que necesitan una terapia antirretroviral en pa\u00edses de bajos ingresos todav\u00eda no tienen acceso a este tratamiento y, en muchos casos, ni siquiera son conscientes de que son portadores del VIH.<\/p>\n<p>En muchos pa\u00edses no se presta la debido atenci\u00f3n a los grupos de mayor riesgo, que en l\u00edneas generales siguen al margen de los programas de prevenci\u00f3n y tratamiento: adolescentes del sexo femenino, drogadictos que se inyectan por v\u00eda intravenosa, hombres homosexuales, transexuales, prostitutas, presos y emigrantes.<\/p>\n<p>Mundialmente, un 64% de la poblaci\u00f3n de entre 15 y 24 a\u00f1os infectada con el\u00a0SIDA\u00a0son mujeres, una tasa que en el caso del \u00c1frica subsahariana se incrementa hasta el 71%, debido a que las estrategias de prevenci\u00f3n no est\u00e1n llegando a esa regi\u00f3n.<\/p>\n<p>Existe adem\u00e1s una marginaci\u00f3n de grupos clave, como los drogodependientes en el este de Europa y Asia Central, que representan m\u00e1s del 60% de los portadores del VIH, pero que s\u00f3lo suman el 22% de las personas con acceso a terapia antirretroviral.<\/p>\n<p>A pesar de las mejoras para prevenir la transmisi\u00f3n de madres a hijos, unos 3,4 millones de menores viven en el mundo con el VIH, un grupo poblacional que tambi\u00e9n sufre un trato discriminatorio.<\/p>\n<p>En los pa\u00edses subdesarrollados y en v\u00edas de desarrollo, s\u00f3lo uno de cada cuatro ni\u00f1os con el virus del\u00a0sida\u00a0recibi\u00f3 tratamiento en 2010, frente a uno de cada dos adultos.<\/p>\n<p>&#8220;Notamos que los progresos en el caso de los ni\u00f1os es m\u00e1s lento&#8221;, se\u00f1al\u00f3 Leila Pakkala, directora de la oficina de UNICEF en Ginebra, que consider\u00f3 &#8220;alarmante&#8221; el nivel de cobertura para los menores.<\/p>\n<p>Por regiones, en \u00c1frica hubo 1,9 millones de nuevos infectados en los \u00faltimos cinco a\u00f1os, lo que sit\u00faa el total de portadores de VIH en ese continente en 22,9 millones.<\/p>\n<p>En Asia hubo una estabilizaci\u00f3n de la epidemia, con 4,8 millones de infectados (el 49% en la India), al igual que en Am\u00e9rica Latina y el Caribe, donde las cifras se estabilizaron en torno a los 1,7 millones (1,5 millones en Am\u00e9rica Latina y 200.000 en el Caribe).<\/p>\n<p>El aumento m\u00e1s dr\u00e1stico se dio en el este de Europa y Asia Central, donde las nuevas infecciones se han incrementado un 250% en la \u00faltima d\u00e9cada, con el 90% de los casos en Rusia y Ucrania.<\/p>\n<p>En Oriente Medio y el norte de \u00c1frica hubo 59.000 personas infectadas en 2010, un aumento del 36% con respecto a 2009.<\/p>\n","protected":false},"excerpt":{"rendered":"<p>Las muertes por sida disminuyeron un 22% en los \u00faltimos cinco a\u00f1os, periodo en el que el n\u00famero de personas infectadas con el virus VIH cay\u00f3 un 15%, seg\u00fan un informe publicado de manera conjunta por varias agencias de la ONU.<\/p>\n","protected":false},"author":1,"featured_media":19916,"comment_status":"closed","ping_status":"open","sticky":false,"template":"","format":"standard","meta":{"footnotes":""},"categories":[24],"tags":[1053,693],"class_list":["post-19915","post","type-post","status-publish","format-standard","has-post-thumbnail","hentry","category-mundo","tag-sida","tag-vih"],"_links":{"self":[{"href":"https:\/\/diarioelpopular.com\/index.php\/wp-json\/wp\/v2\/posts\/19915","targetHints":{"allow":["GET"]}}],"collection":[{"href":"https:\/\/diarioelpopular.com\/index.php\/wp-json\/wp\/v2\/posts"}],"about":[{"href":"https:\/\/diarioelpopular.com\/index.php\/wp-json\/wp\/v2\/types\/post"}],"author":[{"embeddable":true,"href":"https:\/\/diarioelpopular.com\/index.php\/wp-json\/wp\/v2\/users\/1"}],"replies":[{"embeddable":true,"href":"https:\/\/diarioelpopular.com\/index.php\/wp-json\/wp\/v2\/comments?post=19915"}],"version-history":[{"count":0,"href":"https:\/\/diarioelpopular.com\/index.php\/wp-json\/wp\/v2\/posts\/19915\/revisions"}],"wp:featuredmedia":[{"embeddable":true,"href":"https:\/\/diarioelpopular.com\/index.php\/wp-json\/"}],"wp:attachment":[{"href":"https:\/\/diarioelpopular.com\/index.php\/wp-json\/wp\/v2\/media?parent=19915"}],"wp:term":[{"taxonomy":"category","embeddable":true,"href":"https:\/\/diarioelpopular.com\/index.php\/wp-json\/wp\/v2\/categories?post=19915"},{"taxonomy":"post_tag","embeddable":true,"href":"https:\/\/diarioelpopular.com\/index.php\/wp-json\/wp\/v2\/tags?post=19915"}],"curies":[{"name":"wp","href":"https:\/\/api.w.org\/{rel}","templated":true}]}}