{"id":199390,"date":"2012-02-06T22:10:00","date_gmt":"2012-02-07T03:10:00","guid":{"rendered":"http:\/\/diarioelpopular.com\/?p=199390"},"modified":"2012-02-06T22:10:00","modified_gmt":"2012-02-07T03:10:00","slug":"alberto-contador-sancionado-por-dos-anos","status":"publish","type":"post","link":"https:\/\/diarioelpopular.com\/index.php\/2012\/02\/06\/alberto-contador-sancionado-por-dos-anos\/","title":{"rendered":"Alberto Contador, sancionado por dos a\u00f1os"},"content":{"rendered":"<div id=\"attachment_199391\" style=\"width: 710px\" class=\"wp-caption aligncenter\"><a href=\"https:\/\/diarioelpopular.com\/wp-content\/uploads\/2012\/02\/Alberto-Contador.jpg\"><img loading=\"lazy\" decoding=\"async\" aria-describedby=\"caption-attachment-199391\" class=\"size-full wp-image-199391\" title=\"Alberto Contador\" src=\"https:\/\/diarioelpopular.com\/wp-content\/uploads\/2012\/02\/Alberto-Contador.jpg\" alt=\"\" width=\"700\" height=\"420\" \/><\/a><p id=\"caption-attachment-199391\" class=\"wp-caption-text\">El ciclista espa\u00f1ol Alberto Contador, en una imagen de archivo. Foto: Efe<\/p><\/div>\n<p><em><strong>Efe. Madrid.-<\/strong><\/em> La peor pesadilla de la carrera de\u00a0Alberto\u00a0Contador\u00a0a\u00f1adi\u00f3 este lunes el escenario m\u00e1s perjudicial que pod\u00eda prever al anunciar el Tribunal de Arbitraje Deportivo (TAS) que suspende dos a\u00f1os al ciclista espa\u00f1ol por el positivo por clembuterol en el Tour de Francia de 2010.<\/p>\n<p>Seg\u00fan la resoluci\u00f3n del TAS,\u00a0Contador\u00a0queda suspendido durante dos a\u00f1os, con efecto retroactivo al 25 de enero de 2011, a los que hay que restar el periodo de suspensi\u00f3n provisional que ya ha cumplido entre 2010 y 2011, por lo que no podr\u00e1 volver a competir hasta el pr\u00f3ximo 6 de agosto.<\/p>\n<p>El largo proceso, lleno de incertidumbres, contradicciones y aplazamientos, surgi\u00f3 el 21 de julio de 2010 cuando\u00a0Contador\u00a0dio positivo por clembuterol en el Tour de Francia, en un control efectuado en la jornada de descanso previa a los Pirineos.<\/p>\n<p>Tras ganar ese Tour, el tercero de su carrera, y fichar por el equipo dan\u00e9s del Saxo Bank, el corredor recibi\u00f3 de la Uni\u00f3n Ciclista Internacional (UCI) la notificaci\u00f3n de un positivo por una cantidad \u00ednfima de clembuterol (50 picogramos). La noticia salt\u00f3 merced a una filtraci\u00f3n del laboratorio de Colonia.<\/p>\n<p>Hasta el 30 de septiembre de ese a\u00f1o no lleg\u00f3 la suspensi\u00f3n cautelar. As\u00ed lo anunci\u00f3 la UCI tras desvelar que el positivo proced\u00eda del control realizado en julio.<\/p>\n<p>Contador\u00a0se defendi\u00f3 con el argumento de que todo se deb\u00eda a una &#8220;contaminaci\u00f3n alimentaria&#8221; por ingesta de carne de vacuno presuntamente tratada con clembuterol.<\/p>\n<p>El ciclista espa\u00f1ol se refiri\u00f3 concretamente a unos solomillos comprados por encargo en la localidad espa\u00f1ola de Ir\u00fan, fronteriza con Francia, por un amigo y socio, el excorredor Jos\u00e9 Luis L\u00f3pez Cerr\u00f3n.<\/p>\n<p>La UCI solicita a la Federaci\u00f3n Espa\u00f1ola de Ciclismo (RFEC) que abra un procedimiento disciplinario al corredor y el 26 de enero de 2011, el organismo federativo propone la sanci\u00f3n de un a\u00f1o.<\/p>\n<p>El corredor present\u00f3 alegaciones el 7 de febrero de 2011, sosteniendo la &#8220;ausencia de responsabilidad y negligencia&#8221;.<\/p>\n<p>Contador\u00a0recibe apoyos de alto nivel. El entonces presidente del Gobierno, Jos\u00e9 Luis Rodr\u00edguez Zapatero, asegura que &#8220;no hay ninguna raz\u00f3n jur\u00eddica&#8221; para sancionarle. El actual presidente, entonces en la oposici\u00f3n, Mariano Rajoy, tambi\u00e9n se expres\u00f3 en t\u00e9rminos similares de defensa del ciclista.<\/p>\n<p>Estas declaraciones fueron interpretadas por la UCI como una injerencia.<\/p>\n<p>El 15 de febrero el caso toma un giro decisivo, cuando la RFEC) archiva el expediente y absuelve al ciclista.<\/p>\n<p>Esa misma tarde\u00a0Contador\u00a0pone rumbo a Portugal para participar en la Vuelta al Algarve.<\/p>\n<p>La decisi\u00f3n de la RFEC tuvo respuesta en la UCI y en la Agencia Mundial Antidopaje (AMA), que anuncian que presentar\u00edan recurso ante el TAS contra la absoluci\u00f3n.<\/p>\n<p>El recurso de la UCI lleg\u00f3 al TAS, que anunci\u00f3 que esperaba resolver la disputa antes de finales del mes de junio.<\/p>\n<p>El ciclista protagoniz\u00f3 una temporada triunfal y se impuso en el Giro de Italia por segunda vez, aunque en el Tour solo pudo alcanzar la quinta plaza.<\/p>\n<p>Despu\u00e9s de diversos cambios, la fecha definitiva para la audiencia en el TAS se fija para el 21 de noviembre y se conocen los nombres de los jueces del caso, con el israel\u00ed Efraim Barak como presidente del Tribunal.<\/p>\n<p>La audiencia se celebr\u00f3 en medio de una enorme expectaci\u00f3n. Una aut\u00e9ntica batalla entre expertos en leyes y cient\u00edficos, en la que tambi\u00e9n prestaron sus testimonios compa\u00f1eros de\u00a0Contador\u00a0y el carnicero de Ir\u00fan y se utiliz\u00f3 el pol\u00edgrafo, la m\u00e1quina detectora de mentiras.<\/p>\n<p>Todo qued\u00f3 visto para sentencia. La decisi\u00f3n final se esperaba para mediados de enero. Pero la inc\u00f3gnita se volvi\u00f3 a estirar. EL TAS la aplaz\u00f3 hasta el d\u00eda 31, molesto por las &#8220;injerencias&#8221; aparecidas en algunos medios.<\/p>\n<p>Llegado ese d\u00eda, el tribunal volvi\u00f3 a retrasar la sentencia hasta este lunes.<\/p>\n<p>El TAS justific\u00f3 el retraso por las interferencias que se hab\u00edan producido recientemente en los medios de comunicaci\u00f3n, con dudas sobre la imparcialidad del jurado.<\/p>\n","protected":false},"excerpt":{"rendered":"<p>La peor pesadilla de la carrera de Alberto Contador a\u00f1adi\u00f3 este lunes el escenario m\u00e1s perjudicial que pod\u00eda prever al anunciar el Tribunal de Arbitraje Deportivo (TAS) que suspende dos a\u00f1os al ciclista espa\u00f1ol por el positivo por clembuterol en el Tour de Francia de 2010.<\/p>\n","protected":false},"author":1,"featured_media":199391,"comment_status":"closed","ping_status":"open","sticky":false,"template":"","format":"standard","meta":{"footnotes":""},"categories":[28],"tags":[1479,1215,1480,1481],"class_list":["post-199390","post","type-post","status-publish","format-standard","has-post-thumbnail","hentry","category-deportes","tag-alberto-contador","tag-ciclismo","tag-dopaje","tag-tour"],"_links":{"self":[{"href":"https:\/\/diarioelpopular.com\/index.php\/wp-json\/wp\/v2\/posts\/199390","targetHints":{"allow":["GET"]}}],"collection":[{"href":"https:\/\/diarioelpopular.com\/index.php\/wp-json\/wp\/v2\/posts"}],"about":[{"href":"https:\/\/diarioelpopular.com\/index.php\/wp-json\/wp\/v2\/types\/post"}],"author":[{"embeddable":true,"href":"https:\/\/diarioelpopular.com\/index.php\/wp-json\/wp\/v2\/users\/1"}],"replies":[{"embeddable":true,"href":"https:\/\/diarioelpopular.com\/index.php\/wp-json\/wp\/v2\/comments?post=199390"}],"version-history":[{"count":0,"href":"https:\/\/diarioelpopular.com\/index.php\/wp-json\/wp\/v2\/posts\/199390\/revisions"}],"wp:featuredmedia":[{"embeddable":true,"href":"https:\/\/diarioelpopular.com\/index.php\/wp-json\/"}],"wp:attachment":[{"href":"https:\/\/diarioelpopular.com\/index.php\/wp-json\/wp\/v2\/media?parent=199390"}],"wp:term":[{"taxonomy":"category","embeddable":true,"href":"https:\/\/diarioelpopular.com\/index.php\/wp-json\/wp\/v2\/categories?post=199390"},{"taxonomy":"post_tag","embeddable":true,"href":"https:\/\/diarioelpopular.com\/index.php\/wp-json\/wp\/v2\/tags?post=199390"}],"curies":[{"name":"wp","href":"https:\/\/api.w.org\/{rel}","templated":true}]}}