{"id":20036,"date":"2011-12-01T22:49:26","date_gmt":"2011-12-02T03:49:26","guid":{"rendered":"http:\/\/diarioelpopular.com\/?p=20036"},"modified":"2011-12-01T22:49:26","modified_gmt":"2011-12-02T03:49:26","slug":"sarkozy-propone-refundar-europa","status":"publish","type":"post","link":"https:\/\/diarioelpopular.com\/index.php\/2011\/12\/01\/sarkozy-propone-refundar-europa\/","title":{"rendered":"Sarkozy propone refundar Europa"},"content":{"rendered":"<div id=\"attachment_20037\" style=\"width: 710px\" class=\"wp-caption aligncenter\"><a href=\"https:\/\/diarioelpopular.com\/wp-content\/uploads\/2011\/12\/Sarkozy-en-Tol%C3%B3n-Francia.jpg\"><img loading=\"lazy\" decoding=\"async\" aria-describedby=\"caption-attachment-20037\" class=\"size-full wp-image-20037\" title=\"Sarkozy, en Tol\u00f3n, Francia\" src=\"https:\/\/diarioelpopular.com\/wp-content\/uploads\/2011\/12\/Sarkozy-en-Tol%C3%B3n-Francia.jpg\" alt=\"\" width=\"700\" height=\"420\" \/><\/a><p id=\"caption-attachment-20037\" class=\"wp-caption-text\">El presidente franc\u00e9s, Nicol\u00e1s Sarkozy, al comienzo de su discurso en Tol\u00f3n. Foto: Eric Feferberg \/ Efe<\/p><\/div>\n<p><em><strong>Efe. Par\u00eds.-<\/strong><\/em> El presidente de Francia, Nicolas\u00a0Sarkozy, dijo este jueves que es necesario refundar Europa e indic\u00f3 que el pr\u00f3ximo lunes se reunir\u00e1 con la canciller alemana, Angela Merkel, para presentar propuestas conjuntas sobre un nuevo Tratado de la Uni\u00f3n y de la gobernanza de la zona euro.<\/p>\n<p>Desde Tol\u00f3n, la misma localidad del sureste franc\u00e9s en la que en septiembre de 2008 denunci\u00f3 las &#8220;derivas del capitalismo&#8221;, el jefe del Estado recalc\u00f3 que la visi\u00f3n que comparte con Merkel sobre el futuro de la zona euro requiere &#8220;mayor disciplina, solidaridad y responsabilidad&#8221;, as\u00ed como un verdadero &#8220;gobierno econ\u00f3mico&#8221;.<\/p>\n<p>Ante un auditorio de cerca de 5.000 personas e interrumpido de manera intermitente por aplausos,\u00a0Sarkozy\u00a0dijo que el Tratado de Maastricht se ha revelado &#8220;imperfecto, con dispositivos de prevenci\u00f3n con lagunas y sanciones jam\u00e1s aplicadas&#8221;, e incluy\u00f3 tambi\u00e9n al de Schengen en la lista de cambios necesarios.<\/p>\n<p>El presidente y previsible candidato a la reelecci\u00f3n la pr\u00f3xima primavera dej\u00f3 claro que Europa &#8220;no es una opci\u00f3n, sino una necesidad&#8221;.<\/p>\n<p>Dentro de esa premisa, adelant\u00f3 que su visi\u00f3n de la Uni\u00f3n requiere mayor disciplina y que \u00e9sta pasa por la aplicaci\u00f3n en las respectivas constituciones de la llamada &#8220;regla de oro&#8221;, que vela por el equilibrio presupuestario.<\/p>\n<p>Ante todo, inst\u00f3 a la necesidad de decir la verdad sobre la situaci\u00f3n y a la confianza de los franceses y del resto de socios europeos para hacer frente a ese miedo que &#8220;paraliza a los consumidores y evita que los inversores inviertan y que los emprendedores emprendan&#8221;.<\/p>\n<p>Esta intervenci\u00f3n de\u00a0Sarkozy\u00a0se produce a ocho d\u00edas de una nueva cumbre europea que se ha visto como la \u00faltima oportunidad para salvar el euro y un d\u00eda antes de que Merkel comparezca ante el Parlamento alem\u00e1n, en el que se esperan nuevos detalles sobre estas propuestas.<\/p>\n<p>&#8220;Si Alemania y Francia se unen, toda Europa se une y fortalece&#8221;, dijo\u00a0Sarkozy, quien recalc\u00f3 que la convergencia &#8220;conlleva la paz&#8221; y no significa que un pa\u00eds vaya &#8220;al remolque de otro&#8221;, una cr\u00edtica recurrente tanto desde las filas socialistas como desde la extrema derecha.<\/p>\n<p>En un acto que a cinco meses de los comicios presidenciales busca no solo apoyo electoral, sino tambi\u00e9n respaldo a ese eje franco-alem\u00e1n,\u00a0Sarkozy\u00a0opin\u00f3 que en una situaci\u00f3n &#8220;extrema&#8221;, como la actual, y despu\u00e9s del largo camino recorrido &#8220;hay que volver a lo esencial&#8221;.<\/p>\n<p>&#8220;Defender el euro es defender Europa&#8221;, dijo\u00a0Sarkozy\u00a0en un discurso que concibi\u00f3 el pasado lunes junto al primer ministro franc\u00e9s, Fran\u00e7ois Fillon; al titular de Finanzas, Fran\u00e7ois Baroin; al responsable de Asuntos Europeos, Jean Leonetti, y a la de Presupuesto y portavoz del Gobierno, Val\u00e9rie P\u00e9cresse, seg\u00fan el diario &#8220;Le Monde&#8221;.<\/p>\n<p>Sin precisar detalles que ser\u00e1n adelantados en los pr\u00f3ximos d\u00edas, s\u00ed anunci\u00f3 la voluntad de que &#8220;todos los pa\u00edses de la zona euro sean solidarios unos con otros&#8221;, aunque esa actitud no fomente la laxitud.<\/p>\n<p>&#8220;Examinemos juntos nuestro presupuestos e instauremos sanciones m\u00e1s r\u00e1pidas y m\u00e1s severas para quienes no respetan su compromiso&#8221;, dijo en su comparecencia de cerca de una hora, en la que insisti\u00f3 en que la refundaci\u00f3n de Europa no implica &#8220;avanzar hacia una mayor supranacionalidad&#8221;, sino hacia una &#8220;Europa m\u00e1s democr\u00e1tica&#8221;.<\/p>\n<p>Esa refundaci\u00f3n, a tenor de sus palabras, aprovechar\u00e1 &#8220;de manera pr\u00e1ctica las lecciones de la crisis&#8221;, pero no modificar\u00e1 el rol del Banco Central Europeo (BCE), que &#8220;tiene un papel determinante, es independiente y se va a mantener&#8221;.<\/p>\n<p>El himno de Francia sirvi\u00f3 para clausurar esta jornada, que se considera un jal\u00f3n ante la pr\u00f3xima cumbre comunitaria y en la que indic\u00f3 que el pa\u00eds emprende este combate contra la crisis &#8220;sin arrogancia&#8221;, pero consciente de su papel prioritario al lado de Alemania.<\/p>\n<p>&#8220;Europa puede ser barrida por la crisis si no act\u00faa&#8221; porque la situaci\u00f3n por la que atraviesa el euro &#8220;solo puede resolverse restaurando la credibilidad y la confianza&#8221;, en un proceso que, aunque necesario, ser\u00e1 &#8220;largo y dif\u00edcil&#8221;, asegur\u00f3.<\/p>\n","protected":false},"excerpt":{"rendered":"<p>El presidente de Francia, Nicolas Sarkozy, dijo que es necesario refundar Europa e indic\u00f3 que el pr\u00f3ximo lunes se reunir\u00e1 con la canciller alemana, Angela Merkel, para presentar propuestas conjuntas sobre un nuevo Tratado de la Uni\u00f3n y de la gobernanza de la zona euro.<\/p>\n","protected":false},"author":1,"featured_media":20037,"comment_status":"closed","ping_status":"open","sticky":false,"template":"","format":"standard","meta":{"footnotes":""},"categories":[24],"tags":[565,6329,379,4215,6310],"class_list":["post-20036","post","type-post","status-publish","format-standard","has-post-thumbnail","hentry","category-mundo","tag-crisis","tag-euro","tag-europa","tag-merkel","tag-sarkozy"],"_links":{"self":[{"href":"https:\/\/diarioelpopular.com\/index.php\/wp-json\/wp\/v2\/posts\/20036","targetHints":{"allow":["GET"]}}],"collection":[{"href":"https:\/\/diarioelpopular.com\/index.php\/wp-json\/wp\/v2\/posts"}],"about":[{"href":"https:\/\/diarioelpopular.com\/index.php\/wp-json\/wp\/v2\/types\/post"}],"author":[{"embeddable":true,"href":"https:\/\/diarioelpopular.com\/index.php\/wp-json\/wp\/v2\/users\/1"}],"replies":[{"embeddable":true,"href":"https:\/\/diarioelpopular.com\/index.php\/wp-json\/wp\/v2\/comments?post=20036"}],"version-history":[{"count":0,"href":"https:\/\/diarioelpopular.com\/index.php\/wp-json\/wp\/v2\/posts\/20036\/revisions"}],"wp:featuredmedia":[{"embeddable":true,"href":"https:\/\/diarioelpopular.com\/index.php\/wp-json\/"}],"wp:attachment":[{"href":"https:\/\/diarioelpopular.com\/index.php\/wp-json\/wp\/v2\/media?parent=20036"}],"wp:term":[{"taxonomy":"category","embeddable":true,"href":"https:\/\/diarioelpopular.com\/index.php\/wp-json\/wp\/v2\/categories?post=20036"},{"taxonomy":"post_tag","embeddable":true,"href":"https:\/\/diarioelpopular.com\/index.php\/wp-json\/wp\/v2\/tags?post=20036"}],"curies":[{"name":"wp","href":"https:\/\/api.w.org\/{rel}","templated":true}]}}