{"id":20067,"date":"2011-12-01T23:58:46","date_gmt":"2011-12-02T04:58:46","guid":{"rendered":"http:\/\/diarioelpopular.com\/?p=20067"},"modified":"2011-12-01T23:58:46","modified_gmt":"2011-12-02T04:58:46","slug":"nadal-ante-argentina-puede-pasar-cualquier-cosa","status":"publish","type":"post","link":"https:\/\/diarioelpopular.com\/index.php\/2011\/12\/01\/nadal-ante-argentina-puede-pasar-cualquier-cosa\/","title":{"rendered":"Nadal: &#8220;Ante Argentina puede pasar cualquier cosa&#8221;"},"content":{"rendered":"<div id=\"attachment_20069\" style=\"width: 710px\" class=\"wp-caption aligncenter\"><a href=\"https:\/\/diarioelpopular.com\/wp-content\/uploads\/2011\/12\/Nadal-y-M%C3%B3naco.jpg\"><img loading=\"lazy\" decoding=\"async\" aria-describedby=\"caption-attachment-20069\" class=\"size-full wp-image-20069\" title=\"Nadal y M\u00f3naco\" src=\"https:\/\/diarioelpopular.com\/wp-content\/uploads\/2011\/12\/Nadal-y-M%C3%B3naco.jpg\" alt=\"\" width=\"700\" height=\"420\" \/><\/a><p id=\"caption-attachment-20069\" class=\"wp-caption-text\">El n\u00famero uno del tenis espa\u00f1ol, Rafael Nadal, y el dos argentino, Juan M\u00f3naco, abrir\u00e1n la final de la Copa Davis que enfrentar\u00e1 a Espa\u00f1a y Argentina en el estadio de La Cartuja de Sevilla. Foto: Julio Mu\u00f1oz \/ Efe<\/p><\/div>\n<p><em><strong>Santiago Aparicio. Sevilla (Espa\u00f1a).-<\/strong><\/em> La b\u00fasqueda de la quinta Ensaladera de Plata para Espa\u00f1a y la primera que pretende Argentina va a comenzar este viernes en el estadio sevillano de La Cartuja con la puesta en escena del n\u00famero dos del mundo, el espa\u00f1ol Rafael\u00a0Nadal, ante el segundo espada sudamericano, Juan M\u00f3naco.<\/p>\n<p>El recinto andaluz, con un aforo r\u00e9cord -m\u00e1s de 27.000 espectadores-, acoge de nuevo una final de la Copa Davis. Espa\u00f1a logr\u00f3, siete a\u00f1os atr\u00e1s, su segundo trofeo, ante los Estados Unidos. Solo\u00a0Nadal\u00a0permanece del cuarteto de entonces.<\/p>\n<p>El tenista balear, ganador este a\u00f1o de tres t\u00edtulos (Roland Garros, Barcelona y Masters 1000 de Montecarlo), y presente en siete finales, pretende cerrar el curso con un nuevo \u00e9xito en su historial y sumar su tercera Davis.<\/p>\n<p>Rafael\u00a0Nadal\u00a0inaugurar\u00e1 la serie contra su amigo Juan M\u00f3naco, con el que comparte momentos de ocio con la consola e incluso etapas de vacaciones.<\/p>\n<p>Es M\u00f3naco la segunda baza argentina. El que ha ganado el pulso al pedigr\u00ed de David Nalbandian, un emblema del tenis argentino; marginado de la primera sesi\u00f3n por el tiempo de inactividad que arrastra tras su lesi\u00f3n en los m\u00fasculos isquiotibiales y por el buen momento de final de curso de la raqueta de Tandil.<\/p>\n<p>Finalista en Valencia, Juan M\u00f3naco est\u00e1 situado en el puesto 26 del r\u00e1nking. Lejos a\u00fan del decimocuarto puesto que lleg\u00f3 a tener en febrero del 2008, su mejor registro.<\/p>\n<p>Nalbandian queda a la expectativa. Seguro en la segunda jornada, en el partido de dobles junto a Eduardo Schwank, la elecci\u00f3n del capit\u00e1n Modesto &#8216;Tito&#8217; V\u00e1zquez en lugar de Juan Ignacio Chela, puede irrumpir en la jornada final, el domingo, para disputar, en caso de serlo, el partido definitivo ante David Ferrer.<\/p>\n<p>Lograr un punto en la primera jornada es la esperanza argentina.\u00a0Nadal, sin embargo, nunca ha perdido en arcilla contra M\u00f3naco. Han coincidido en tres ocasiones a lo largo de sus carreras. Aunque sus caminos no se han cruzado desde hace cuatro temporadas, cuando en el Masters Series de Cincinnati del 2007, el espa\u00f1ol abandon\u00f3 por lesi\u00f3n el choque de dieciseisavos de final cuando perd\u00eda con M\u00f3naco por 7-6 y 4-1.<\/p>\n<p>Fue esa la \u00fanica ocasi\u00f3n en la que han jugado sobre pista dura. Antes, en Stuttgart 2007 y en Bastad 2005, sobre arcilla ambas,\u00a0Nadal\u00a0gan\u00f3 con autoridad.<\/p>\n<p>&#8220;Intentaremos ganar, pero puede pasar cualquier cosa. Esto es lo que hace el deporte interesante&#8221;, indic\u00f3 Rafael\u00a0Nadal\u00a0tras el sorteo.<\/p>\n<p>Por su parte, M\u00f3naco asumi\u00f3 la dificultad del enfrentamiento y la responsabilidad de abrir el duelo contra un &#8220;amigo&#8221;.<\/p>\n<p>&#8220;Contra\u00a0Nadal\u00a0va a ser muy dif\u00edcil. En esta superficie, en su casa. Va a ser un gran desaf\u00edo.\u00a0Nadal\u00a0es mi amigo que ma\u00f1ana ser\u00e1 mi oponente. Va a ser muy complicado pero yo represento a mi pa\u00eds&#8221;, indic\u00f3 el tenista argentino.<\/p>\n<p>Argentina se agarra a Juan Mart\u00edn del Potro para iniciar la &#8216;venganza&#8217; tras lo sucedido en el 2008, en Mar del Plata, cuando Espa\u00f1a priv\u00f3 al conjunto albiceleste de lograr, por fin, el \u00e9xito, en una competici\u00f3n en la que han tenido tres intentos, siempre fallidos.<\/p>\n<p>Del Potro se enfrentar\u00e1 a David Ferrer en el segundo punto de la eliminatoria. En el cierre del primer d\u00eda. El tambi\u00e9n nacido en Tandil lleg\u00f3 a estar m\u00e1s all\u00e1 del puesto 400 del r\u00e1nking. Ahora tiene a tiro regresar a ser uno de los diez mejores del mundo.<\/p>\n<p>Ferrer, sin embargo, es la quinta raqueta del circuito. Afronta la conquista de su tercera Ensaladera alentado por un gran final de una temporada que le ha reportado los \u00e9xitos en Acapulco y Auckland, otras cuatro finales, entre ellas las de los Masters 1000 de Shangai y Montecarlo, y las semifinales de la Copa de Maestros y el Abierto de Australia.<\/p>\n<p>&#8220;Los puntos son claves todos aunque es verdad que el partido contra Del Potro puede marcar la balanza de la eliminatoria&#8221;, dijo Ferrer, que ha ganado al argentino en dos de las cuatro veces que se han enfrentado, aunque ninguno de los cuatro duelos fue en tierra.<\/p>\n<p>Ferrer, en el 2008, gan\u00f3 al sudamericano en el Abierto de Australia, en pista dura, y en Hertogenbosch, en hierba. Despu\u00e9s, Del Potro se impuso en Tokio y, hace dos a\u00f1os, en el Masters 1000 de Cincinnati, ambas en cemento.<\/p>\n<p>&#8220;Las ganas de ganar las tenemos todos. No dejamos de saber lo importante que es para Argentina esta final. Ha sido un gran a\u00f1o de Copa Davis m\u00e1s all\u00e1 de lo que pase en esta final&#8221;, concluy\u00f3 Del Potro.<\/p>\n","protected":false},"excerpt":{"rendered":"<p>La b\u00fasqueda de la quinta Ensaladera de Plata para Espa\u00f1a y la primera que pretende Argentina va a comenzar este viernes en el estadio sevillano de La Cartuja con la puesta en escena del n\u00famero dos del mundo, el espa\u00f1ol Rafael Nadal, ante el segundo espada sudamericano, Juan M\u00f3naco.<\/p>\n","protected":false},"author":1,"featured_media":20069,"comment_status":"closed","ping_status":"open","sticky":false,"template":"","format":"standard","meta":{"footnotes":""},"categories":[28],"tags":[43,1628,8961,444,7541,426,3033,176],"class_list":["post-20067","post","type-post","status-publish","format-standard","has-post-thumbnail","hentry","category-deportes","tag-argentina","tag-copa-davis","tag-ensaladera-de-plata","tag-espana","tag-juan-monaco","tag-nadal","tag-sevilla","tag-tenis"],"_links":{"self":[{"href":"https:\/\/diarioelpopular.com\/index.php\/wp-json\/wp\/v2\/posts\/20067","targetHints":{"allow":["GET"]}}],"collection":[{"href":"https:\/\/diarioelpopular.com\/index.php\/wp-json\/wp\/v2\/posts"}],"about":[{"href":"https:\/\/diarioelpopular.com\/index.php\/wp-json\/wp\/v2\/types\/post"}],"author":[{"embeddable":true,"href":"https:\/\/diarioelpopular.com\/index.php\/wp-json\/wp\/v2\/users\/1"}],"replies":[{"embeddable":true,"href":"https:\/\/diarioelpopular.com\/index.php\/wp-json\/wp\/v2\/comments?post=20067"}],"version-history":[{"count":0,"href":"https:\/\/diarioelpopular.com\/index.php\/wp-json\/wp\/v2\/posts\/20067\/revisions"}],"wp:featuredmedia":[{"embeddable":true,"href":"https:\/\/diarioelpopular.com\/index.php\/wp-json\/"}],"wp:attachment":[{"href":"https:\/\/diarioelpopular.com\/index.php\/wp-json\/wp\/v2\/media?parent=20067"}],"wp:term":[{"taxonomy":"category","embeddable":true,"href":"https:\/\/diarioelpopular.com\/index.php\/wp-json\/wp\/v2\/categories?post=20067"},{"taxonomy":"post_tag","embeddable":true,"href":"https:\/\/diarioelpopular.com\/index.php\/wp-json\/wp\/v2\/tags?post=20067"}],"curies":[{"name":"wp","href":"https:\/\/api.w.org\/{rel}","templated":true}]}}