{"id":20097,"date":"2011-12-02T22:35:53","date_gmt":"2011-12-03T03:35:53","guid":{"rendered":"http:\/\/diarioelpopular.com\/?p=20097"},"modified":"2011-12-02T22:35:53","modified_gmt":"2011-12-03T03:35:53","slug":"ferrer-gana-a-del-potro-y-pone-la-davis-a-tiro-para-a-espana","status":"publish","type":"post","link":"https:\/\/diarioelpopular.com\/index.php\/2011\/12\/02\/ferrer-gana-a-del-potro-y-pone-la-davis-a-tiro-para-a-espana\/","title":{"rendered":"Ferrer gana a Del Potro y pone la Davis a tiro para a Espa\u00f1a"},"content":{"rendered":"<div id=\"attachment_20098\" style=\"width: 710px\" class=\"wp-caption aligncenter\"><a href=\"https:\/\/diarioelpopular.com\/wp-content\/uploads\/2011\/12\/Ferrer-Del-Potro.jpg\"><img loading=\"lazy\" decoding=\"async\" aria-describedby=\"caption-attachment-20098\" class=\"size-full wp-image-20098\" title=\"Ferrer - Del Potro\" src=\"https:\/\/diarioelpopular.com\/wp-content\/uploads\/2011\/12\/Ferrer-Del-Potro.jpg\" alt=\"\" width=\"700\" height=\"420\" \/><\/a><p id=\"caption-attachment-20098\" class=\"wp-caption-text\">El tenista espa\u00f1ol celebra su victoria ante el argentino Juan Mart\u00edn del Potro. Foto: Julio Mu\u00f1oz \/ Efe<\/p><\/div>\n<p><em><strong>Santiago Aparicio. Sevilla (Espa\u00f1a).-<\/strong><\/em> David Ferrer tir\u00f3 de \u00e9pica para salir triunfal del duelo contra el argentino Juan Mart\u00edn del Potro (6-2, 6-7 (2), 3-6, 6-4 y 6-3), que tras <a href=\"https:\/\/diarioelpopular.com\/2011\/12\/nadal-le-da-el-primer-punto-a-espana-por-la-via-rapida\/\">la victoria previa de Rafael Nadal ante Juan M\u00f3naco<\/a> pone a tiro el t\u00edtulo de la\u00a0Copa\u00a0Davis\u00a0para el tenis espa\u00f1ol.<\/p>\n<p>Espa\u00f1a est\u00e1 a una victoria de conseguir su quinta &#8220;Ensaladera&#8221;, la segunda con el estadio de La Cartuja como escenario tras la lograda en 2004.<\/p>\n<p>En el primer duelo de ambos en tierra batida, Ferrer complet\u00f3 la faena de la Armada en la primera jornada. Lejos del sosiego que encontr\u00f3 Nadal en el partido de apertura, el tenista alicantino tir\u00f3 de fe, paciencia y una lucha intensa para acabar como vencedor despu\u00e9s de 4 horas y 43 minutos de intensa lucha.<\/p>\n<p>Espa\u00f1a se sit\u00faa con 2-0 en la eliminatoria. Solo en una final un equipo fue capaz de remontar tal situaci\u00f3n adversa. Data el hecho de 1939, cuando Australia dio la vuelta a esa ventaja que hab\u00eda adquirido el primer d\u00eda Estados Unidos en el enfrentamiento que se jug\u00f3 en Pensilvania. Nadie despu\u00e9s ha sido capaz de esa remontada.<\/p>\n<p>El tenista espa\u00f1ol comenz\u00f3 como un tiro. Fresco, r\u00e1pido de movimientos y con firmeza. En la primera ocasi\u00f3n que dispuso rompi\u00f3 el servicio de Del Potro, sobrepasado al principio por el escaso margen de error de su equipo tras el triunfo de Rafael Nadal contra Juan M\u00f3naco.<\/p>\n<p>Sin excesivos contratiempos sac\u00f3 adelante el parcial Ferrer, que se encontr\u00f3 con un rival m\u00e1s solido en el segundo set. En el quinto juego de esa manga, Argentina logr\u00f3 su primera rotura en la final. Pudo enmendar el espa\u00f1ol la situaci\u00f3n con un &#8216;break&#8217; para empatar a 4 y llevar el desenlace al desempate.<\/p>\n<p>Result\u00f3 importante esa situaci\u00f3n, que gan\u00f3 el argentino (7-2). Del Potro recobr\u00f3 la confianza y disfrut\u00f3 de sus mejores momentos en el partido. El tenista de Tandil resucit\u00f3 a Argentina.<\/p>\n<p>Le falt\u00f3 continuidad a David Ferrer, irregular por momentos. Intent\u00f3 mover al argentino, que sufre en exceso a veces en desplazamientos continuos de lado a lado.<\/p>\n<p>Se defendi\u00f3 Del Potro, que levant\u00f3 un 2-0 en contra al comienzo de la tercera manga. La primera raqueta sudamericana firm\u00f3 un parcial de 4-0 para consolidar su ventaja en el marcador (6-3).<\/p>\n<p>Con el partido de cara para Argentina Ferrer tir\u00f3 de \u00e9pica. El reloj corr\u00eda a su favor. M\u00e1s fuerte f\u00edsicamente, martille\u00f3 a su rival para recuperar el terreno perdido. Rompi\u00f3 el espa\u00f1ol el servicio de su adversario en el cuarto parcial, aunque el tenista de Tandil recondujo la situaci\u00f3n al devolver la rotura en el siguiente.<\/p>\n<p>El choque empez\u00f3 a adquirir, cerca de las cuatro horas, tintes dram\u00e1ticos. En el d\u00e9cimo parcial, con ventaja de 5-4 y al resto, el n\u00famero dos espa\u00f1ol no desperdici\u00f3 su oportunidad. Del Potro acus\u00f3 la presi\u00f3n. Y con una doble falta conden\u00f3 el desenlace al quinto y definitivo set.<\/p>\n<p>Juan Mart\u00edn del Potro empez\u00f3 a sentir el peso del partido. Solicit\u00f3 auxilio al fisioterapeuta argentino. Para que pusiera a tono los m\u00fasculos de sus piernas antes del momento clave. Hab\u00eda m\u00e1s en juego para Argentina que para el cuadro espa\u00f1ol, cada vez m\u00e1s cerca de la Ensaladera.<\/p>\n<p>David Ferrer rompi\u00f3 el saque del sudamericano en el cuarto juego y puso el triunfo de cara. Del Potro empez\u00f3 a aflojar y a asumir, resignado, la derrota.<\/p>\n<p>Le cost\u00f3 al espa\u00f1ol cerrar el partido. A pesar de sus dos roturas y del 5-1, adem\u00e1s del saque, que puso de su lado. Intent\u00f3 sobrevivir el argentino, que apur\u00f3 sus opciones con la consecuci\u00f3n de los dos juegos posteriores.<\/p>\n<p>Ferrer, sin embargo, no desperdici\u00f3 la ocasi\u00f3n y cerr\u00f3 el partido que arrima a Espa\u00f1a hacia su quinta\u00a0Copa\u00a0Davis.<\/p>\n","protected":false},"excerpt":{"rendered":"<p>David Ferrer tir\u00f3 de \u00e9pica para salir triunfal del duelo contra el argentino Juan Mart\u00edn del Potro (6-2, 6-7 (2), 3-6, 6-4 y 6-3), que tras la victoria previa de Rafael Nadal ante Juan M\u00f3naco pone a tiro el t\u00edtulo de la Copa Davis para el tenis espa\u00f1ol.<br \/>\n<a href=\"http:\/\/diarioelpopular.com\/2011\/12\/nadal-le-da-el-primer-punto-a-espana-por-la-via-rapida\/\"><span style=\"color: #000D54\"><strong>\u00bb Nadal le da el primer punto a Espa\u00f1a por la v\u00eda r\u00e1pida<\/strong><\/span><\/a><\/p>\n","protected":false},"author":1,"featured_media":20098,"comment_status":"closed","ping_status":"open","sticky":false,"template":"","format":"standard","meta":{"footnotes":""},"categories":[28],"tags":[43,1628,6664,1023,444,176],"class_list":["post-20097","post","type-post","status-publish","format-standard","has-post-thumbnail","hentry","category-deportes","tag-argentina","tag-copa-davis","tag-david-ferrer","tag-del-potro","tag-espana","tag-tenis"],"_links":{"self":[{"href":"https:\/\/diarioelpopular.com\/index.php\/wp-json\/wp\/v2\/posts\/20097","targetHints":{"allow":["GET"]}}],"collection":[{"href":"https:\/\/diarioelpopular.com\/index.php\/wp-json\/wp\/v2\/posts"}],"about":[{"href":"https:\/\/diarioelpopular.com\/index.php\/wp-json\/wp\/v2\/types\/post"}],"author":[{"embeddable":true,"href":"https:\/\/diarioelpopular.com\/index.php\/wp-json\/wp\/v2\/users\/1"}],"replies":[{"embeddable":true,"href":"https:\/\/diarioelpopular.com\/index.php\/wp-json\/wp\/v2\/comments?post=20097"}],"version-history":[{"count":0,"href":"https:\/\/diarioelpopular.com\/index.php\/wp-json\/wp\/v2\/posts\/20097\/revisions"}],"wp:featuredmedia":[{"embeddable":true,"href":"https:\/\/diarioelpopular.com\/index.php\/wp-json\/"}],"wp:attachment":[{"href":"https:\/\/diarioelpopular.com\/index.php\/wp-json\/wp\/v2\/media?parent=20097"}],"wp:term":[{"taxonomy":"category","embeddable":true,"href":"https:\/\/diarioelpopular.com\/index.php\/wp-json\/wp\/v2\/categories?post=20097"},{"taxonomy":"post_tag","embeddable":true,"href":"https:\/\/diarioelpopular.com\/index.php\/wp-json\/wp\/v2\/tags?post=20097"}],"curies":[{"name":"wp","href":"https:\/\/api.w.org\/{rel}","templated":true}]}}