{"id":203223,"date":"2012-02-07T19:34:16","date_gmt":"2012-02-08T00:34:16","guid":{"rendered":"http:\/\/diarioelpopular.com\/?p=203223"},"modified":"2012-02-07T19:34:16","modified_gmt":"2012-02-08T00:34:16","slug":"el-accidente-de-los-peruanos-saca-a-la-luz-la-precaria-situacion-de-los","status":"publish","type":"post","link":"https:\/\/diarioelpopular.com\/index.php\/2012\/02\/07\/el-accidente-de-los-peruanos-saca-a-la-luz-la-precaria-situacion-de-los\/","title":{"rendered":"El accidente saca a la luz la precariedad de los temporales"},"content":{"rendered":"<p><em>Trabajan muchas horas, tienen poca protecci\u00f3n y dependen de sus empleadores para no ser enviados de vuelta a sus pa\u00edses. Once personas, diez de ellas, trabajadores inmigrantes peruanos que viajaban en una furgoneta, <a href=\"https:\/\/diarioelpopular.com\/2012\/02\/varios-inmigrantes-entre-los-11-muertos-en-un-accidente\/\">murieron en un terrible accidente de tr\u00e1fico<\/a> ocurrido este lunes por la tarde en una carretera rural cerca de Stratford. Otras tres resultaron heridas.<\/em><\/p>\n<ul>\n<li><a href=\"https:\/\/diarioelpopular.com\/2012\/02\/varios-inmigrantes-entre-los-11-muertos-en-un-accidente\/\"><span style=\"color: #000d54\"><strong>Mueren 10 inmigrantes peruanos en un accidente en Ontario<\/strong><\/span><\/a><\/li>\n<li><a href=\"https:\/\/diarioelpopular.com\/2012\/02\/el-accidente-de-los-peruanos-saca-a-la-luz-la-precaria-situacion-de-los\/#decada\"><span style=\"color: #000d54\">El peor accidente en una d\u00e9cada<\/span><\/a><\/li>\n<li><a href=\"https:\/\/diarioelpopular.com\/2012\/02\/el-accidente-de-los-peruanos-saca-a-la-luz-la-precaria-situacion-de-los\/#victima\"><span style=\"color: #000d54\">Una de las v\u00edctimas, identificada<\/span><\/a><\/li>\n<li><a href=\"https:\/\/diarioelpopular.com\/2012\/02\/el-accidente-de-los-peruanos-saca-a-la-luz-la-precaria-situacion-de-los\/#error\"><span style=\"color: #000d54\">\u00bfError humano?\u00a0<\/span><\/a><\/li>\n<li><a href=\"https:\/\/diarioelpopular.com\/2012\/02\/el-accidente-de-los-peruanos-saca-a-la-luz-la-precaria-situacion-de-los\/#fondo\"><span style=\"color: #000d54\">Fondo de ayuda\u00a0<\/span><\/a><\/li>\n<li><a href=\"https:\/\/diarioelpopular.com\/2012\/02\/el-accidente-de-los-peruanos-saca-a-la-luz-la-precaria-situacion-de-los\/#premier\">Mensaje del premier y conmoci\u00f3n en la comunidad latina\u00a0<\/a><\/li>\n<li><a href=\"https:\/\/diarioelpopular.com\/2012\/02\/el-accidente-de-los-peruanos-saca-a-la-luz-la-precaria-situacion-de-los\/#video\"><span style=\"color: #000d54\">V\u00eddeo <\/span><\/a><\/li>\n<\/ul>\n<div id=\"attachment_203226\" style=\"width: 630px\" class=\"wp-caption aligncenter\"><a href=\"https:\/\/diarioelpopular.com\/wp-content\/uploads\/2012\/02\/Accidente-peruanos-Ontario-1.jpg\"><img loading=\"lazy\" decoding=\"async\" aria-describedby=\"caption-attachment-203226\" class=\"size-full wp-image-203226\" title=\"Accidente peruanos Ontario 1\" src=\"https:\/\/diarioelpopular.com\/wp-content\/uploads\/2012\/02\/Accidente-peruanos-Ontario-1.jpg\" alt=\"\" width=\"620\" height=\"348\" \/><\/a><p id=\"caption-attachment-203226\" class=\"wp-caption-text\">Estado en que qued\u00f3 la furgoneta tras el accidente. Foto: Dave Chidley \/ CP<\/p><\/div>\n<p>[mappress mapid=&#8221;28&#8243;]<em><strong> E<\/strong><strong>l Popular. Toronto.-<\/strong><\/em> Las condiciones en que los inmigrantes realizan los trabajos agr\u00edcolas de temporada han sido puestas bajo un renovado escrutinio como consecuencia de la tragedia ocurrida el lunes por la tarde en una carretera rural de Ontario, cuando once personas, diez de ellas trabajadores inmigrantes peruanos, perdieron la vida en un terrible accidente de tr\u00e1fico.<\/p>\n<p>Mientras los investigadores trataban de reconstruir este martes las causas del siniestro, numerosas voces en el sector agr\u00edcola denunciaron las condiciones de trabajo que encuentran muchos temporeros empleados en Canad\u00e1.<\/p>\n<p>Stan Raper, de la Alianza de Trabajadores Agr\u00edcolas, <a href=\"http:\/\/toronto.ctv.ca\/servlet\/an\/local\/CTVNews\/20120207\/labour-questions-ontario-collision-120207\/20120207\/?hub=TorontoNewHome\" target=\"_blank\">dijo a la cadena CTV News<\/a> que los temporeros trabajan muchas horas, con poca protecci\u00f3n y con poca o ninguna representaci\u00f3n sindical, lo que les vuelve muy vulnerables. \u201cLos llamamos los trabajos de las tres D: &#8216;dangerous, dirty and deadly&#8217; (peligroso, sucio y mortal)\u201d, dijo Raper a la mencionada cadena en Toronto. \u201cSon trabajos que muchos canadienses no quieren hacer\u201d.<\/p>\n<p>Raper indic\u00f3 que el agotamiento pudo haber contribuido al accidente del lunes. Los trabajadores volv\u00edan de una jornada de trabajo en una granja cercana cuando la furgoneta en la que viajaban colision\u00f3 contra un cami\u00f3n en un cruce.<\/p>\n<p>Por su parte, Deena Ladd, coordinadora del Centro de Acci\u00f3n de los Trabajadores, dijo que los trabajadores inmigrantes a menudo no reciben la misma protecci\u00f3n que los dem\u00e1s trabajadores, y que tienen pocos medios para quejarse acerca de su tratamiento.<\/p>\n<p>\u201cLos emigrantes tienen muy poco poder en su lugar de trabajo. Est\u00e1n vinculados a un empleador y pueden ser enviados de vuelta a sus pa\u00edses de origen si aumentan las exigencias sobre salud y seguridad o sobre los salarios y las condiciones\u201d, dijo Ladd en un comunicado.<\/p>\n<p>Durante d\u00e9cadas, los agricultores de todo el pa\u00eds han utilizado trabajadores temporales para satisfacer sus necesidades de trabajo de temporada.<\/p>\n<p>Cada a\u00f1o, los inmigrantes realizan tareas manuales en 1.800 granjas en nueve provincias, seg\u00fan un informe del Instituto Norte-Sur, citado por CTV. Casi 1.600 de estas granjas se encuentran en Ontario. <a name=\"decada\"><\/a><\/p>\n<div id=\"attachment_203235\" style=\"width: 310px\" class=\"wp-caption alignright\"><a href=\"https:\/\/diarioelpopular.com\/wp-content\/uploads\/2012\/02\/Accidente-peruanos-Ontario-2.jpg\"><img loading=\"lazy\" decoding=\"async\" aria-describedby=\"caption-attachment-203235\" class=\"size-medium wp-image-203235\" title=\"Accidente peruanos Ontario 2\" src=\"https:\/\/diarioelpopular.com\/wp-content\/uploads\/2012\/02\/Accidente-peruanos-Ontario-2-300x171.jpg\" alt=\"\" width=\"300\" height=\"171\" \/><\/a><p id=\"caption-attachment-203235\" class=\"wp-caption-text\">La Polic\u00eda identific\u00f3 al conductor del cami\u00f3n como Christopher Fulton, de 38 de edad, y residente en London, Ontario. Foto: Dave Chidley \/ CP<\/p><\/div>\n<p><strong>El peor accidente en una d\u00e9cada<\/strong><\/p>\n<p>El accidente, el m\u00e1s grave registrado en Ontario en una d\u00e9cada, ocurri\u00f3 el lunes por la tarde en una carretera rural al oeste de Waterloo, en Ontario, cerca de Stratford, a unos 140 kil\u00f3metros al oeste de Toronto. Once personas murieron y otras tres resultaron heridas.<\/p>\n<p>Las v\u00edctimas, con excepci\u00f3n del conductor del cami\u00f3n, eran trabajadores inmigrantes, seg\u00fan inform\u00f3 el mismo lunes un oficial de la Polic\u00eda, quien describi\u00f3 el siniestro como \u201cel peor que he visto en mis 28 a\u00f1os de servicio\u201d. Algunos de ellos acababan de llegar a Canad\u00e1.<\/p>\n<p>El accidente se produjo en la localidad de Hampstead en torno a las cinco de la tarde (hora del este), cuando un cami\u00f3n choc\u00f3 con una furgoneta de color blanco en el cruce entre la carretera 107 del condado de Perth y la calle Line 47.<\/p>\n<p>Los fallecidos, con edades comprendidas entre los 19 y los 55 a\u00f1os, son diez de las trece personas que viajaban en la furgoneta y el conductor del cami\u00f3n, seg\u00fan inform\u00f3 el inspector de la Polic\u00eda Provincial de Ontario, Steve Porter.<\/p>\n<p>Dos de los tres supervivientes fueron trasladados al hospital de Stratford y el tercero, v\u00eda a\u00e9rea, al hospital de Hamilton.<\/p>\n<p>Si bien el lunes por la noche no hab\u00eda a\u00fan detalles oficiales sobre la procedencia de las v\u00edctimas, fuentes policiales adelantaron ya que algunos de ellos eran hispanohablantes. Posteriormente, Albert Burgers, propietario de la granja Hampstead Poultry, donde los inmigrantes hab\u00edan estado trabajando durante la jornada, indic\u00f3 que la mayor\u00eda de los trabajadores eran peruanos.<\/p>\n<p>Burgers a\u00f1adi\u00f3 que cinco de los trabajadores s\u00f3lo llevaban en el pa\u00eds una semana. &#8220;Los conozco como personas suramericanas que trabajan duro. Son felices. Parece que les gusta lo que hacen. Todav\u00eda puedo ver sus caras. Me da pena por sus familias&#8221;, dijo Burgers.<\/p>\n<p>Finalmente, pasadas las dos de la tarde de este martes, hora local, fuentes del Consulado de Per\u00fa en Toronto confirmaron que los trece pasajeros de la furgoneta eran peruanos.<\/p>\n<p>El sargento David Rektor, de la Polic\u00eda Provincial de Ontario (PPO), dijo a la agencia Efe que las autoridades policiales estaban trabajando con el Departamento Forense de Ontario en Toronto para proceder a la identificaci\u00f3n de las v\u00edctimas y la localizaci\u00f3n de sus familiares. <a name=\"victima\"><\/a><\/p>\n<div id=\"attachment_203227\" style=\"width: 310px\" class=\"wp-caption alignright\"><a href=\"https:\/\/diarioelpopular.com\/wp-content\/uploads\/2012\/02\/Accidente-peruanos-Ontario-3.jpg\"><img loading=\"lazy\" decoding=\"async\" aria-describedby=\"caption-attachment-203227\" class=\"size-medium wp-image-203227\" title=\"Accidente peruanos Ontario 3\" src=\"https:\/\/diarioelpopular.com\/wp-content\/uploads\/2012\/02\/Accidente-peruanos-Ontario-3-300x168.jpg\" alt=\"\" width=\"300\" height=\"168\" \/><\/a><p id=\"caption-attachment-203227\" class=\"wp-caption-text\">Enrique Arturo Arenaza Le\u00f3n, uno de los fallecidos, identificado por el diario peruano La Rep\u00fablica<\/p><\/div>\n<p><strong>Una de las v\u00edctimas, identificada<\/strong><\/p>\n<p>El diario peruano <em>La Rep\u00fablica<\/em> pudo conocer, por intermedio de uno de sus amigos, que una de las v\u00edctimas es Enrique Arturo Arenaza Le\u00f3n, de 48 a\u00f1os de edad.<\/p>\n<p>Seg\u00fan inform\u00f3 el peri\u00f3dico, en la p\u00e1gina de Facebook del fallecido, sus amigos expresaban las condolencias a su familia por esta irreparable p\u00e9rdida. Arenaza Le\u00f3n trabajaba en Canad\u00e1 desde octubre del 2009.<\/p>\n<p>Enrique Arturo pertenec\u00eda a la Cuadrilla 16 del Se\u00f1or de los Milagros y era buen jugador de f\u00fatbol, hincha ac\u00e9rrimo de Alianza Lima, inform\u00f3 <em>La Rep\u00fablica.<\/em><\/p>\n<p>El c\u00f3nsul general del Per\u00fa en Toronto, Aurelio Pinto-Bazurco, y el adscrito Jaime Sparks se trasladaron a la ciudad de Stratford, con el fin de tener acceso al informe de la Polic\u00eda y saber las identidades de los muertos.<\/p>\n<p>Por su parte, la funcionaria de la embajada del Per\u00fa Giuliana Betalleluz manifest\u00f3 que a lo largo de toda la ma\u00f1ana recibieron cientos de llamadas desde Lima: &#8220;Muchas personas nos han llamado para preguntar por los fallecidos, la verdad es que todav\u00eda no tenemos informaci\u00f3n oficial, las autoridades del consulado est\u00e1n viendo este caso&#8221;, dijo al diario peruano El Comercio.<\/p>\n<p>Pinto-Bazurco tambi\u00e9n dijo que estuvo en contacto telef\u00f3nico con uno de los tres supervivientes del tr\u00e1gico accidente, que se encuentra internado en un hospital de Ontario.<\/p>\n<p>El c\u00f3nsul a\u00f1adi\u00f3 que los otros dos se encuentran en estado cr\u00edtico y que no hab\u00eda podido comunicarse con ellos.<\/p>\n<p>El c\u00f3nsul general peruano dijo que el impacto fue &#8220;muy violento y afect\u00f3 al costado&#8221; de la furgoneta en la que viajaban los trabajadores peruanos.<\/p>\n<p>Pinto-Bazurco declar\u00f3 que no se hab\u00eda podido comunicar con las familias de los fallecidos en Per\u00fa porque todav\u00eda no se hab\u00edan identificado los muertos.<\/p>\n<p>A\u00f1adi\u00f3 que las autoridades canadienses proceden con gran meticulosidad y paso por paso para asegurarse de la identidad de los muertos. Pero el representante peruano dijo que esperaba conocer las identidades de los fallecidos a \u00faltima hora de este martes.<\/p>\n<p>Tambi\u00e9n se\u00f1al\u00f3 que algunos familiares de las v\u00edctimas se desplazaron al dep\u00f3sito de cad\u00e1veres de Toronto donde han sido trasladados los fallecidos porque &#8220;probablemente tambi\u00e9n estaban trabajando en el pa\u00eds&#8221;.<\/p>\n<p>Seg\u00fan Pinto-Bazurco los familiares est\u00e1n todav\u00eda en estado de shock y no han decidido si repatriar a Per\u00fa los restos de sus seres queridos.<\/p>\n<p>Este martes, la Polic\u00eda identific\u00f3 al conductor del cami\u00f3n como Christopher Fulton, de 38 de edad, y residente en London, Ontario.<a name=\"error\"><\/a><\/p>\n<p><strong>\u00bfError humano?<\/strong><\/p>\n<p>La furgoneta, propiedad de la empresa Speedy Transport, viajaba hacia el oeste por la calle Line 47, en cuya intersecci\u00f3n hay una se\u00f1al de Stop, cuando fue arrollada por un cami\u00f3n de transporte que se dirig\u00eda hacia el sur, dijo el portavoz policial.<\/p>\n<p>Jared Martin, director ejecutivo de Speedy Transport, se\u00f1al\u00f3 que hab\u00eda sido informado por la Polic\u00eda de que posiblemente la furgoneta no respet\u00f3 la se\u00f1al de Stop.<\/p>\n<p>La polic\u00eda segu\u00eda este martes investigando para determinar si un error de alguno de los conductores provoc\u00f3 el accidente.<\/p>\n<p>Las im\u00e1genes difundidas por la televisi\u00f3n mostraban el lunes por la noche una furgoneta blanca, con capacidad para transportar hasta 15 personas, con un lateral reventado por el impacto. Cerca del veh\u00edculo estaba el cami\u00f3n con el que choc\u00f3, recostado sobre uno de sus laterales.<\/p>\n<p>Ambos veh\u00edculos se encontraban cerca del edificio de una granja a varios metros de la cuneta de la carretera.<\/p>\n<p>Linda Rockwood, directora de Servicios M\u00e9dicos de Urgencia de Perth, afirm\u00f3 que \u201clos param\u00e9dicos nunca hab\u00edan tenido que hacer una intervenci\u00f3n como \u00e9sta antes. Es absolutamente horrible que tantas personas mueran as\u00ed al mismo tiempo\u201d.<\/p>\n<p>A las ocho de la ma\u00f1ana de este martes la mayor parte de los restos de los veh\u00edculos siniestrados hab\u00edan sido retirados ya del lugar del accidente.<\/p>\n<p>El responsable de los equipos de emergencia que acudieron al lugar del accidente dijo este martes que nunca hab\u00eda visto &#8220;tanto da\u00f1o en una colisi\u00f3n&#8221;.<\/p>\n<p>Bill Hunter, jefe del departamento de bomberos de Perth East, se\u00f1al\u00f3 durante una rueda de prensa que &#8220;nadie espera ver una carnicer\u00eda de esa magnitud. Fue sin duda una escena terrible. Nunca antes hab\u00eda visto tanto da\u00f1o en una colisi\u00f3n de veh\u00edculos&#8221;, informa Efe.<\/p>\n<p>Hunter tambi\u00e9n declar\u00f3 que los equipos de emergencia que asistieron a las v\u00edctimas del accidente recibir\u00e1n ayuda de profesionales para que puedan superar el trauma.<\/p>\n<p>&#8220;Han visto mucho y vamos a ayudarles a sobrellevarlo&#8221;, afirm\u00f3 el jefe del departamento de bomberos.<\/p>\n<p>Empleados de la granja de Hampstead donde trabajaban las v\u00edctimas se\u00f1alaron que hab\u00edan recibido este martes un correo electr\u00f3nico de la empresa, Brian&#8217;s Poultry, indicando que se cancelar\u00e1 el trabajo durante las pr\u00f3ximas dos semanas, como consecuencia del accidente.<a name=\"fondo\"><\/a><\/p>\n<p><strong>Fondo de ayuda<\/strong><\/p>\n<p>Las autoridades regionales han anunciado la creaci\u00f3n de un fondo de ayuda para las v\u00edctimas a trav\u00e9s de las sucursales del Banco CIBC (Canadian Imperial Bank of Commerce), seg\u00fan inform\u00f3 Radio Canad\u00e1.<\/p>\n<p>El ministro de Transporte de Ontario, Bob Charelli, dijo este martes que el Gobierno provincial &#8220;proporcionar\u00e1 todo el apoyo posible&#8221; a los supervivientes y familias de los fallecidos en el accidente, informa Efe.<\/p>\n<p>Charelli tambi\u00e9n afirm\u00f3 que las autoridades provinciales crear\u00e1n una comisi\u00f3n investigadora para determinar exactamente lo sucedido. No obstante, a\u00f1adi\u00f3 que en los pr\u00f3ximos d\u00edas las autoridades se van a concentrar en las v\u00edctimas del tr\u00e1gico accidente de tr\u00e1fico, uno de los peores de la historia de la provincia.<\/p>\n<p>&#8220;En los pr\u00f3ximos d\u00edas nuestra prioridad deber\u00eda ser humanitaria y compasiva en lo que respecta a tratar a las familias y las circunstancias en torno a este accidente&#8221;, afirm\u00f3 Charelli durante una rueda de prensa.<\/p>\n<p>&#8220;Son trabajadores extranjeros que estaban aqu\u00ed en Ontario y tiene que ser aterrador para sus familias saber qu\u00e9 es lo que va a pasar ahora&#8221;, continu\u00f3.<\/p>\n<p>&#8220;La ministra de Sanidad y el premier han realizado declaraciones en las que indican que, como Gobierno, proporcionaremos tanto apoyo como sea posible a las personas que est\u00e1n involucradas en esta tragedia&#8221;, termin\u00f3 diciendo.<\/p>\n<p>Por su parte, la ministra de Sanidad de Ontario, Deb Matthews, afirm\u00f3 que investiga si los tres supervivientes pueden recibir atenci\u00f3n m\u00e9dica gratuita de la provincia.<a name=\"premier\"><\/a><\/p>\n<p><strong>Mensaje del premier y conmoci\u00f3n en la comunidad latina<\/strong><\/p>\n<p>El premier de Ontario, Dalton McGuinty, emiti\u00f3 un comunicado este lunes por la noche en el que se\u00f1al\u00f3 que, &#8220;en representaci\u00f3n de los 13 millones de ciudadanos de Ontario, deseo expresar mis m\u00e1s profundas condolencias a aquellos que han perdido a sus seres queridos, y ofrecer nuestras oraciones m\u00e1s sinceras por los que han sido hospitalizados&#8221;.<\/p>\n<p>&#8220;S\u00e9 que los habitantes de Ontario se unir\u00e1n para apoyar a las familias y amigos de las v\u00edctimas en estos momentos dif\u00edciles&#8221;, a\u00f1adi\u00f3 McGuinty.<\/p>\n<p>La comunidad latinoamericana en Canad\u00e1 reaccion\u00f3 conmocionada a la noticia del tr\u00e1gico accidente, del que informaron ampliamente los medios de comunicaci\u00f3n de toda Am\u00e9rica Latina, y especialmente los peruanos.<\/p>\n<p>Muchos enviaron mensajes de condolencia a los familiares de las v\u00edctimas, al tiempo que expresaban su ansiedad por la falta de informaci\u00f3n sobre la identidad de los fallecidos.<\/p>\n<p>Las redes sociales se llenaron de muestras de apoyo, pero tambi\u00e9n de quejas por la falta de datos y por la situaci\u00f3n precaria en la que se encuentran muchos de los trabajadores inmigrantes temporeros, tanto en Canad\u00e1 como en otras partes del mundo.<a name=\"video\"><\/a><\/p>\n<p style=\"text-align: center\">[youtube BQe0QZasOcA nolink]<\/p>\n","protected":false},"excerpt":{"rendered":"<p>Trabajan muchas horas, tienen poca protecci\u00f3n y dependen de sus empleadores para no ser enviados de vuelta.<br \/>\n<a href=\"http:\/\/diarioelpopular.com\/2012\/02\/varios-inmigrantes-entre-los-11-muertos-en-un-accidente\/\"><span style=\"color: #000D54\"><strong>\u00bb<\/strong> Mueren 10 inmigrantes peruanos en un accidente en Ontario<\/span><\/a><br \/>\n<a href=\"http:\/\/diarioelpopular.com\/2012\/02\/el-accidente-de-los-peruanos-saca-a-la-luz-la-precaria-situacion-de-los\/#decada\"><span style=\"color: #000D54\"><strong>\u00bb<\/strong> El peor accidente en una d\u00e9cada<\/span><\/a> <a href=\"http:\/\/diarioelpopular.com\/2012\/02\/el-accidente-de-los-peruanos-saca-a-la-luz-la-precaria-situacion-de-los\/#victima\"><span style=\"color: #000D54\"><strong>\u00bb<\/strong> Una v\u00edctima, identificada<\/span><\/a><br \/>\n<a href=\"http:\/\/diarioelpopular.com\/2012\/02\/el-accidente-de-los-peruanos-saca-a-la-luz-la-precaria-situacion-de-los\/#error\"><span style=\"color: #000D54\"><strong>\u00bb<\/strong> \u00bfError humano? <\/span><\/a> <a href=\"http:\/\/diarioelpopular.com\/2012\/02\/el-accidente-de-los-peruanos-saca-a-la-luz-la-precaria-situacion-de-los\/#fondo\"><span style=\"color: #000D54\"><strong>\u00bb<\/strong> Fondo de ayuda <\/span><\/a> <a href=\"http:\/\/diarioelpopular.com\/2012\/02\/el-accidente-de-los-peruanos-saca-a-la-luz-la-precaria-situacion-de-los\/#video\"><span style=\"color: #000D54\"><strong>\u00bb<\/strong> V\u00eddeo <\/span><\/a><br \/>\n<a href=\"http:\/\/diarioelpopular.com\/2012\/02\/el-accidente-de-los-peruanos-saca-a-la-luz-la-precaria-situacion-de-los\/#premier\"><span style=\"color: #000D54\"><strong>\u00bb<\/strong> Mensaje del premier y conmoci\u00f3n en la comunidad latina <\/span><\/a><\/p>\n","protected":false},"author":1,"featured_media":203225,"comment_status":"closed","ping_status":"open","sticky":false,"template":"","format":"standard","meta":{"footnotes":""},"categories":[21],"tags":[297,1485,595,1486,1487,1488,1026,135,1489,272,991,1490,1491,1492,717,1493],"class_list":["post-203223","post","type-post","status-publish","format-standard","has-post-thumbnail","hentry","category-canada","tag-accidente","tag-brians-poultry","tag-crash","tag-enrique-arturo-arenaza-leon","tag-furgoneta","tag-hampstead","tag-inmigrantes","tag-ontario","tag-perth-county-road","tag-peru","tag-peruanos","tag-stratford","tag-temporeros","tag-van","tag-video","tag-waterloo"],"_links":{"self":[{"href":"https:\/\/diarioelpopular.com\/index.php\/wp-json\/wp\/v2\/posts\/203223","targetHints":{"allow":["GET"]}}],"collection":[{"href":"https:\/\/diarioelpopular.com\/index.php\/wp-json\/wp\/v2\/posts"}],"about":[{"href":"https:\/\/diarioelpopular.com\/index.php\/wp-json\/wp\/v2\/types\/post"}],"author":[{"embeddable":true,"href":"https:\/\/diarioelpopular.com\/index.php\/wp-json\/wp\/v2\/users\/1"}],"replies":[{"embeddable":true,"href":"https:\/\/diarioelpopular.com\/index.php\/wp-json\/wp\/v2\/comments?post=203223"}],"version-history":[{"count":0,"href":"https:\/\/diarioelpopular.com\/index.php\/wp-json\/wp\/v2\/posts\/203223\/revisions"}],"wp:featuredmedia":[{"embeddable":true,"href":"https:\/\/diarioelpopular.com\/index.php\/wp-json\/"}],"wp:attachment":[{"href":"https:\/\/diarioelpopular.com\/index.php\/wp-json\/wp\/v2\/media?parent=203223"}],"wp:term":[{"taxonomy":"category","embeddable":true,"href":"https:\/\/diarioelpopular.com\/index.php\/wp-json\/wp\/v2\/categories?post=203223"},{"taxonomy":"post_tag","embeddable":true,"href":"https:\/\/diarioelpopular.com\/index.php\/wp-json\/wp\/v2\/tags?post=203223"}],"curies":[{"name":"wp","href":"https:\/\/api.w.org\/{rel}","templated":true}]}}