{"id":20351,"date":"2011-12-04T21:56:20","date_gmt":"2011-12-05T02:56:20","guid":{"rendered":"http:\/\/diarioelpopular.com\/?p=20351"},"modified":"2011-12-04T21:56:20","modified_gmt":"2011-12-05T02:56:20","slug":"socrates-el-doctor-del-futbol-democratico","status":"publish","type":"post","link":"https:\/\/diarioelpopular.com\/index.php\/2011\/12\/04\/socrates-el-doctor-del-futbol-democratico\/","title":{"rendered":"S\u00f3crates, el doctor del f\u00fatbol democr\u00e1tico"},"content":{"rendered":"<div id=\"attachment_10476\" style=\"width: 710px\" class=\"wp-caption aligncenter\"><a href=\"https:\/\/diarioelpopular.com\/wp-content\/uploads\/2011\/09\/S%C3%B3crates.jpg\"><img loading=\"lazy\" decoding=\"async\" aria-describedby=\"caption-attachment-10476\" class=\"size-full wp-image-10476\" title=\"S\u00f3crates\" src=\"https:\/\/diarioelpopular.com\/wp-content\/uploads\/2011\/09\/S%C3%B3crates.jpg\" alt=\"\" width=\"700\" height=\"420\" \/><\/a><p id=\"caption-attachment-10476\" class=\"wp-caption-text\">S\u00f3crates (en primer plano), con Zico, durante el Mundial de f\u00fatbol de 1982, celebrado en Espa\u00f1a<\/p><\/div>\n<p><em><strong>Efe. Sao Paulo (Brasil).-<\/strong><\/em> El &#8220;Doctor&#8221; S\u00f3crates,<a href=\"https:\/\/diarioelpopular.com\/2011\/12\/muere-el-gran-exfutbolista-socrates-a-los-57-anos\/\"> fallecido este domingo a los 57 a\u00f1os<\/a>, no se gradu\u00f3 de campe\u00f3n en los dos mundiales que jug\u00f3, pero tiene un sitio reservado entre los grandes del f\u00fatbol por su talento y el espect\u00e1culo que ofreci\u00f3 con Brasil en Espa\u00f1a 82 y M\u00e9xico 86.<\/p>\n<p>S\u00f3crates Brasileiro Sampaio de Sousa Vieira de Oliveira muri\u00f3 hoy en un hospital de Sao Paulo, a consecuencia de un &#8220;choque s\u00e9ptico&#8221; derivado de graves problemas asociados a sus excesos con el alcohol, que ya la hab\u00edan provocado una cirrosis hep\u00e1tica.<\/p>\n<p>Falleci\u00f3 precisamente el d\u00eda en que el Corinthians, el equipo que marc\u00f3 su carrera deportiva, puede consagrarse campe\u00f3n brasile\u00f1o por quinta vez en la \u00faltima jornada del torneo, que seguramente estar\u00e1 llena de homenajes a su memoria de todas las hinchadas del pa\u00eds.<\/p>\n<p>Su nombre de fil\u00f3sofo griego siempre llam\u00f3 la atenci\u00f3n en el f\u00fatbol, as\u00ed como su espigada figura con una estatura de 1,91 metros y la elegancia de su juego, en especial su habilidad para hacer pases con el tal\u00f3n, con lo que puso en aprietos a muchos rivales.<\/p>\n<p>Pero la calidad no siempre va de la mano de la suerte y eso lo constataron el capit\u00e1n S\u00f3crates, centrocampista armador, due\u00f1o de la camisa n\u00famero 8, y los dem\u00e1s miembros de la constelaci\u00f3n que el entrenador Tel\u00e9 Santana llev\u00f3 a los estadios espa\u00f1oles y mexicanos en los mundiales de 1982 y 1986.<\/p>\n<p>Con astros deslumbrantes como Zico, Falcao, Junior y Toninho Cerezo, entre otros, S\u00f3crates form\u00f3 la mejor selecci\u00f3n brasile\u00f1a despu\u00e9s de Pel\u00e9, pero ese equipo de ensue\u00f1o, el favorito, fue apeado de los dos mundiales antes de las semifinales y termin\u00f3 ambos en el quinto lugar.<\/p>\n<p>En el Mundial de Espa\u00f1a, S\u00f3crates marc\u00f3 dos goles: uno en el primer partido, en el que Brasil venci\u00f3 2-1 a la Uni\u00f3n Sovi\u00e9tica, y otro en el \u00faltimo y decisivo, aquel juego dram\u00e1tico en el que el equipo del &#8220;jogo bonito&#8221; fue eliminado al caer por 2-3 ante la Italia de Paolo Rossi, el verdugo de la tarde, autor de las tres anotaciones de la &#8220;Azzurra&#8221;.<\/p>\n<p>En 1986, en M\u00e9xico, marc\u00f3 otros dos: el de la victoria 1-0 en el estreno ante Espa\u00f1a, de cabeza, y el primero de la goleada 4-0 a Polonia, pero en los cuartos tuvo el infortunio de perder ante Francia uno de los cobros de la tanda de penaltis tras el empate 1-1 y Brasil volvi\u00f3 a quedar eliminado.<\/p>\n<p>Fue su despedida de la selecci\u00f3n pero no del f\u00fatbol profesional, al que dedic\u00f3 tres a\u00f1os m\u00e1s para luego centrarse en el ejercicio de la medicina, profesi\u00f3n que estudi\u00f3 en paralelo con sus inicios como jugador en el Botafogo de Ribeirao Preto. De ah\u00ed el sobrenombre de &#8220;Doctor&#8221; que le acompa\u00f1\u00f3 toda su vida deportiva.<\/p>\n<p>S\u00f3crates, nacido el 19 de febrero de 1954 en Bel\u00e9n, capital del estado amaz\u00f3nico de Par\u00e1, milit\u00f3 tambi\u00e9n en el Corinthians, Flamengo y Santos, as\u00ed como en el club italiano Fiorentina.<\/p>\n<p>En el Corinthians hizo historia no s\u00f3lo por su f\u00fatbol sino por liderar la Democracia Corintiana, un movimiento de corte pol\u00edtico que defend\u00eda mayor participaci\u00f3n de los jugadores en la gesti\u00f3n del club.<\/p>\n<p>Su hermano menor, el tambi\u00e9n centrocampista Ra\u00ed, brill\u00f3 tanto como S\u00f3crates en los clubes de Brasil y el exterior en los que jug\u00f3, pero en la selecci\u00f3n no alcanz\u00f3 el prestigio del &#8220;Doctor&#8221;.<\/p>\n<p>Sus conocimientos de medicina no bastaron para impedirle caer en las garras del alcoholismo, una enfermedad que lo tuvo a maltraer en los \u00faltimos a\u00f1os y hoy finalmente caus\u00f3 su muerte.<\/p>\n<p>Este a\u00f1o, tuvo que ser ingresado tres veces en un hospital debido a una aguda cirrosis hep\u00e1tica, hasta que la tercera fue la vencida y el alcohol le gan\u00f3 al &#8220;Doctor&#8221; la batalla por la vida.<\/p>\n","protected":false},"excerpt":{"rendered":"<p>El &#8220;Doctor&#8221; S\u00f3crates, fallecido este domingo a los 57 a\u00f1os, no se gradu\u00f3 de campe\u00f3n en los dos mundiales que jug\u00f3, pero tiene un sitio reservado entre los grandes del f\u00fatbol por su talento y el espect\u00e1culo que ofreci\u00f3 con Brasil en Espa\u00f1a 82 y M\u00e9xico 86.<\/p>\n","protected":false},"author":1,"featured_media":10476,"comment_status":"closed","ping_status":"open","sticky":false,"template":"","format":"standard","meta":{"footnotes":""},"categories":[28],"tags":[478,179,7605],"class_list":["post-20351","post","type-post","status-publish","format-standard","has-post-thumbnail","hentry","category-deportes","tag-brasil","tag-futbol-2","tag-socrates"],"_links":{"self":[{"href":"https:\/\/diarioelpopular.com\/index.php\/wp-json\/wp\/v2\/posts\/20351","targetHints":{"allow":["GET"]}}],"collection":[{"href":"https:\/\/diarioelpopular.com\/index.php\/wp-json\/wp\/v2\/posts"}],"about":[{"href":"https:\/\/diarioelpopular.com\/index.php\/wp-json\/wp\/v2\/types\/post"}],"author":[{"embeddable":true,"href":"https:\/\/diarioelpopular.com\/index.php\/wp-json\/wp\/v2\/users\/1"}],"replies":[{"embeddable":true,"href":"https:\/\/diarioelpopular.com\/index.php\/wp-json\/wp\/v2\/comments?post=20351"}],"version-history":[{"count":0,"href":"https:\/\/diarioelpopular.com\/index.php\/wp-json\/wp\/v2\/posts\/20351\/revisions"}],"wp:featuredmedia":[{"embeddable":true,"href":"https:\/\/diarioelpopular.com\/index.php\/wp-json\/"}],"wp:attachment":[{"href":"https:\/\/diarioelpopular.com\/index.php\/wp-json\/wp\/v2\/media?parent=20351"}],"wp:term":[{"taxonomy":"category","embeddable":true,"href":"https:\/\/diarioelpopular.com\/index.php\/wp-json\/wp\/v2\/categories?post=20351"},{"taxonomy":"post_tag","embeddable":true,"href":"https:\/\/diarioelpopular.com\/index.php\/wp-json\/wp\/v2\/tags?post=20351"}],"curies":[{"name":"wp","href":"https:\/\/api.w.org\/{rel}","templated":true}]}}