{"id":20378,"date":"2011-12-04T22:06:14","date_gmt":"2011-12-05T03:06:14","guid":{"rendered":"http:\/\/diarioelpopular.com\/?p=20378"},"modified":"2011-12-04T22:06:14","modified_gmt":"2011-12-05T03:06:14","slug":"italia-aprueba-un-plan-de-ajuste-de-30-000-millones-de-euros","status":"publish","type":"post","link":"https:\/\/diarioelpopular.com\/index.php\/2011\/12\/04\/italia-aprueba-un-plan-de-ajuste-de-30-000-millones-de-euros\/","title":{"rendered":"Italia aprueba un plan de ajuste de 30.000 millones de euros"},"content":{"rendered":"<div id=\"attachment_20379\" style=\"width: 710px\" class=\"wp-caption aligncenter\"><a href=\"https:\/\/diarioelpopular.com\/wp-content\/uploads\/2011\/12\/La-ministra-de-Trabajo-italiana-Elsa-Fornero.jpg\"><img loading=\"lazy\" decoding=\"async\" aria-describedby=\"caption-attachment-20379\" class=\"size-full wp-image-20379\" title=\"La ministra de Trabajo italiana, Elsa Fornero\" src=\"https:\/\/diarioelpopular.com\/wp-content\/uploads\/2011\/12\/La-ministra-de-Trabajo-italiana-Elsa-Fornero.jpg\" alt=\"\" width=\"700\" height=\"420\" \/><\/a><p id=\"caption-attachment-20379\" class=\"wp-caption-text\">La ministra de Trabajo, Elsa Fornero, no puede contener las l\u00e1grimas al comparecer ante los medios en Roma, para confirmar que las pensiones llamadas de ancianidad se alcanzar\u00e1n con 42 a\u00f1os de contribuci\u00f3n para los hombres y con 41 para los mujeres, un tema delicado para los sindicatos. Foto: Serena Cremaschi \/ Efe<\/p><\/div>\n<p><em><strong>Efe. Roma.-<\/strong><\/em> El Consejo de Ministros del Gobierno italiano presidido por Mario Monti, aprob\u00f3 este domingo el primer ajuste presupuestario del Ejecutivo de tecn\u00f3cratas por un monto de 30.000 millones de euros, que este lunes ser\u00e1 ilustrado por el excomisario en el Parlamento de\u00a0Italia, informaron fuentes gubernamentales.<\/p>\n<p>El plan de ajuste prev\u00e9 entre 12.000 y 13.000 millones de euros en reducci\u00f3n de gastos y otros 18.000 millones de euros de aumento de los ingresos en las arcas p\u00fablicas.<\/p>\n<p>En dicho plan, 20.000 millones de euros corresponden a ajustes presupuestarios y otros 10.000 millones de euros en gastos a favor del crecimiento, del sistema productivo y del trabajo, seg\u00fan un comunicado de a presidencia del Gobierno.<\/p>\n<p>La aprobaci\u00f3n del paquete de medidas econ\u00f3micas y financieras estaba prevista para ma\u00f1ana, lunes, pero a primeras horas de la tarde se decidi\u00f3 adelantar el Consejo de Ministros, que ha durado m\u00e1s de tres horas, una vez que el presidente Monti finalizara la ilustraci\u00f3n del plan a sindicatos, empresarios y agentes sociales.<\/p>\n<p>Monti, que compareci\u00f3 en rueda de prensa, explic\u00f3 que su Gobierno tiene &#8220;un mandato de corta duraci\u00f3n&#8221; y &#8220;el severo compromiso de ayudar a\u00a0Italia\u00a0a salir de una crisis grav\u00edsima&#8221;.<\/p>\n<p>Avanz\u00f3 que la reforma laboral ser\u00e1 abordada las pr\u00f3ximas semanas y en cuanto a los costes de la pol\u00edtica refiri\u00f3 que su Ejecutivo va &#8220;a declarar no solo lo que se nos pide actualmente a los cargos p\u00fabicos, sino a declarar por entero nuestro patrimonio&#8221;.<\/p>\n<p>Por tanto, Monti afirm\u00f3 que renuncia a la compensaci\u00f3n retributiva como primer ministro y ministro de Econom\u00eda.<\/p>\n<p>&#8220;El ente que m\u00e1s merece la donaci\u00f3n de sueldo de primer ministro y ministro de Econom\u00eda es el Tesoro italiano y por eso ha decidido no cobrarlo m\u00e1s y d\u00e1rselo a alguna causa ben\u00e9fica&#8221;, espet\u00f3.<\/p>\n<p>El presidente del Gobierno, que quiere que el decreto se llame &#8220;Salva-Italia&#8221;, agreg\u00f3 que apoyar\u00e1 la propuesta de crear un impuesto sobre las transacciones financieras en sede europea, sobre lo que\u00a0Italia\u00a0hasta ahora hab\u00eda tenido una posici\u00f3n contraria.<\/p>\n<p>Y aleg\u00f3 que habr\u00e1 &#8220;sacrificios&#8221; pero tambi\u00e9n acciones en apoyo de las empresas, liberalizaciones en inter\u00e9s de consumidores y de la competencia y que la lucha contra la evasi\u00f3n fiscal es una prioridad del Gobierno que excluye la opci\u00f3n de recurrir a amnist\u00edas.<\/p>\n<p>Por su parte, la ministra de Trabajo, Elsa Fornero, abord\u00f3 el sistema de pensiones, con el aumento de 42 a\u00f1os para los hombres y 41 para los mujeres del m\u00ednimo de a\u00f1os cotizados para poder percibir la pensi\u00f3n &#8220;anticipada&#8221;, dijo.<\/p>\n<p>La jubilaci\u00f3n en el sector privado lo obtendr\u00e1n las mujeres a partir de los 62 a\u00f1os y los hombres a 66 a\u00f1os en 2012 con una penalizaci\u00f3n del 3 % por a\u00f1o para los que se jubilen antes, mientras que la equiparaci\u00f3n total de edades ser\u00e1 de 66 a\u00f1os en 2018, a\u00f1adi\u00f3.<\/p>\n<p>Al finalizar con l\u00e1grimas la ministra su intervenci\u00f3n, Monti refiri\u00f3 que el plan contempla el bloqueo de la adecuaci\u00f3n a la inflaci\u00f3n de las pensiones por encima de los 960 euros y la salvaguardia de las pensiones m\u00ednimas que conservar\u00e1n el 100 por ciento de la adecuaci\u00f3n a la inflaci\u00f3n.<a name=\"video\"><\/a><\/p>\n<p style=\"text-align: center\">[youtube aTq0nJWrWcA nolink]<\/p>\n<p>El ministro de Desarrollo Econ\u00f3mico, Corrado Passera, anunci\u00f3 por su parte que habr\u00e1 un reforzamiento del fondo de garant\u00eda para asegurar de entre de 20 y 25.000 millones de euros de cr\u00e9dito a las pymes y se\u00f1al\u00f3 que &#8220;se premiar\u00e1 fiscalmente el capital que invierta en las empresas&#8221;.<\/p>\n<p>Seg\u00fan el comunicado del Gobierno, se establece un impuesto al patrimonio y al lujo &#8220;para superar la crisis&#8221;.<\/p>\n<p>A ello se a\u00f1ade una intervenci\u00f3n fiscal con 1,5 por ciento a cargo de los capitales que han vuelto a entrar en\u00a0Italia\u00a0con el llamado &#8220;escudo fiscal&#8221; y otros impuestos sobre ciertos bienes de lujo como autom\u00f3viles de gran cilindrada, embarcaciones y aviones.<\/p>\n<p>Y para evitar la evasi\u00f3n fiscal, se establece que a partir de 1.000 euros hay que justificar su procedencia.<\/p>\n<p>El plan contempla tambi\u00e9n la liberalizaci\u00f3n de todos los obst\u00e1culos para la apertura de nuevos negocios comerciales, incluidas las farmacias, y evita cualquier l\u00edmite de horario y de d\u00eda de apertura.<\/p>\n<p>Suprime adem\u00e1s, diversas agencias p\u00fablicas &#8220;ya no consideradas \u00fatiles&#8221; y en cuanto al aumento del IVA, &#8220;se ha pensado en dos puntos porcentuales a partir del septiembre de 2012&#8243;, solo en el caso que sea necesario&#8221;.<\/p>\n<p>El plan contempla tambi\u00e9n un impuesto &#8220;experimental&#8221; sobre la primera vivienda.<\/p>\n<p>Un paquete de reformas, conocido como &#8220;equidad-crecimiento-rigor&#8221; seg\u00fan Monti, encaminado a &#8220;estimular el crecimiento y contener la enorme deuda p\u00fablica&#8221;, que alcanza el 120 % del PIB, que incluye reformas estructurales, para centrar el equilibrio fiscal para el 2013.<\/p>\n","protected":false},"excerpt":{"rendered":"<p>El Consejo de Ministros del Gobierno italiano presidido por Mario Monti, aprob\u00f3 este domingo el primer ajuste presupuestario del Ejecutivo de tecn\u00f3cratas por un monto de 30.000 millones de euros.<br \/>\n<a href=\"http:\/\/diarioelpopular.com\/2011\/12\/italia-aprueba-un-plan-de-ajuste-de-30-000-millones-de-euros\/#video\"><span style=\"color: #000D54\"><strong>\u00bb VIDEO: <\/strong>La ministra de Trabajo italiana llora al anunciar el nuevo sistema de pensiones<\/span><\/a><\/p>\n","protected":false},"author":1,"featured_media":20379,"comment_status":"closed","ping_status":"open","sticky":false,"template":"","format":"standard","meta":{"footnotes":""},"categories":[24],"tags":[6367,565,800,9009,6329,824,9010,372],"class_list":["post-20378","post","type-post","status-publish","format-standard","has-post-thumbnail","hentry","category-mundo","tag-ajuste","tag-crisis","tag-deuda","tag-elsa-fornero","tag-euro","tag-italia","tag-monti","tag-recortes"],"_links":{"self":[{"href":"https:\/\/diarioelpopular.com\/index.php\/wp-json\/wp\/v2\/posts\/20378","targetHints":{"allow":["GET"]}}],"collection":[{"href":"https:\/\/diarioelpopular.com\/index.php\/wp-json\/wp\/v2\/posts"}],"about":[{"href":"https:\/\/diarioelpopular.com\/index.php\/wp-json\/wp\/v2\/types\/post"}],"author":[{"embeddable":true,"href":"https:\/\/diarioelpopular.com\/index.php\/wp-json\/wp\/v2\/users\/1"}],"replies":[{"embeddable":true,"href":"https:\/\/diarioelpopular.com\/index.php\/wp-json\/wp\/v2\/comments?post=20378"}],"version-history":[{"count":0,"href":"https:\/\/diarioelpopular.com\/index.php\/wp-json\/wp\/v2\/posts\/20378\/revisions"}],"wp:featuredmedia":[{"embeddable":true,"href":"https:\/\/diarioelpopular.com\/index.php\/wp-json\/"}],"wp:attachment":[{"href":"https:\/\/diarioelpopular.com\/index.php\/wp-json\/wp\/v2\/media?parent=20378"}],"wp:term":[{"taxonomy":"category","embeddable":true,"href":"https:\/\/diarioelpopular.com\/index.php\/wp-json\/wp\/v2\/categories?post=20378"},{"taxonomy":"post_tag","embeddable":true,"href":"https:\/\/diarioelpopular.com\/index.php\/wp-json\/wp\/v2\/tags?post=20378"}],"curies":[{"name":"wp","href":"https:\/\/api.w.org\/{rel}","templated":true}]}}