{"id":20456,"date":"2011-12-05T23:06:27","date_gmt":"2011-12-06T04:06:27","guid":{"rendered":"http:\/\/diarioelpopular.com\/?p=20456"},"modified":"2011-12-05T23:06:27","modified_gmt":"2011-12-06T04:06:27","slug":"la-opinion-publica-exagera-el-numero-real-de-inmigrantes","status":"publish","type":"post","link":"https:\/\/diarioelpopular.com\/index.php\/2011\/12\/05\/la-opinion-publica-exagera-el-numero-real-de-inmigrantes\/","title":{"rendered":"La opini\u00f3n p\u00fablica exagera el n\u00famero real de inmigrantes"},"content":{"rendered":"<div id=\"attachment_20457\" style=\"width: 710px\" class=\"wp-caption aligncenter\"><a href=\"https:\/\/diarioelpopular.com\/wp-content\/uploads\/2011\/12\/Inmigrantes.jpg\"><img loading=\"lazy\" decoding=\"async\" aria-describedby=\"caption-attachment-20457\" class=\"size-full wp-image-20457 \" title=\"Inmigrantes\" src=\"https:\/\/diarioelpopular.com\/wp-content\/uploads\/2011\/12\/Inmigrantes.jpg\" alt=\"\" width=\"700\" height=\"420\" \/><\/a><p id=\"caption-attachment-20457\" class=\"wp-caption-text\">Inmigrantes hispanos en Estados Unidos<\/p><\/div>\n<p><em><strong>Efe. Ginebra (Suiza).-<\/strong><\/em> Las opiniones p\u00fablicas suelen sobredimensionar el n\u00famero real de inmigrantes en sus pa\u00edses hasta en un 300 por ciento, afirm\u00f3 este lunes la Organizaci\u00f3n Internacional para las Migraciones (OIM), bas\u00e1ndose en el resultado de encuestas realizadas en naciones industrializadas.<\/p>\n<p>En Estados Unidos el p\u00fablico cree que los inmigrantes representan el 39 por ciento de la poblaci\u00f3n, cuando en verdad son s\u00f3lo el 14 por ciento, en Espa\u00f1a los encuestados coincidieron en que eran el 21 por ciento, frente al 14 por ciento de la realidad.<\/p>\n<p>Mucho m\u00e1s lejos de la realidad est\u00e1n los italianos, donde la percepci\u00f3n hace creer que los extranjeros son una cuarta parte de la poblaci\u00f3n, cuando apenas suponen un 7 por ciento, mientras que en Canad\u00e1 los calculan en 39 por ciento frente a un 20 por ciento real.<\/p>\n<p>Una de las explicaciones para esta importante distorsi\u00f3n en la percepci\u00f3n del volumen de inmigrantes es que \u00e9stos suelen estar concentrados en las zonas urbanas, lo que los vuelve m\u00e1s &#8220;visibles&#8221;, se\u00f1al\u00f3 Gervais Appave, uno de los coautores del informe sobre las migraciones en el mundo en 2011 de la OIM, donde se citan esos resultados.<\/p>\n<p>Otra raz\u00f3n es que la gente suele considerar de manera equivocada a los solicitantes de asilo, refugiados, a personas llegadas por reunificaci\u00f3n familiar, estudiantes y, en ocasiones, hasta a los turistas, como inmigrantes, indic\u00f3 el experto.<\/p>\n<p>El an\u00e1lisis de la OIM tambi\u00e9n confirma la tendencia a exagerar el volumen de inmigrantes que entran a los pa\u00edses de manera ilegal y que se cree que son m\u00e1s que los que ingresan legalmente.<\/p>\n<p>Esta percepci\u00f3n tampoco refleja la realidad, seg\u00fan Appave, quien dijo que al menos dos de cada tres inmigrantes entran a los pa\u00edses con documentos en regla, aunque una parte se quede despu\u00e9s m\u00e1s all\u00e1 de la estancia m\u00e1xima autorizada.<\/p>\n<p>No obstante, las actitudes del p\u00fablico hacia los residentes de origen extranjero var\u00edan considerablemente en funci\u00f3n de la situaci\u00f3n econ\u00f3mica y de los niveles de desempleo en el pa\u00eds, as\u00ed como de su propia condici\u00f3n socio-econ\u00f3mica, edad y nivel educativo.<\/p>\n<p>Bas\u00e1ndose en un estudio realizado en Australia, Appave dijo que el perfil de las personas m\u00e1s negativas frente a la inmigraci\u00f3n es: mayor de 65 a\u00f1os, sin educaci\u00f3n superior, sin formaci\u00f3n especializada y que se identifica claramente con una religi\u00f3n sin ser practicante.<\/p>\n<p>Para corregir las ideas tergiversadas que proliferan sobre la inmigraci\u00f3n, el informe de la OIM considera fundamental &#8220;despolitizar&#8221; el debate y que los responsables pol\u00edticos trabajen m\u00e1s de cerca con la prensa para impulsar las informaciones equilibradas.<\/p>\n<p>&#8220;Se necesita un debate p\u00fablico que aborde de manera honesta las ventajas y desventajas de la migraci\u00f3n, pero en base a evidencias&#8221;, dijo el analista.<\/p>\n<p>El segundo coautor del informe, Frank Laczko, sostuvo que el Reino Unido es uno de los pa\u00edses europeos donde el debate sobre la inmigraci\u00f3n est\u00e1 m\u00e1s polarizado y la gente piensa en solicitantes de asilo cuando se le pregunta sobre los inmigrantes.<\/p>\n<p>En ese pa\u00eds, sin embargo, el mayor flujo de inmigraci\u00f3n lo constituyen los j\u00f3venes estudiantes en formaci\u00f3n superior.<\/p>\n<p>&#8220;Hay una percepci\u00f3n muy equivocada de la inmigraci\u00f3n en ciertos pa\u00edses. Cuando se pregunta a la gente si cree que los inmigrantes son la causa del desempleo, las respuestas son m\u00e1s duras en pa\u00edses como el Reino Unido, Espa\u00f1a e Italia, que en pa\u00edses del norte de Europa, como Alemania&#8221;, explic\u00f3.<\/p>\n<p>La actitud negativa hacia los inmigrantes contradice la posici\u00f3n oficial de la Uni\u00f3n Europea, que considera que necesitar\u00e1 m\u00e1s inmigrantes en el futuro por razones econ\u00f3micas y demogr\u00e1ficas.<\/p>\n<p>Laczko recalc\u00f3 adem\u00e1s que Europa va rezagada en la competici\u00f3n internacional por trabajadores inmigrantes altamente cualificados, que perciben que los est\u00edmulos son mayores para emigrar a Estados Unidos, Canad\u00e1 o Jap\u00f3n.<\/p>\n","protected":false},"excerpt":{"rendered":"<p>Las opiniones p\u00fablicas suelen sobredimensionar el n\u00famero real de inmigrantes en sus pa\u00edses hasta en un 300 por ciento, afirm\u00f3 este lunes la Organizaci\u00f3n Internacional para las Migraciones (OIM), bas\u00e1ndose en el resultado de encuestas realizadas en naciones industrializadas.<\/p>\n","protected":false},"author":1,"featured_media":20457,"comment_status":"closed","ping_status":"open","sticky":false,"template":"","format":"standard","meta":{"footnotes":""},"categories":[25,24],"tags":[289,1026],"class_list":["post-20456","post","type-post","status-publish","format-standard","has-post-thumbnail","hentry","category-inmigracion","category-mundo","tag-inmigracion-2","tag-inmigrantes"],"_links":{"self":[{"href":"https:\/\/diarioelpopular.com\/index.php\/wp-json\/wp\/v2\/posts\/20456","targetHints":{"allow":["GET"]}}],"collection":[{"href":"https:\/\/diarioelpopular.com\/index.php\/wp-json\/wp\/v2\/posts"}],"about":[{"href":"https:\/\/diarioelpopular.com\/index.php\/wp-json\/wp\/v2\/types\/post"}],"author":[{"embeddable":true,"href":"https:\/\/diarioelpopular.com\/index.php\/wp-json\/wp\/v2\/users\/1"}],"replies":[{"embeddable":true,"href":"https:\/\/diarioelpopular.com\/index.php\/wp-json\/wp\/v2\/comments?post=20456"}],"version-history":[{"count":0,"href":"https:\/\/diarioelpopular.com\/index.php\/wp-json\/wp\/v2\/posts\/20456\/revisions"}],"wp:featuredmedia":[{"embeddable":true,"href":"https:\/\/diarioelpopular.com\/index.php\/wp-json\/"}],"wp:attachment":[{"href":"https:\/\/diarioelpopular.com\/index.php\/wp-json\/wp\/v2\/media?parent=20456"}],"wp:term":[{"taxonomy":"category","embeddable":true,"href":"https:\/\/diarioelpopular.com\/index.php\/wp-json\/wp\/v2\/categories?post=20456"},{"taxonomy":"post_tag","embeddable":true,"href":"https:\/\/diarioelpopular.com\/index.php\/wp-json\/wp\/v2\/tags?post=20456"}],"curies":[{"name":"wp","href":"https:\/\/api.w.org\/{rel}","templated":true}]}}