{"id":20494,"date":"2011-12-05T21:11:45","date_gmt":"2011-12-06T02:11:45","guid":{"rendered":"http:\/\/diarioelpopular.com\/?p=20494"},"modified":"2011-12-05T21:11:45","modified_gmt":"2011-12-06T02:11:45","slug":"francia-y-alemania-impulsan-un-nuevo-tratado-para-la-ue","status":"publish","type":"post","link":"https:\/\/diarioelpopular.com\/index.php\/2011\/12\/05\/francia-y-alemania-impulsan-un-nuevo-tratado-para-la-ue\/","title":{"rendered":"Francia y Alemania impulsan un nuevo Tratado para la UE"},"content":{"rendered":"<div id=\"attachment_20495\" style=\"width: 710px\" class=\"wp-caption aligncenter\"><a href=\"https:\/\/diarioelpopular.com\/wp-content\/uploads\/2011\/12\/Sarkozy-y-Merkel.jpg\"><img loading=\"lazy\" decoding=\"async\" aria-describedby=\"caption-attachment-20495\" class=\"size-full wp-image-20495\" title=\"Sarkozy y Merkel\" src=\"https:\/\/diarioelpopular.com\/wp-content\/uploads\/2011\/12\/Sarkozy-y-Merkel.jpg\" alt=\"\" width=\"700\" height=\"420\" \/><\/a><p id=\"caption-attachment-20495\" class=\"wp-caption-text\">Nicolas Sarkozy da la bienvenida a la canciller alemana, Angela Merkel, a su llegada al Palacio del El\u00edseo en Par\u00eds (Francia) para avanzar las propuestas comunes, de cara a la cumbre europea de esta semana. Foto: Ian Langsdon \/ Efe<\/p><\/div>\n<p><em><strong>Efe. Par\u00eds.-<\/strong><\/em> Francia y Alemania expusieron este lunes su plan de reforma urgente de la\u00a0Uni\u00f3n\u00a0Europea\u00a0para lograr que antes de marzo haya un nuevo\u00a0Tratado, aunque s\u00f3lo lo firmen los 17 pa\u00edses del euro, y se apliquen sanciones autom\u00e1ticas a los Estados que incurran en d\u00e9ficit excesivo.<\/p>\n<p>Ese nuevo\u00a0Tratado\u00a0podr\u00e1 contar con el apoyo de los 27 Estados miembros de la\u00a0Uni\u00f3n, pero no necesariamente, seg\u00fan indicaron el presidente franc\u00e9s, Nicolas Sarkozy, y la canciller alemana, Angela Merkel, que avisaron de que si eso no es posible, ir\u00e1n por delante los 17 miembros de la eurozona.<\/p>\n<p>Ambos mandatarios avanzaron en Par\u00eds las premisas de su propuesta conjunta de reforma, que pretenden someter a la aprobaci\u00f3n de los dem\u00e1s pa\u00edses de la UE en la cumbre que se celebra este viernes en Bruselas, tras present\u00e1rselo el mi\u00e9rcoles en todo su detalle al presidente del Consejo, Herman Van Rompuy.<\/p>\n<p>Sarkpozy y Merkel consideran que la gravedad de la crisis obliga a ir por delante a los pa\u00edses que se comprometan a aceptar las reformas y que a esa nueva UE se podr\u00e1n ir agregando paulatinamente otros Estados que actualmente forman parte de la\u00a0Uni\u00f3n.<\/p>\n<p>Al frente de esos requisitos ineludibles, Francia y Alemania han acordado colocar la regla del rigor fiscal, de modo que habr\u00e1 sanciones autom\u00e1ticas para los Estados que superen el l\u00edmite del d\u00e9ficit del 3 % de su Producto Interior Bruto (PIB).<\/p>\n<p>Ese mecanismo de sanciones, seg\u00fan la propuesta, se aplicar\u00e1 una vez que sean votadas por &#8220;una mayor\u00eda cualificada&#8221; de los pa\u00edses del euro, de modo que no la podr\u00e1 decidir el Tribunal de Justicia de las Comunidades Europeas, como hab\u00eda pretendido Alemania.<\/p>\n<p>&#8220;Las cosas est\u00e1n bastante claras (&#8230;) el Tribunal de Justicia europeo no podr\u00e1 anular un presupuesto nacional, no es posible&#8221;, subray\u00f3 Sarkozy, antes de puntualizar que todos los miembros del euro tendr\u00e1n que dotarse de un mecanismo en sus Constituciones por el que se comprometen al equilibrio de sus cuentas p\u00fablicas.<\/p>\n<p>Sobre ese punto intervendr\u00e1 el Tribunal de Luxemburgo, que podr\u00e1 decir si esa &#8216;regla de oro&#8217; se ajusta al principio europeo de estabilidad, seg\u00fan explic\u00f3 Merkel.<\/p>\n<p>El jefe del Estado franc\u00e9s confirm\u00f3 que el tribunal europeo lo que har\u00e1 ser\u00e1 &#8220;verificar si la &#8216;regla de oro&#8217; de cada pa\u00eds es conforme con el\u00a0tratado\u00a0que firmar\u00e1n los 17&#8221; Estados de la zona euro.<\/p>\n<p>&#8220;La crisis (es) extraordinariamente grave&#8221;, dijo Sarkozy, quien asegur\u00f3 que la alianza de su pa\u00eds con Alemania es &#8220;un elemento estrat\u00e9gico esencial&#8221;, al tiempo que advirti\u00f3 del riesgo de &#8220;estallido&#8221; del euro.<\/p>\n<p>&#8220;Europa no reproducir\u00e1 los errores del pasado, hoy hace falta recuperar todo el retraso acumulado&#8221;, subray\u00f3 el presidente franc\u00e9s.<\/p>\n<p>La canciller alemana declar\u00f3 que el esp\u00edritu que gu\u00eda estas propuestas de reforma es el de &#8220;restablecer la confianza&#8221; y que es preciso dar una respuesta a quienes se preguntan si los pa\u00edses europeos son &#8220;de fiar&#8221;.<\/p>\n<p>&#8220;Hacen falta modificaciones estructurales&#8221;, agreg\u00f3 Merkel, quien dijo categ\u00f3rica: &#8220;no podemos hacerlo en el marco de los tratados existentes&#8221;.<\/p>\n<p>El presidente franc\u00e9s dijo que las decisiones de la futura UE reformada funcionar\u00e1n con una &#8220;mayor\u00eda cualificada del 85 %&#8221;, de manera que se abandone la regla de la unanimidad.<\/p>\n<p>&#8220;No queremos que unos bloqueen los avances de otros, de ah\u00ed que propongamos esa mayor\u00eda del 85 por ciento&#8221;, explic\u00f3 la canciller alemana.<\/p>\n<p>El presidente franc\u00e9s avanz\u00f3 que propondr\u00e1n que durante todo el tiempo que dure la actual crisis de la eurozona se celebren reuniones mensuales en las que participar\u00e1n los jefes de Estado y de Gobierno de los pa\u00edses miembros de la moneda \u00fanica.<\/p>\n<p>Tanto Sarkozy como Merkel expresaron su rechazo a los eurobonos como instrumento para contrarrestar las presiones que sufren las deudas soberanas de los pa\u00edses de la eurozona y manifestaron un apoyo inequ\u00edvoco a la &#8220;independencia&#8221; del Banco Central Europeo (BCE).<\/p>\n","protected":false},"excerpt":{"rendered":"<p>Francia y Alemania expusieron este lunes su plan de reforma urgente de la Uni\u00f3n Europea para lograr que antes de marzo haya un nuevo Tratado, aunque s\u00f3lo lo firmen los 17 pa\u00edses del euro, y se apliquen sanciones autom\u00e1ticas a los Estados que incurran en d\u00e9ficit excesivo.<\/p>\n","protected":false},"author":1,"featured_media":20495,"comment_status":"closed","ping_status":"open","sticky":false,"template":"","format":"standard","meta":{"footnotes":""},"categories":[24],"tags":[737,6329,183,4215,6310,341,342],"class_list":["post-20494","post","type-post","status-publish","format-standard","has-post-thumbnail","hentry","category-mundo","tag-alemania","tag-euro","tag-francia","tag-merkel","tag-sarkozy","tag-ue","tag-union-europea"],"_links":{"self":[{"href":"https:\/\/diarioelpopular.com\/index.php\/wp-json\/wp\/v2\/posts\/20494","targetHints":{"allow":["GET"]}}],"collection":[{"href":"https:\/\/diarioelpopular.com\/index.php\/wp-json\/wp\/v2\/posts"}],"about":[{"href":"https:\/\/diarioelpopular.com\/index.php\/wp-json\/wp\/v2\/types\/post"}],"author":[{"embeddable":true,"href":"https:\/\/diarioelpopular.com\/index.php\/wp-json\/wp\/v2\/users\/1"}],"replies":[{"embeddable":true,"href":"https:\/\/diarioelpopular.com\/index.php\/wp-json\/wp\/v2\/comments?post=20494"}],"version-history":[{"count":0,"href":"https:\/\/diarioelpopular.com\/index.php\/wp-json\/wp\/v2\/posts\/20494\/revisions"}],"wp:featuredmedia":[{"embeddable":true,"href":"https:\/\/diarioelpopular.com\/index.php\/wp-json\/"}],"wp:attachment":[{"href":"https:\/\/diarioelpopular.com\/index.php\/wp-json\/wp\/v2\/media?parent=20494"}],"wp:term":[{"taxonomy":"category","embeddable":true,"href":"https:\/\/diarioelpopular.com\/index.php\/wp-json\/wp\/v2\/categories?post=20494"},{"taxonomy":"post_tag","embeddable":true,"href":"https:\/\/diarioelpopular.com\/index.php\/wp-json\/wp\/v2\/tags?post=20494"}],"curies":[{"name":"wp","href":"https:\/\/api.w.org\/{rel}","templated":true}]}}