{"id":20647,"date":"2011-12-06T21:52:10","date_gmt":"2011-12-07T02:52:10","guid":{"rendered":"http:\/\/diarioelpopular.com\/?p=20647"},"modified":"2011-12-06T21:52:10","modified_gmt":"2011-12-07T02:52:10","slug":"dos-atentados-dejan-62-muertos-y-135-heridos-en-afganistan","status":"publish","type":"post","link":"https:\/\/diarioelpopular.com\/index.php\/2011\/12\/06\/dos-atentados-dejan-62-muertos-y-135-heridos-en-afganistan\/","title":{"rendered":"Dos atentados dejan 62 muertos y 135 heridos en Afganist\u00e1n"},"content":{"rendered":"<div id=\"attachment_20648\" style=\"width: 710px\" class=\"wp-caption aligncenter\"><a href=\"https:\/\/diarioelpopular.com\/wp-content\/uploads\/2011\/12\/Atentado-en-Afganist%C3%A1n.jpg\"><img loading=\"lazy\" decoding=\"async\" aria-describedby=\"caption-attachment-20648\" class=\"size-full wp-image-20648\" title=\"Atentado en Afganist\u00e1n\" src=\"https:\/\/diarioelpopular.com\/wp-content\/uploads\/2011\/12\/Atentado-en-Afganist%C3%A1n.jpg\" alt=\"\" width=\"700\" height=\"420\" \/><\/a><p id=\"caption-attachment-20648\" class=\"wp-caption-text\">Varias personas transportan a v\u00edctimas mortales o heridas tras el atentado suicida de este martes en una mezquita del sur de Kabul (Afganist\u00e1n). Foto: S. Sabawoon \/ Efe<\/p><\/div>\n<p><em><strong>Fawad Peikar. Kabul.-<\/strong><\/em> Al menos 62 personas murieron y 135 resultaron heridas en dos atentados de tinte sectario en las ciudades de Kabul y Mazar-i-Sharif, que convirtieron la jornada de Achura, una de las m\u00e1s importantes del calendario chi\u00ed, en una de las m\u00e1s sangrientas de la \u00faltima d\u00e9cada contra los civiles en Afganist\u00e1n.<\/p>\n<p>Un suicida se col\u00f3 entre los miles de chi\u00edes que abarrotaban hacia mediod\u00eda (hora local) la entrada del santuario de Abul Fazl y deton\u00f3 una carga explosiva que mat\u00f3 &#8220;al menos a 58 personas&#8221;, explic\u00f3 a Efe un responsable policial de la capital, Mohamed Zahir.<\/p>\n<p>El atentado, del que los talibanes se han desvinculado, ocurri\u00f3 en el \u00e1rea de Murat Khani en el sur de Kabul y tambi\u00e9n dej\u00f3 heridos al menos a 130 fieles, que fueron trasladados a diversos centros sanitarios de la capital afgana.<\/p>\n<p>Las im\u00e1genes de las cadenas locales mostraban diversos veh\u00edculos de transporte cargando cad\u00e1veres y heridos en direcci\u00f3n a los centros sanitarios, donde se han formado largas colas de familiares que intentan conocer el estado de las v\u00edctimas.<\/p>\n<p>Seg\u00fan la agencia local AIP, el atentado de la capital fue reivindicado mediante una llamada a diversos medios paquistan\u00edes por el grupo Lashkar-e-Jhangvi al-Alami, ramificaci\u00f3n de una organizaci\u00f3n sectaria paquistan\u00ed.<\/p>\n<p>Los talibanes condenaron mediante un comunicado los ataques de hoy y afirmaron que su movimiento &#8220;no permite atacar a afganos en nombre de su religi\u00f3n, tribu o procedencia&#8221;.<\/p>\n<p>El atentado de hoy en Kabul es uno de los m\u00e1s sangrientos registrados en Afganist\u00e1n y es el que m\u00e1s muertos ha dejado en el \u00faltimo a\u00f1o a pesar del aumento de la violencia que ha vivido el pa\u00eds en 2011.<\/p>\n<p>Minutos despu\u00e9s del ataque de Kabul, cuatro personas murieron a causa de una explosi\u00f3n en Mazar-i-Sharif, capital de la provincia de Balkh, en el norte del pa\u00eds .<\/p>\n<p>El portavoz de la polic\u00eda local, Sher Mohamed Durani, explic\u00f3 a Efe que el atentado, realizado mediante una bicicleta cargada de explosivos en la plaza de Alokozai, tambi\u00e9n ocasion\u00f3 cinco heridos que fueron trasladados a un hospital cercano.<\/p>\n<p>Seg\u00fan fuentes policiales citadas por AIP, la explosi\u00f3n ocurri\u00f3 justo en el instante en el que pasaba por el lugar un grupo de fieles chi\u00edes celebrando su d\u00eda m\u00e1s santo, &#8220;Achura&#8221;, que conmemora la muerte de un nieto del profeta Mahoma.<\/p>\n<p>Los ataques sectarios contra la minoritaria comunidad chi\u00ed son habituales en otros pa\u00edses musulmanes, especialmente durante esta fiesta, pero en Afganist\u00e1n los miembros de esta rama del islam se hab\u00edan librado hasta ahora de ataques de esta magnitud.<\/p>\n<p>&#8220;Desde la etapa del r\u00e9gimen talib\u00e1n, hace m\u00e1s de una d\u00e9cada, que no se ve\u00eda un ataque de esta escala que tuviera como objetivo a los chi\u00edes afganos e incluso entonces ya hab\u00eda componentes pol\u00edticos m\u00e1s que sectarios&#8221;, destac\u00f3 el analista italiano Fabrizio Foschini.<\/p>\n<p>&#8220;Dudo mucho que esto haya sido obra de los talibanes porque eso romper\u00eda el discurso nacionalista que quieren proyectar&#8221;, a\u00f1adi\u00f3 este miembro residente en Kabul del &#8220;think tank&#8221; -laboratorio de ideas- Afghan Analyst Network.<\/p>\n<p>Los chi\u00edes representan casi el 20% de la poblaci\u00f3n afgana y se concentran en determinadas provincias, especialmente en Bamiy\u00e1n, en el centro del pa\u00eds.<\/p>\n<p>La Misi\u00f3n de Naciones Unidas en Afganist\u00e1n calific\u00f3 los ataques de &#8220;brutales&#8221; y &#8220;completamente inaceptables&#8221;, y recalc\u00f3 &#8220;no tienen ninguna justificaci\u00f3n posible&#8221;.<\/p>\n<p>Los atentados de hoy se producen un d\u00eda despu\u00e9s de que la comunidad internacional se comprometiera ayer, en la conferencia de Bonn sobre el futuro de Afganist\u00e1n, a seguir apoyando al pa\u00eds asi\u00e1tico tras la retirada de las tropas internacionales en 2014.<\/p>\n<p>Los pa\u00edses asistentes a la cumbre prometieron mantener el soporte hasta 2024 pero a cambio manifestaron que esperan que Afganist\u00e1n supere su d\u00e9ficit democr\u00e1tico y respete los derechos humanos, en especial los de la mujer.<\/p>\n","protected":false},"excerpt":{"rendered":"<p>Al menos 62 personas murieron y 135 resultaron heridas en dos atentados de tinte sectario en las ciudades de Kabul y Mazar-i-Sharif, que convirtieron la jornada de Achura, una de las m\u00e1s importantes del calendario chi\u00ed, en una de las m\u00e1s sangrientas de la \u00faltima d\u00e9cada contra los civiles en Afganist\u00e1n.<\/p>\n","protected":false},"author":1,"featured_media":20648,"comment_status":"closed","ping_status":"open","sticky":false,"template":"","format":"standard","meta":{"footnotes":""},"categories":[24],"tags":[9050,709,360,362],"class_list":["post-20647","post","type-post","status-publish","format-standard","has-post-thumbnail","hentry","category-mundo","tag-achura","tag-afganistan","tag-atentados","tag-chiies"],"_links":{"self":[{"href":"https:\/\/diarioelpopular.com\/index.php\/wp-json\/wp\/v2\/posts\/20647","targetHints":{"allow":["GET"]}}],"collection":[{"href":"https:\/\/diarioelpopular.com\/index.php\/wp-json\/wp\/v2\/posts"}],"about":[{"href":"https:\/\/diarioelpopular.com\/index.php\/wp-json\/wp\/v2\/types\/post"}],"author":[{"embeddable":true,"href":"https:\/\/diarioelpopular.com\/index.php\/wp-json\/wp\/v2\/users\/1"}],"replies":[{"embeddable":true,"href":"https:\/\/diarioelpopular.com\/index.php\/wp-json\/wp\/v2\/comments?post=20647"}],"version-history":[{"count":0,"href":"https:\/\/diarioelpopular.com\/index.php\/wp-json\/wp\/v2\/posts\/20647\/revisions"}],"wp:featuredmedia":[{"embeddable":true,"href":"https:\/\/diarioelpopular.com\/index.php\/wp-json\/"}],"wp:attachment":[{"href":"https:\/\/diarioelpopular.com\/index.php\/wp-json\/wp\/v2\/media?parent=20647"}],"wp:term":[{"taxonomy":"category","embeddable":true,"href":"https:\/\/diarioelpopular.com\/index.php\/wp-json\/wp\/v2\/categories?post=20647"},{"taxonomy":"post_tag","embeddable":true,"href":"https:\/\/diarioelpopular.com\/index.php\/wp-json\/wp\/v2\/tags?post=20647"}],"curies":[{"name":"wp","href":"https:\/\/api.w.org\/{rel}","templated":true}]}}