{"id":20700,"date":"2011-12-07T11:42:05","date_gmt":"2011-12-07T16:42:05","guid":{"rendered":"http:\/\/diarioelpopular.com\/?p=20700"},"modified":"2011-12-07T11:42:05","modified_gmt":"2011-12-07T16:42:05","slug":"el-adios-de-miguel-morales-y-otras-notas-del-futbol-local","status":"publish","type":"post","link":"https:\/\/diarioelpopular.com\/index.php\/2011\/12\/07\/el-adios-de-miguel-morales-y-otras-notas-del-futbol-local\/","title":{"rendered":"El adi\u00f3s de Miguel Morales y otras notas del f\u00fatbol local"},"content":{"rendered":"<p>Fotogaler\u00eda:<\/p>\n<p style=\"text-align: center\">[portfolio_slideshow]<\/p>\n<p>Ya no se lo ver\u00e1 en las canchas como jugador, como el gran arquero que es, sino como un espectador m\u00e1s, como un dirigente deportivo. Miguel Morales, el \u201cnegro\u201d, como lo conocen y llaman con mucho cari\u00f1o, le dijo adi\u00f3s al deporte como jugador, a los 60 a\u00f1os, luego de sufrir una fractura en su hombro derecho que lo mantuvo mas de un mes sin trabajar, sin sueldo y con fuertes dolores que aun los siente aunque hayan pasado ya casi cuatro meses de su lesi\u00f3n.<\/p>\n<p>Jugando para su eterno amor el Club \u201cCiudad de Quito\u201d, logr\u00f3 su \u00faltimo t\u00edtulo de campe\u00f3n en los masters en el torneo de Sa\u00fal V\u00e1rela en el mes de Abril pasado. Fue considerado como el mejor arquero.<\/p>\n<p>Esos buenos momentos quiso repetirlos en el campeonato de la Liga Hispana con \u201cCiudad de Quito\u201d, pero una mala pasada le jug\u00f3 el tiempo. En el encuentro que sosten\u00edan contra Deportivo Cuenca, en una volada felina al caer se fractur\u00f3 el hombro derecho.<\/p>\n<p>Esa lesi\u00f3n paso inadvertida, la gente pens\u00f3 que simplemente era un golpe sufrido, pero la realidad fue otra. Hoy por hoy todav\u00eda los aficionados preguntan por el \u201cnegro\u201d Miguel Morales porque no aparece por los campos deportivos. Lo cierto es que ya no se ver\u00e1 en el arco a Morales, ya lo decidi\u00f3, se retira definitivamente a sus 60 a\u00f1os, as\u00ed lo inform\u00f3 al periodista con frases entre cortadas ante la nostalgia que lo embriagaba por dar la triste noticia.<\/p>\n<p>Sus ojos se humedec\u00edan diciendo: \u201c jugando contra el Cuenca, perdimos y me quebr\u00e9 el hombro y tuve un mes sin trabajar, pero el cari\u00f1o que le tengo al Club \u201cCiudad de Quito\u201d es inmenso y estar\u00e9 aqu\u00ed hasta que Dios me lleve\u201d, dijo Miguel Morales quien recordaba a su vez los momentos lindos que vivi\u00f3 con el f\u00fatbol, jugando en Ecuador para el Aucas del f\u00fatbol profesional por varios a\u00f1os, los t\u00edtulos alcanzados con el Club Pichincha en los 87; campe\u00f3n invicto en el 95 en la Liga Hispana con \u201cCiudad de Quito\u201d con 27 partidos invictos de los 28 jugados, el restante fue de un empate.<\/p>\n<p>Recuerda su participaci\u00f3n en los equipos italianos, portugueses donde fue campe\u00f3n en varias oportunidades. Con Equinoccial siempre en los tercer o cuarto puesto, nunca en los \u00faltimos lugares.<\/p>\n<p>Pura pasi\u00f3n para todo, sus 25 a\u00f1os con \u201cCiudad de Quito\u201d en la parte social lo hace en un socio entregado totalmente al trabajo, en uno de los mas antiguos, en soporte vital para robustecer a sus compa\u00f1eros de \u00e1nimo para llevar adelante los eventos sociales.<\/p>\n<p>Recuerda al primer presidente Daniel Egas, de quien se expres\u00f3 en los mejores t\u00e9rminos y dijo\u201d les guardo respeto, mucho cari\u00f1o a todos los ex presidente y por su puesto al actual\u201d.<\/p>\n<p>El \u201cnegro\u201d Miguel Morales se despide, diciendo: \u201c guardo un inmenso cari\u00f1o para todos los aficionados, con profunda tristesa me retiro del f\u00fatbol a los 60 a\u00f1os, orgulloso si porque me llevo la gloria de haber terminado mi tiempo como jugador con el \u00faltimo t\u00edtulo de campe\u00f3n con Ciudad de Quito\u201d en la Liga Centro Sur \u201cLa Original\u201d, como mejor arquero, todo esto se lo dedico a mis nietos\u201d, termin\u00f3 diciendo Miguel Morales.<\/p>\n<p><strong>Am\u00e9rica Unida cumplir\u00e1 20 a\u00f1os<\/strong><\/p>\n<p>El dirigente uruguayo Ad\u00e1n Crizul, uno de los principales del club Am\u00e9rica Unida, dijo que ya esta trabajando para la celebraci\u00f3n de los 20 a\u00f1os de la instituci\u00f3n a cumplirlos en el mes de mayo del a\u00f1o 2012.<\/p>\n<p>\u201cYa comenc\u00e9 con las ideas para llevarlas a la pr\u00e1ctica con miras a la celebraci\u00f3n de nuestro aniversario. Viajar\u00e9 a Uruguay en los pr\u00f3ximos d\u00edas y cuando vuelva me entregar\u00e9 totalmente al trabajo del programa para hacer una gran fiesta por los 20 a\u00f1os del Club Am\u00e9rica Unida, que tantos logros ha tenido durante ese tiempo\u201d.<\/p>\n<p>\u201dHemos estado presente con equipos en los torneos de verano i invierno, tanto en adultos, veteranos, masters e infantiles, muchos han colaborado y en esta celebraci\u00f3n entregaremos trofeos a toda esa gente que no ha ayudado y que continua prestando su ayuda para mantener vigente al Club\u201d, dijo Crizul.<\/p>\n<p><strong>\u00a1La crisis econ\u00f3mica golpea a los equipos!<\/strong><\/p>\n<p>Para nadie es desconocido que los due\u00f1os o dirigentes de los equipos que participan en los distintos torneo est\u00e1n pasando por una crisis econ\u00f3mica porque ellos mismo se encargan de manifestar que no tienen dinero principalmente para pagar las inscripciones y en muchos de los casos hasta para pagar a los \u00e1rbitros.<\/p>\n<p>Due\u00f1os de las ligas anuncian con suspender partidos programados si los equipos que no han cumplido con sus obligaciones de pagar. Este mal se repite cada temporada y lo peor del caso es que muchos dirigentes dicen tener la solvencia econ\u00f3mica y al momento de la verdad sonr\u00eden y piden plazo y mas plazo.<\/p>\n<p>Muchos hinchas dudan de que exista crisis, porque en torneos canadienses pagan cuotas altas y a tiempo, bien uniformados y llegan a la hora indicada.<\/p>\n<p>En la comunidad, muchos equipos piden se inscriba al plantel, prometen pagar, se presentan con pocos jugadores y con uniformes de distinto color ante la supuesta \u201ccrisis\u201d por comprar uniformes, y hasta para pagar al \u00e1rbitro tienen problema y en mucho de los casos terminado el partido se esfuman dejando con la cara larga al due\u00f1o de la liga que tendr\u00e1 que esperar la siguiente semana para recuperar el dinero.<\/p>\n<p>\u00bfQu\u00e9 esta pasando con nuestros dirigente o due\u00f1os de equipos? \u00bf Realmente la crisis esta afectando a la mayor\u00eda de los equipos? y\/o simplemente algunos se quieren pasar de \u201cvivos\u201d para evadir responsabilidades.<\/p>\n<p>Se aspira que todos esos peque\u00f1os inconvenientes sean superables y que los torneos no tengan que para por problemas econ\u00f3micos.<\/p>\n<p><strong>La Liga La Original, lista para su nueva programaci\u00f3n<\/strong><\/p>\n<p>Con el partido Ambato es Internacional vs Atl\u00e9tico Argentina por la categor\u00eda los s\u00faper masters, la Liga \u201cLa Original\u201d, bajo el mando de Sa\u00fal V\u00e1rela inicia su programaci\u00f3n este viernes 9 de Diciembre, en la quiz\u00e1s pen\u00faltima jornada del a\u00f1o.<\/p>\n<p>La programaci\u00f3n promete ser buena tanto el viernes como el s\u00e1bado. Ya se comenta lo que ser\u00e1 el encuentro entre Argentina MZA vs Montevideo W, por la categor\u00eda adultos, donde se dice que ser\u00e1 un espect\u00e1culo asegurado. El choque esta pactado para las 4:00 pm.<\/p>\n<p>De ser la pen\u00faltima jornada de la Liga \u201cLa Original\u201d, seguramente para la siguiente programaci\u00f3n Sa\u00fal V\u00e1rela tendr\u00e1 una fecha especial con uno o dos partidos de primera clase como lo ha venido haciendo durante los \u00faltimos a\u00f1os, con lo cual estimula a los aficionados, como un presente de Navidad. Estaremos pendiente de su pr\u00f3xima jornada de indoor soccer.<\/p>\n<p><strong>A.P.C. sali\u00f3 de su mal momento al ganarle a Centenario<\/strong><\/p>\n<p>La mala racha de suerte por la que atravesaba A.P.C qued\u00f3 atr\u00e1s luego de derrotar al Centenario 5-2, el s\u00e1bado pasado.<\/p>\n<p>Tuvo que llegar Julio Riqueno, un ex dirigente del A.P.C para dar instrucciones y as\u00ed llegar a la victoria, aunque minutos antes del partido al parecer Javier Panta due\u00f1o del equipo Centenario, que antes hab\u00eda jugado para los peruanos, tuvo demasiado respeto ya que en dialogo con los dirigentes Alberto Mat\u00edas y Joe Giuria , Javier Panta tragaba doble cuando se hablaba de resultado, es decir, Panta no estaba seguro con un triunfo mas daba a la derrota de su equipo.<\/p>\n<p>Hasta se dieron el lujo de tener por mucho tiempo en la banca a la s\u00faper vieja estrella Yuri Onofre, quien es considerado como una muralla en la defensa, el lugar mas vulnerable que present\u00f3 Centenario. Carlos Delgado hasta se sali\u00f3 del partido, quiz\u00e1s agobiado por una falla que costo un gol al Centenario.<\/p>\n<p><strong>Los torneos se juegan hasta el 17 de diciembre<\/strong><\/p>\n<p>Los torneos, Atl\u00e9tico Ecuador, Liga Salvadore\u00f1a y torneo Infantil \u201cCopa Diario El Popular\u201d, jugar\u00e1n hasta el s\u00e1bado 17 de Diciembre as\u00ed lo hicieron conocer sus respectivos dirigentes.<\/p>\n<p>Los ni\u00f1os jugar\u00e1n el domingo 18 de Diciembre como continuaci\u00f3n de la programaci\u00f3n del s\u00e1bado, luego volver\u00e1n el s\u00e1bado 7 de Enero del 2012.<\/p>\n","protected":false},"excerpt":{"rendered":"<p>Ya no se lo ver\u00e1 en las canchas como el gran arquero que es, sino como un espectador m\u00e1s, como un dirigente deportivo. Miguel Morales, el \u201cnegro\u201d, le dijo adi\u00f3s al deporte como jugador, a los 60 a\u00f1os, luego de sufrir una fractura en un hombro.<br \/>\n<a href=\"http:\/\/diarioelpopular.com\/2011\/12\/el-adios-de-miguel-morales-y-otras-notas-del-futbol-local\/\"><span style=\"color: #000D54\"><strong>\u00bb FOTOGALER\u00cdA<\/strong><\/span><\/a><\/p>\n","protected":false},"author":1,"featured_media":20714,"comment_status":"closed","ping_status":"open","sticky":false,"template":"","format":"standard","meta":{"footnotes":""},"categories":[28],"tags":[657,1465,22],"class_list":["post-20700","post","type-post","status-publish","format-standard","has-post-thumbnail","hentry","category-deportes","tag-futbol-hispano","tag-futbol-local","tag-toronto"],"_links":{"self":[{"href":"https:\/\/diarioelpopular.com\/index.php\/wp-json\/wp\/v2\/posts\/20700","targetHints":{"allow":["GET"]}}],"collection":[{"href":"https:\/\/diarioelpopular.com\/index.php\/wp-json\/wp\/v2\/posts"}],"about":[{"href":"https:\/\/diarioelpopular.com\/index.php\/wp-json\/wp\/v2\/types\/post"}],"author":[{"embeddable":true,"href":"https:\/\/diarioelpopular.com\/index.php\/wp-json\/wp\/v2\/users\/1"}],"replies":[{"embeddable":true,"href":"https:\/\/diarioelpopular.com\/index.php\/wp-json\/wp\/v2\/comments?post=20700"}],"version-history":[{"count":0,"href":"https:\/\/diarioelpopular.com\/index.php\/wp-json\/wp\/v2\/posts\/20700\/revisions"}],"wp:featuredmedia":[{"embeddable":true,"href":"https:\/\/diarioelpopular.com\/index.php\/wp-json\/"}],"wp:attachment":[{"href":"https:\/\/diarioelpopular.com\/index.php\/wp-json\/wp\/v2\/media?parent=20700"}],"wp:term":[{"taxonomy":"category","embeddable":true,"href":"https:\/\/diarioelpopular.com\/index.php\/wp-json\/wp\/v2\/categories?post=20700"},{"taxonomy":"post_tag","embeddable":true,"href":"https:\/\/diarioelpopular.com\/index.php\/wp-json\/wp\/v2\/tags?post=20700"}],"curies":[{"name":"wp","href":"https:\/\/api.w.org\/{rel}","templated":true}]}}