{"id":20844,"date":"2011-12-08T19:32:33","date_gmt":"2011-12-09T00:32:33","guid":{"rendered":"http:\/\/diarioelpopular.com\/?p=20844"},"modified":"2011-12-08T19:32:33","modified_gmt":"2011-12-09T00:32:33","slug":"japon-pide-perdon-a-canada-por-el-maltrato-a-prisioneros-de-guerra","status":"publish","type":"post","link":"https:\/\/diarioelpopular.com\/index.php\/2011\/12\/08\/japon-pide-perdon-a-canada-por-el-maltrato-a-prisioneros-de-guerra\/","title":{"rendered":"Jap\u00f3n pide perd\u00f3n por el maltrato a prisioneros canadienses"},"content":{"rendered":"<div id=\"attachment_20845\" style=\"width: 710px\" class=\"wp-caption aligncenter\"><a href=\"https:\/\/diarioelpopular.com\/wp-content\/uploads\/2011\/12\/Prisioneros-de-guerra-canadienses-durante-la-II-Guerra-Mundial.jpg\"><img loading=\"lazy\" decoding=\"async\" aria-describedby=\"caption-attachment-20845\" class=\"size-full wp-image-20845\" title=\"Prisioneros de guerra canadienses durante la II Guerra Mundial\" src=\"https:\/\/diarioelpopular.com\/wp-content\/uploads\/2011\/12\/Prisioneros-de-guerra-canadienses-durante-la-II-Guerra-Mundial.jpg\" alt=\"\" width=\"700\" height=\"420\" \/><\/a><p id=\"caption-attachment-20845\" class=\"wp-caption-text\">Prisioneros canadienses son inspeccionados en Hong Kong en noviembre de 1941. Foto: Archives Canada<\/p><\/div>\n<p><em><strong>AFP. Ottawa.-<\/strong><\/em> El Gobierno japon\u00e9s pidi\u00f3 disculpas este jueves a los exprisioneros de guerra canadienses por el sufrimiento infligido durante la Segunda Guerra Mundial, seg\u00fan inform\u00f3 el Gobierno canadiense en un comunicado.<\/p>\n<p>La disculpa fue entregada en Tokio por el viceministro parlamentario para Asuntos Exteriores, Toshiyuki Kato, al ministro de Asuntos de Veteranos de Guerra de Canad\u00e1, Steven Blaney, y a un grupo de excombatientes de la batalla de Hong Kong.<\/p>\n<p>\u201cEl terrible dolor y la pesada carga de la Segunda Guerra Mundial han dado lugar a un respetuosa relaci\u00f3n de beneficio mutuo entre Canad\u00e1 y Jap\u00f3n como democracias maduras, un legado de todos aquellos que sirvieron en las campa\u00f1as del Pac\u00edfico\u201d, dijo el ministro de Relaciones Exteriores de Canad\u00e1, John Baird, en un comunicado en el que Ottawa se\u00f1ala que acepta las disculpas de Jap\u00f3n.<\/p>\n<p>\u201cLas disculpas de hoy contribuir\u00e1n a cerrar heridas mientras nuestros dos grandes pa\u00edses miran hacia adelante\u201d, a\u00f1adi\u00f3.<\/p>\n<p>Despu\u00e9s de 17 d\u00edas y medio de lucha tratando de defender Hong Kong, cerca de 2.000 canadienses se rindieron el d\u00eda de Navidad de 1941.<\/p>\n<p>En los combates murieron 290 canadienses y 493 resultaron heridos. El resto fue encarcelado en Hong Kong y Jap\u00f3n, hasta la rendici\u00f3n de Jap\u00f3n en 1945.<\/p>\n<p>\u201cDurante casi cuatro a\u00f1os, los canadienses fueron objeto de malos tratos deliberados y sistem\u00e1ticos por parte de sus captores\u201d, incluyendo palizas, ayunos y la obligaci\u00f3n de trabajar en obras de construcci\u00f3n, minas, astilleros y fundiciones, se\u00f1al\u00f3 el comunicado de Canad\u00e1.<\/p>\n<p>Otros 267 hombres fallecieron en los campos de prisioneros en Jap\u00f3n antes de ser liberados. Muchos de los que regresaron a Canad\u00e1 sufrieron \u201cgraves discapacidades\u201d y muchos otros murieron prematuramente.<\/p>\n","protected":false},"excerpt":{"rendered":"<p>El Gobierno japon\u00e9s pidi\u00f3 disculpas a los exprisioneros de guerra canadienses por el sufrimiento infligido durante la II Guerra Mundial, seg\u00fan inform\u00f3 el Gobierno canadiense. Ottawa acept\u00f3 las disculpas y se\u00f1al\u00f3 que \u201ccontribuir\u00e1n a cerrar heridas\u201d.<br \/>\n<a href=\"http:\/\/diarioelpopular.com\/2011\/12\/viaje-en-el-tiempo-a-los-campos-de-aislamiento-para-japoneses\/\"><span style=\"color: #000D54\">\u00bb Viaje en el tiempo a un campo de aislamiento para japoneses<\/span><\/a><\/p>\n","protected":false},"author":1,"featured_media":20845,"comment_status":"closed","ping_status":"open","sticky":false,"template":"","format":"standard","meta":{"footnotes":""},"categories":[21],"tags":[77,2857,744,9075,9076,8987],"class_list":["post-20844","post","type-post","status-publish","format-standard","has-post-thumbnail","hentry","category-canada","tag-canada-2","tag-disculpas","tag-japon","tag-pow","tag-prisioneros-de-guerra","tag-segunda-guerra-mundial"],"_links":{"self":[{"href":"https:\/\/diarioelpopular.com\/index.php\/wp-json\/wp\/v2\/posts\/20844","targetHints":{"allow":["GET"]}}],"collection":[{"href":"https:\/\/diarioelpopular.com\/index.php\/wp-json\/wp\/v2\/posts"}],"about":[{"href":"https:\/\/diarioelpopular.com\/index.php\/wp-json\/wp\/v2\/types\/post"}],"author":[{"embeddable":true,"href":"https:\/\/diarioelpopular.com\/index.php\/wp-json\/wp\/v2\/users\/1"}],"replies":[{"embeddable":true,"href":"https:\/\/diarioelpopular.com\/index.php\/wp-json\/wp\/v2\/comments?post=20844"}],"version-history":[{"count":0,"href":"https:\/\/diarioelpopular.com\/index.php\/wp-json\/wp\/v2\/posts\/20844\/revisions"}],"wp:featuredmedia":[{"embeddable":true,"href":"https:\/\/diarioelpopular.com\/index.php\/wp-json\/"}],"wp:attachment":[{"href":"https:\/\/diarioelpopular.com\/index.php\/wp-json\/wp\/v2\/media?parent=20844"}],"wp:term":[{"taxonomy":"category","embeddable":true,"href":"https:\/\/diarioelpopular.com\/index.php\/wp-json\/wp\/v2\/categories?post=20844"},{"taxonomy":"post_tag","embeddable":true,"href":"https:\/\/diarioelpopular.com\/index.php\/wp-json\/wp\/v2\/tags?post=20844"}],"curies":[{"name":"wp","href":"https:\/\/api.w.org\/{rel}","templated":true}]}}