{"id":208779,"date":"2012-02-07T21:55:50","date_gmt":"2012-02-08T02:55:50","guid":{"rendered":"http:\/\/diarioelpopular.com\/?p=208779"},"modified":"2012-02-07T21:55:50","modified_gmt":"2012-02-08T02:55:50","slug":"contador-no-dejara-el-ciclismo-y-llegara-hasta-el-final","status":"publish","type":"post","link":"https:\/\/diarioelpopular.com\/index.php\/2012\/02\/07\/contador-no-dejara-el-ciclismo-y-llegara-hasta-el-final\/","title":{"rendered":"Contador no dejar\u00e1 el ciclismo y llegar\u00e1 &#8220;hasta el final&#8221;"},"content":{"rendered":"<div id=\"attachment_208780\" style=\"width: 710px\" class=\"wp-caption aligncenter\"><a href=\"https:\/\/diarioelpopular.com\/wp-content\/uploads\/2012\/02\/Contador.jpg\"><img loading=\"lazy\" decoding=\"async\" aria-describedby=\"caption-attachment-208780\" class=\"size-full wp-image-208780\" title=\"Contador\" src=\"https:\/\/diarioelpopular.com\/wp-content\/uploads\/2012\/02\/Contador.jpg\" alt=\"\" width=\"700\" height=\"420\" \/><\/a><p id=\"caption-attachment-208780\" class=\"wp-caption-text\">El ciclista espa\u00f1ol del equipo Saxo Bank Alberto Contador y el director de dicho conjunto, el dan\u00e9s Bjarne Riis. Foto: Alberto Mart\u00edn \/ Efe<\/p><\/div>\n<p><em><strong>Efe. Pinto (Madrid, Espa\u00f1a).-<\/strong><\/em> El ciclista espa\u00f1ol\u00a0Alberto\u00a0Contador compareci\u00f3 este martes en conferencia de prensa para asegurar, en primer lugar, que va a seguir &#8220;plenamente&#8221; en el ciclismo profesional, y que piensa llegar &#8220;hasta el final&#8221; a la hora de presentar un recurso que pueda revocar la sanci\u00f3n impuesta por el TAS.<\/p>\n<p>Contador\u00a0hizo su aparici\u00f3n en la sala de eventos Arco del Hotel Las Artes de Pinto (a unos 20 kil\u00f3metros al sur de Madrid) pasadas las 19:30 horas (18:30 GMT) y recibi\u00f3 un aplauso cerrado de los presentes, lo que no le ha hizo cambiar el gesto serio con el que compareci\u00f3.<\/p>\n<p>Ante m\u00e1s de 50 c\u00e1maras de televisi\u00f3n y m\u00e1s de un centenar de periodistas, el corredor espa\u00f1ol comenz\u00f3 diciendo que ten\u00eda un sentimiento de decepci\u00f3n y de desilusi\u00f3n &#8220;enorme&#8221; y reconoci\u00f3 que su estado de \u00e1nimo &#8220;es muy complicado&#8221;.<\/p>\n<p>Contador record\u00f3 que hace m\u00e1s de un a\u00f1o y medio que comenz\u00f3 el proceso &#8220;y no hay una sola ma\u00f1ana que no me pregunte c\u00f3mo puedo estar en esta situaci\u00f3n&#8221;.<\/p>\n<p>&#8220;No se lo deseo a nadie. Ha habido m\u00faltiples especulaciones, filtraciones&#8230; Ha sido un aut\u00e9ntico calvario. El sufrimiento de mi familia, de mi mujer, de toda mi gente&#8230; Adem\u00e1s, por lo que se me estaba acusando es algo que va en contra de lo que se me ha inculcado: la justicia, la disciplina, la honestidad&#8221;, enumer\u00f3.<\/p>\n<p>El ciclista se mostr\u00f3 &#8220;en total desacuerdo&#8221; con <a href=\"https:\/\/diarioelpopular.com\/2012\/02\/alberto-contador-sancionado-por-dos-anos\/\">la sanci\u00f3n de dos a\u00f1os de suspensi\u00f3n impuesta por el TAS<\/a> y confes\u00f3 que &#8220;por m\u00e1s que lo intento, no puedo entenderla&#8221;.<\/p>\n<p>&#8220;En estos meses he hecho todo lo posible, todo lo que est\u00e1 en mi mano, para demostrar mi inocencia. He hecho incluso el pol\u00edgrafo, cinco horas contestando preguntas como si fuera un delincuente, s\u00f3lo dos d\u00edas antes del Giro. Y todo para al final recibir esta resoluci\u00f3n&#8221;, lament\u00f3.<\/p>\n<p>Sin embargo, el campe\u00f3n de las tres grandes vueltas afirm\u00f3 que alberga un sentimiento de &#8220;satisfacci\u00f3n&#8221;, ya que &#8220;cualquiera que lea la resoluci\u00f3n ver\u00e1 que deja claro que no me he dopado&#8221;.<\/p>\n<p>\u00c9ste es el motivo por el cual\u00a0Alberto\u00a0Contador asegur\u00f3 que piensa seguir compitiendo como ciclista profesional &#8220;por varios a\u00f1os m\u00e1s&#8221; y que lo va a seguir practicando &#8220;de forma limpia, como lo he hecho toda mi vida&#8221;, y adelant\u00f3 que, aunque ahora su estado de \u00e1nimo es bajo, &#8220;s\u00e9 que esto me va a hacer m\u00e1s fuerte en el futuro&#8221;.<\/p>\n<p>Sobre el hecho de que le hayan despose\u00eddo de sus triunfos en el Tour de Francia 2010 y en el Giro de Italia 2011,\u00a0Contador sentenci\u00f3 que no busca n\u00fameros en su palmar\u00e9s.<\/p>\n<p>&#8220;Con lo que yo me quedo y con lo que disfruto es con el recuerdo que queda en la gente despu\u00e9s de estar en cada competici\u00f3n y con la satisfacci\u00f3n del trabajo bien hecho. Cada una de esas victorias no son m\u00edas, sino de todas las personas que han disfrutado con ellas. Quedar\u00e1n en su memoria y ellos podr\u00e1n decidir quien ha ganado cada una de esas carreras&#8221;, dijo, lo que provoc\u00f3 que la sala prorrumpiera en aplausos.<\/p>\n<p>El corredor espa\u00f1ol adelant\u00f3 que sus abogados est\u00e1n trabajando sobre la posibilidad de recurrir a la justicia ordinaria y asever\u00f3 que van a seguir luchando &#8220;hasta el final&#8221;, ya que les ha transmitido a sus abogados &#8220;que hay que llegar hasta el \u00faltimo momento&#8221; para intentar revocar el castigo del TAS.<\/p>\n<ul>\n<li><a href=\"https:\/\/diarioelpopular.com\/2012\/02\/alberto-contador-sancionado-por-dos-anos\/\"><strong>Alberto Contador, sancionado por dos a\u00f1os<\/strong><\/a><\/li>\n<\/ul>\n<p><a href=\"https:\/\/diarioelpopular.com\/wp-content\/uploads\/2012\/02\/ciclismo-contador-sanciones.jpg\"><img loading=\"lazy\" decoding=\"async\" class=\"aligncenter size-full wp-image-208781\" title=\"ciclismo contador sanciones\" src=\"https:\/\/diarioelpopular.com\/wp-content\/uploads\/2012\/02\/ciclismo-contador-sanciones.jpg\" alt=\"\" width=\"575\" height=\"471\" \/><\/a><\/p>\n","protected":false},"excerpt":{"rendered":"<p>El ciclista espa\u00f1ol Alberto Contador compareci\u00f3 este martes en conferencia de prensa para asegurar, en primer lugar, que va a seguir &#8220;plenamente&#8221; en el ciclismo profesional, y que piensa llegar &#8220;hasta el final&#8221; a la hora de presentar un recurso que pueda revocar la sanci\u00f3n impuesta por el TAS.<br \/>\n<a href=\"http:\/\/diarioelpopular.com\/2012\/02\/alberto-contador-sancionado-por-dos-anos\/\"><span style=\"color: #000D54\">\u00bb Alberto Contador, sancionado por dos a\u00f1os<\/span><\/a><\/p>\n","protected":false},"author":1,"featured_media":208780,"comment_status":"open","ping_status":"open","sticky":false,"template":"","format":"standard","meta":{"footnotes":""},"categories":[28],"tags":[1479,1215],"class_list":["post-208779","post","type-post","status-publish","format-standard","has-post-thumbnail","hentry","category-deportes","tag-alberto-contador","tag-ciclismo"],"_links":{"self":[{"href":"https:\/\/diarioelpopular.com\/index.php\/wp-json\/wp\/v2\/posts\/208779","targetHints":{"allow":["GET"]}}],"collection":[{"href":"https:\/\/diarioelpopular.com\/index.php\/wp-json\/wp\/v2\/posts"}],"about":[{"href":"https:\/\/diarioelpopular.com\/index.php\/wp-json\/wp\/v2\/types\/post"}],"author":[{"embeddable":true,"href":"https:\/\/diarioelpopular.com\/index.php\/wp-json\/wp\/v2\/users\/1"}],"replies":[{"embeddable":true,"href":"https:\/\/diarioelpopular.com\/index.php\/wp-json\/wp\/v2\/comments?post=208779"}],"version-history":[{"count":0,"href":"https:\/\/diarioelpopular.com\/index.php\/wp-json\/wp\/v2\/posts\/208779\/revisions"}],"wp:featuredmedia":[{"embeddable":true,"href":"https:\/\/diarioelpopular.com\/index.php\/wp-json\/"}],"wp:attachment":[{"href":"https:\/\/diarioelpopular.com\/index.php\/wp-json\/wp\/v2\/media?parent=208779"}],"wp:term":[{"taxonomy":"category","embeddable":true,"href":"https:\/\/diarioelpopular.com\/index.php\/wp-json\/wp\/v2\/categories?post=208779"},{"taxonomy":"post_tag","embeddable":true,"href":"https:\/\/diarioelpopular.com\/index.php\/wp-json\/wp\/v2\/tags?post=208779"}],"curies":[{"name":"wp","href":"https:\/\/api.w.org\/{rel}","templated":true}]}}