{"id":20984,"date":"2011-12-08T23:00:36","date_gmt":"2011-12-09T04:00:36","guid":{"rendered":"http:\/\/diarioelpopular.com\/?p=20984"},"modified":"2011-12-08T23:00:36","modified_gmt":"2011-12-09T04:00:36","slug":"foto-inedita-de-rousseff-a-los-22-anos-tras-ser-torturada","status":"publish","type":"post","link":"https:\/\/diarioelpopular.com\/index.php\/2011\/12\/08\/foto-inedita-de-rousseff-a-los-22-anos-tras-ser-torturada\/","title":{"rendered":"Foto in\u00e9dita de Rousseff a los 22 a\u00f1os tras ser torturada"},"content":{"rendered":"<div id=\"attachment_20986\" style=\"width: 383px\" class=\"wp-caption alignright\"><a href=\"https:\/\/diarioelpopular.com\/wp-content\/uploads\/2011\/12\/Dilma-Rousseff-a-los-22-a%C3%B1os-interrogada-tras-ser-torturada-por-la-dictadura.jpg\"><img loading=\"lazy\" decoding=\"async\" aria-describedby=\"caption-attachment-20986\" class=\"size-full wp-image-20986\" title=\"Dilma Rousseff, a los 22 a\u00f1os, interrogada tras ser torturada por la dictadura\" src=\"https:\/\/diarioelpopular.com\/wp-content\/uploads\/2011\/12\/Dilma-Rousseff-a-los-22-a%C3%B1os-interrogada-tras-ser-torturada-por-la-dictadura.jpg\" alt=\"\" width=\"373\" height=\"512\" \/><\/a><p id=\"caption-attachment-20986\" class=\"wp-caption-text\">Fotograf\u00eda tomada por el periodista brasile\u00f1o Ricardo Batista Amaral y publicada en su libro &quot;Una Vida quer e Coragem&quot; (Lo que la vida quiere es coraje), que muestra a la presidenta de Brasil, Dilma Rousseff, durante un interrogatorio ante un tribunal militar en R\u00edo de Janeiro, Brasil, en noviembre de 1970<\/p><\/div>\n<p><em><strong>AFP.-<\/strong><\/em> Una joven de 22 a\u00f1os, delgada, de cabello corto y jeans, mira desafiante y con el ment\u00f3n erguido a militares que se tapan el rostro en un interrogatorio durante la dictadura, tras ser torturada: la foto in\u00e9dita de la presidenta de Brasil, Dilma Rousseff, ha conmovido al pa\u00eds.<\/p>\n<p>La imagen en blanco y negro fue reproducida recientemente en una biograf\u00eda de Rousseff publicada por el periodista Ricardo Amaral, &#8220;Lo que la vida quiere es coraje&#8221;, y luego por la revista <em>Epoca<\/em> y varios medios brasile\u00f1os.<\/p>\n<p>En la foto, realizada en noviembre de 1970, durante la dictadura (1964-1985), una Dilma serena y con cierto aire de insolencia responde a militares en un interrogatorio en la sede de la Auditor\u00eda Militar de Rio de Janeiro, despu\u00e9s de haber sido torturada durante 22 d\u00edas, indic\u00f3 <em>Epoca.<\/em> Los dos militares retratados en la foto se tapan el rostro con una mano para no ser identificados.<\/p>\n<p>Rousseff, de 63 a\u00f1os, ex guerillera, economista y presidenta de Brasil desde el 1\u00ba de enero, inici\u00f3 su militancia pol\u00edtica a los 16 a\u00f1os en Belo Horizonte (Minas Gerais) e integr\u00f3 dos organizaciones armadas clandestinas de oposici\u00f3n a la dictadura. Su grado de participaci\u00f3n en acciones armadas es a\u00fan motivo de pol\u00e9mica.<\/p>\n<p>En 1970 fue arrestada, estuvo presa durante casi tres a\u00f1os y fue torturada para que revelara nombres de otros militantes.<\/p>\n<p>Rousseff, primera mujer en alcanzar la presidencia del gigante sudamericano, es heredera pol\u00edtica del ex presidente Luiz Inacio Lula da Silva (2003-2010), ambos del Partido de los Trabajadores (PT, izquierda).<\/p>\n<p>Nacida el 14 diciembre de 1947, Dilma tiene una hija, Paula, y un nieto de 1 a\u00f1o, Gabriel.<\/p>\n<p>Se divorci\u00f3 del padre de Paula, Carlos de Ara\u00fajo, tambi\u00e9n encarcelado durante la dictadura, despu\u00e9s de un matrimonio de 30 a\u00f1os.<\/p>\n<p>El Estado brasile\u00f1o reconoce a 400 muertos y desaparecidos durante la dictadura.<\/p>\n<p>El mes pasado, Rousseff sancion\u00f3 la creaci\u00f3n de una Comisi\u00f3n de la Verdad que investigar\u00e1 violaciones a los derechos humanos durante la dictadura, una medida hist\u00f3rica para Brasil, que contrariamente a otros pa\u00edses de la regi\u00f3n nunca juzg\u00f3 a los represores del r\u00e9gimen militar.<\/p>\n<p>La presidenta de Brasil, Dilma Rousseff, en la cumbre de la Celac, en Caracas, Venezuela, el 2 de diciembre de 2011. Rousseff, de 63 a\u00f1os, ex guerillera, economista y presidenta de Brasil desde el 1\u00ba de enero, inici\u00f3 su militancia pol\u00edtica a los 16 a\u00f1os en Belo Horizonte (Minas Gerais) e integr\u00f3 dos organizaciones armadas clandestinas de oposici\u00f3n a la dictadura.<\/p>\n","protected":false},"excerpt":{"rendered":"<p>Una joven de 22 a\u00f1os, delgada, de cabello corto y jeans, mira desafiante y con el ment\u00f3n erguido a militares que se tapan el rostro en un interrogatorio durante la dictadura, tras ser torturada: la foto in\u00e9dita de la presidenta de Brasil, Dilma Rousseff, ha conmovido al pa\u00eds.<\/p>\n","protected":false},"author":1,"featured_media":20985,"comment_status":"closed","ping_status":"open","sticky":false,"template":"","format":"standard","meta":{"footnotes":""},"categories":[23],"tags":[478,348,6596,2210,9097,9098],"class_list":["post-20984","post","type-post","status-publish","format-standard","has-post-thumbnail","hentry","category-latinoamerica","tag-brasil","tag-dictadura","tag-dilma-rousseff","tag-foto","tag-inedita","tag-interrogada"],"_links":{"self":[{"href":"https:\/\/diarioelpopular.com\/index.php\/wp-json\/wp\/v2\/posts\/20984","targetHints":{"allow":["GET"]}}],"collection":[{"href":"https:\/\/diarioelpopular.com\/index.php\/wp-json\/wp\/v2\/posts"}],"about":[{"href":"https:\/\/diarioelpopular.com\/index.php\/wp-json\/wp\/v2\/types\/post"}],"author":[{"embeddable":true,"href":"https:\/\/diarioelpopular.com\/index.php\/wp-json\/wp\/v2\/users\/1"}],"replies":[{"embeddable":true,"href":"https:\/\/diarioelpopular.com\/index.php\/wp-json\/wp\/v2\/comments?post=20984"}],"version-history":[{"count":0,"href":"https:\/\/diarioelpopular.com\/index.php\/wp-json\/wp\/v2\/posts\/20984\/revisions"}],"wp:featuredmedia":[{"embeddable":true,"href":"https:\/\/diarioelpopular.com\/index.php\/wp-json\/"}],"wp:attachment":[{"href":"https:\/\/diarioelpopular.com\/index.php\/wp-json\/wp\/v2\/media?parent=20984"}],"wp:term":[{"taxonomy":"category","embeddable":true,"href":"https:\/\/diarioelpopular.com\/index.php\/wp-json\/wp\/v2\/categories?post=20984"},{"taxonomy":"post_tag","embeddable":true,"href":"https:\/\/diarioelpopular.com\/index.php\/wp-json\/wp\/v2\/tags?post=20984"}],"curies":[{"name":"wp","href":"https:\/\/api.w.org\/{rel}","templated":true}]}}