{"id":21367,"date":"2011-12-12T23:44:10","date_gmt":"2011-12-13T04:44:10","guid":{"rendered":"http:\/\/diarioelpopular.com\/?p=21367"},"modified":"2011-12-12T23:44:10","modified_gmt":"2011-12-13T04:44:10","slug":"dos-muertos-al-enfrentarse-policias-y-estudiantes-en-mexico","status":"publish","type":"post","link":"https:\/\/diarioelpopular.com\/index.php\/2011\/12\/12\/dos-muertos-al-enfrentarse-policias-y-estudiantes-en-mexico\/","title":{"rendered":"Dos muertos al enfrentarse polic\u00edas y estudiantes en M\u00e9xico"},"content":{"rendered":"<div id=\"attachment_21368\" style=\"width: 710px\" class=\"wp-caption aligncenter\"><a href=\"https:\/\/diarioelpopular.com\/wp-content\/uploads\/2011\/12\/Estudiantes-detenidos-en-M%C3%A9xico.jpg\"><img loading=\"lazy\" decoding=\"async\" aria-describedby=\"caption-attachment-21368\" class=\"size-full wp-image-21368\" title=\"Estudiantes detenidos en M\u00e9xico\" src=\"https:\/\/diarioelpopular.com\/wp-content\/uploads\/2011\/12\/Estudiantes-detenidos-en-M%C3%A9xico.jpg\" alt=\"\" width=\"700\" height=\"420\" \/><\/a><p id=\"caption-attachment-21368\" class=\"wp-caption-text\">Agentes federales conducen a un grupo de estudiantes detenidos tras un enfrentamiento con la polic\u00eda, que dej\u00f3 un saldo de dos civiles muertos cuando bloqueaban la Autopista del Sol a la altura de Chilpancingo, capital del sure\u00f1o estado mexicano de Guerrero, durante una manifestaci\u00f3n para exigir la reanudaci\u00f3n de las clases en la Escuela Normal de la localidad de Ayotzinapa, en el municipio de Tixtla. Foto: Efe<\/p><\/div>\n<p><em><strong>Efe. Chilpancingo (M\u00e9xico).-<\/strong><\/em> Un enfrentamiento registrado este lunes entre polic\u00edas y\u00a0estudiantes\u00a0que bloqueaban la autopista que une a la capital mexicana con el balneario de Acapulco dej\u00f3 dos muertos.<\/p>\n<p>Las v\u00edctimas, identificados como Gabriel Echeverr\u00eda y Jos\u00e9 Alexis Herrera Pino, participaban en el bloqueo de la Autopista del Sol a la altura de Chilpancingo, capital del sure\u00f1o estado de Guerrero, para pedir al gobernador \u00c1ngel Aguirre Rivero la reanudaci\u00f3n de clases en la Escuela Normal de Ayotzinapa, ubicada en el municipio de Tlixtla.<\/p>\n<p>Tras un prolongado tiroteo registrado al mediod\u00eda y el incendio de una gasolinera, los dos j\u00f3venes fallecidos quedaron tendidos cada uno en un sentido de la autopista.<\/p>\n<p>Los agentes llegaron al lugar unos diez minutos despu\u00e9s de que alrededor de doscientos\u00a0estudiantes\u00a0cerraran los dos sentidos de la autopista para lograr una reuni\u00f3n con el gobernador que dur\u00f3 m\u00e1s de cinco horas.<\/p>\n<p>Los\u00a0estudiantes, quienes se preparan para ser maestros, ped\u00edan la reanudaci\u00f3n de clases en su escuela, suspendidas hace varios d\u00edas por los profesores en demanda de un aumento salarial y oportunidades de trabajo para ellos.<\/p>\n<p>Un portavoz de la Polic\u00eda Federal dijo a Efe que miembros de esa corporaci\u00f3n que participan en el operativo &#8220;Guerrero Seguro&#8221; contra el crimen organizado no est\u00e1n involucrados en el enfrentamiento, y agreg\u00f3 que los que dispararon podr\u00edan ser polic\u00edas municipales.<\/p>\n<p>Al lugar de los hechos llegaron cuerpos de bomberos, miembros de la Cruz Roja, as\u00ed como soldados y polic\u00edas federales, quienes abrieron el paso de los veh\u00edculos luego de cinco horas de mantener acordonada la zona.<\/p>\n<p>En declaraciones a Efe, un miembro de la organizaci\u00f3n no gubernamental Red Guerrerense de Derechos Humanos, Manuel Olivares, reprob\u00f3 el &#8220;asesinato de dosestudiantes, hijos de campesinos, a mansalva&#8221;, mientras los narcotraficantes se siguen paseando por las calles del estado de Guerrero.<\/p>\n<p>En tanto, la Comisi\u00f3n Nacional de Derechos Humanos de M\u00e9xico (CNDH, defensor\u00eda del pueblo) anunci\u00f3 el inicio de &#8220;queja de oficio por la muerte de dos j\u00f3venes&#8221; que perdieron la vida durante un choque entre &#8220;polic\u00edas federales y\u00a0estudiantes&#8221;.<\/p>\n<p>Se\u00f1al\u00f3 que brindar\u00e1 apoyo jur\u00eddico y psicol\u00f3gico a los familiares de las v\u00edctimas y que &#8220;permanecer\u00e1 atenta a la actuaci\u00f3n de servidores p\u00fablicos&#8221; y de las investigaciones que emprendan para el esclarecimiento de estos &#8220;lamentables y condenables&#8221; hechos.<\/p>\n<p>El Ejecutivo mexicano tambi\u00e9n lament\u00f3 &#8220;profundamente&#8221; lo ocurrido y dijo que trabajar\u00e1 en colaboraci\u00f3n con las autoridades locales de Guerrero para castigar a los responsables de la muerte de los dos\u00a0estudiantes, indica un comunicado de la Secretar\u00eda de Gobernaci\u00f3n (Interior).<\/p>\n<p>Por otra parte, esta noche la Procuradur\u00eda General de la Rep\u00fablica (PGR) inform\u00f3 hoy que inici\u00f3 una investigaci\u00f3n por delitos federales &#8220;derivados del homicidio de dosestudiantes&#8221; de la escuela normal &#8216;Raul Isidro Burgos&#8217; de Ayotzinapa Guerrero&#8221;.<\/p>\n<p>El Gobierno federal puso en marcha el pasado 6 de octubre la operaci\u00f3n &#8220;Guerrero Seguro&#8221; para controlar los altos niveles de violencia en esa regi\u00f3n del sur del pa\u00eds.<\/p>\n<p>Seg\u00fan el Gobierno mexicano, la cifra de homicidios vinculados con la acci\u00f3n del crimen organizado creci\u00f3 en Guerrero un 100 % en t\u00e9rminos anuales entre enero y septiembre de 2011.<\/p>\n","protected":false},"excerpt":{"rendered":"<p>Un enfrentamiento registrado este lunes entre polic\u00edas y estudiantes que bloqueaban la autopista que une a la capital mexicana con el balneario de Acapulco dej\u00f3 dos muertos.<\/p>\n","protected":false},"author":1,"featured_media":21368,"comment_status":"closed","ping_status":"open","sticky":false,"template":"","format":"standard","meta":{"footnotes":""},"categories":[23],"tags":[9151,642,167,2444],"class_list":["post-21367","post","type-post","status-publish","format-standard","has-post-thumbnail","hentry","category-latinoamerica","tag-ayotzinapa","tag-estudiantes","tag-mexico","tag-protestas"],"_links":{"self":[{"href":"https:\/\/diarioelpopular.com\/index.php\/wp-json\/wp\/v2\/posts\/21367","targetHints":{"allow":["GET"]}}],"collection":[{"href":"https:\/\/diarioelpopular.com\/index.php\/wp-json\/wp\/v2\/posts"}],"about":[{"href":"https:\/\/diarioelpopular.com\/index.php\/wp-json\/wp\/v2\/types\/post"}],"author":[{"embeddable":true,"href":"https:\/\/diarioelpopular.com\/index.php\/wp-json\/wp\/v2\/users\/1"}],"replies":[{"embeddable":true,"href":"https:\/\/diarioelpopular.com\/index.php\/wp-json\/wp\/v2\/comments?post=21367"}],"version-history":[{"count":0,"href":"https:\/\/diarioelpopular.com\/index.php\/wp-json\/wp\/v2\/posts\/21367\/revisions"}],"wp:featuredmedia":[{"embeddable":true,"href":"https:\/\/diarioelpopular.com\/index.php\/wp-json\/"}],"wp:attachment":[{"href":"https:\/\/diarioelpopular.com\/index.php\/wp-json\/wp\/v2\/media?parent=21367"}],"wp:term":[{"taxonomy":"category","embeddable":true,"href":"https:\/\/diarioelpopular.com\/index.php\/wp-json\/wp\/v2\/categories?post=21367"},{"taxonomy":"post_tag","embeddable":true,"href":"https:\/\/diarioelpopular.com\/index.php\/wp-json\/wp\/v2\/tags?post=21367"}],"curies":[{"name":"wp","href":"https:\/\/api.w.org\/{rel}","templated":true}]}}