{"id":21450,"date":"2011-12-13T20:56:58","date_gmt":"2011-12-14T01:56:58","guid":{"rendered":"http:\/\/diarioelpopular.com\/?p=21450"},"modified":"2011-12-13T20:56:58","modified_gmt":"2011-12-14T01:56:58","slug":"onu-canada-aun-esta-obligada-a-recortar-sus-emisiones","status":"publish","type":"post","link":"https:\/\/diarioelpopular.com\/index.php\/2011\/12\/13\/onu-canada-aun-esta-obligada-a-recortar-sus-emisiones\/","title":{"rendered":"ONU: &#8220;Canad\u00e1 a\u00fan est\u00e1 obligada a recortar sus emisiones&#8221;"},"content":{"rendered":"<div id=\"attachment_21451\" style=\"width: 710px\" class=\"wp-caption aligncenter\"><a href=\"https:\/\/diarioelpopular.com\/wp-content\/uploads\/2011\/12\/Christiana-Figueres.jpg\"><img loading=\"lazy\" decoding=\"async\" aria-describedby=\"caption-attachment-21451\" class=\"size-full wp-image-21451\" title=\"Christiana Figueres, Durban\" src=\"https:\/\/diarioelpopular.com\/wp-content\/uploads\/2011\/12\/Christiana-Figueres.jpg\" alt=\"\" width=\"700\" height=\"420\" \/><\/a><p id=\"caption-attachment-21451\" class=\"wp-caption-text\">La secretaria ejecutiva de la Convenci\u00f3n Marco de Naciones Unidas para el Cambio Clim\u00e1tico, Christiana Figueres (izda), junto la ministra de Exteriores sudafricana, Maite Nkoana-Mashabane, durante una rueda de prensa tras alcanzar el acuerdo de la cumbre de Durban para extender el Protocolo de Kioto despu\u00e9s de 2012 y fijar una hoja de ruta para un acuerdo global de reducci\u00f3n de gases de efecto invernadero en Durban (Sud\u00e1frica), el lunes 12 de diciembre. Foto: Unati Ngamntwiniv \/ Efe<\/p><\/div>\n<p><em><strong>Efe. Berl\u00edn.-<\/strong><\/em> La secretaria ejecutiva de la Convenci\u00f3n Marco de Naciones Unidas para el Cambio Clim\u00e1tico (UNFCCC), Christiana Figueres, lament\u00f3 este lunes <a href=\"https:\/\/diarioelpopular.com\/2011\/12\/canada-se-retira-del-protocolo-de-kioto\/\">la decisi\u00f3n de Canad\u00e1 de abandonar el Protocolo de Kioto<\/a>.<\/p>\n<p>En un comunicado, la jefa de la instituci\u00f3n de la ONU que auspici\u00f3 <a href=\"https:\/\/diarioelpopular.com\/2011\/12\/la-cumbre-de-durban-concluye-con-poco-optimismo\/\">la conferencia de Durban<\/a> critic\u00f3 la forma en que Canad\u00e1 ha anunciado su retirada del acuerdo multilateral entre pa\u00edses desarrollados para reducir sus emisiones de los gases de espolean el calentamiento global.<\/p>\n<p>&#8220;Lamento que Canad\u00e1 lo haya anunciado (su retirada) y estoy sorprendida sobre los tiempos&#8221;, afirm\u00f3 Figueres en referencia al acuerdo alcanzado el pasado domingo en Sud\u00e1frica de prorrogar el Protocolo de Kioto.<\/p>\n<p>&#8220;Sea o no una de las partes en el Protocolo de Kioto, (Canad\u00e1) tiene una obligaci\u00f3n legal bajo la Convenci\u00f3n para reducir sus emisiones y una obligaci\u00f3n moral consigo misma y con las generaciones futuras para liderar el esfuerzo global&#8221;, agreg\u00f3 la secretaria ejecutiva de la UNFCCC.<\/p>\n<p>Figueres apunt\u00f3 asimismo que pa\u00edses industrializados &#8220;cuyas emisiones han aumentado de forma significativa desde 1990, como es el caso de Canad\u00e1, no est\u00e1n en posici\u00f3n de exigir a los pa\u00edses en v\u00edas de desarrollo que limiten sus emisiones&#8221;.<\/p>\n<p>Adem\u00e1s, la secretaria ejecutiva de la UNFCCC inst\u00f3 a todos los pa\u00edses desarrollados a &#8220;cumplir con sus responsabilidades&#8221; seg\u00fan la Convenci\u00f3n sobre el Cambio Clim\u00e1tico y el Protocolo de Kioto y a &#8220;elevar su ambici\u00f3n&#8221; en lugar de diluirla en materia de recorte de emisiones.<\/p>\n<p>Tambi\u00e9n les urgi\u00f3 a aportar el &#8220;apoyo acordado&#8221; a las naciones en v\u00edas de desarrollo para &#8220;construir sus propios futuros con energ\u00eda limpia y a ayudarles a adaptarse frente al impacto del cambio clim\u00e1tico que ya est\u00e1n padeciendo.<\/p>\n<p>El pasado domingo, tras larga negociaciones multilaterales, se acord\u00f3 en la conferencia de Durban prolongar la vigencia del Protocolo de Kioto, lo que a juicio de Figueres signific\u00f3 el &#8220;compromiso de los pa\u00edses desarrollados para cumplir sus compromisos legales vinculantes de reducci\u00f3n de emisiones&#8221;.<\/p>\n<p>Canad\u00e1 se convirti\u00f3 este lunes en el primer pa\u00eds que se retira del Protocolo de Kioto tras su ratificaci\u00f3n, tras alegar que le resultaba imposible cumplir con sus compromisos y mantener el desarrollo de sus yacimientos petrol\u00edferos.<\/p>\n<p>El ministro de Medio Ambiente de Canad\u00e1, Peter Kent, anunci\u00f3 reci\u00e9n llegado de Durban que &#8220;invocamos nuestro derecho legal para retirarnos formalmente de Kioto&#8221;.<\/p>\n<p><strong>Leer tambi\u00e9n:<\/strong><\/p>\n<ul>\n<li><a href=\"https:\/\/diarioelpopular.com\/2011\/12\/cuestionan-la-legalidad-de-la-retirada-canadiense-de-kioto\/\">Cuestionan la legalidad de la retirada canadiense de Kioto<\/a><\/li>\n<li><a href=\"https:\/\/diarioelpopular.com\/2011\/12\/mexico-pide-a-canada-que-reconsidere-su-renuncia-a-kioto\/\">M\u00e9xico pide a Canad\u00e1 que reconsidere su renuncia a Kioto<\/a><\/li>\n<li><a href=\"https:\/\/diarioelpopular.com\/2011\/12\/china-considera-lamentable-que-canada-deje-kioto\/\">China considera &#8220;lamentable&#8221; que Canad\u00e1 deje Kioto<\/a><\/li>\n<li><a href=\"https:\/\/diarioelpopular.com\/2011\/12\/canada-se-retira-del-protocolo-de-kioto\/\">Canad\u00e1 se retira del Protocolo de Kioto<\/a><\/li>\n<li><a href=\"https:\/\/diarioelpopular.com\/2011\/12\/canada-no-dara-dinero-al-fondo-del-clima-acordado-en-durban\/\">Canad\u00e1 no dar\u00e1 dinero al nuevo Fondo para el Clima<\/a><a name=\"encuesta\"><\/a><\/li>\n<\/ul>\n<p><strong>Encuesta:<\/strong><\/p>\n<p>[poll id=&#8221;5&#8243;] <\/p>\n","protected":false},"excerpt":{"rendered":"<p>La secretaria ejecutiva de la Convenci\u00f3n Marco de Naciones Unidas para el Cambio Clim\u00e1tico (UNFCCC), Christiana Figueres, lament\u00f3 este lunes la decisi\u00f3n de Canad\u00e1 de abandonar el Protocolo de Kioto.<br \/>\n<a href=\"http:\/\/diarioelpopular.com\/2011\/12\/canada-se-retira-del-protocolo-de-kioto\/\"><span style=\"color: #000D54\">\u00bb Canad\u00e1 se retira del Protocolo de Kioto<\/span><\/a><br \/>\n<a href=\"http:\/\/diarioelpopular.com\/2011\/12\/onu-canada-aun-esta-obligada-a-recortar-sus-emisiones\/#encuesta\"><span style=\"color: #000D54\"><strong>\u00bb ENCUESTA:<\/strong> \u00bfHace bien Canad\u00e1 en desvincularse de Kioto?<\/span><\/a><\/p>\n","protected":false},"author":1,"featured_media":21451,"comment_status":"closed","ping_status":"open","sticky":false,"template":"","format":"standard","meta":{"footnotes":""},"categories":[21],"tags":[1871,316,77,8878,6018,8879,8844,224,6246],"class_list":["post-21450","post","type-post","status-publish","format-standard","has-post-thumbnail","hentry","category-canada","tag-calentamiento-global","tag-cambio-climatico","tag-canada-2","tag-durban","tag-kioto","tag-kyoto","tag-peter-kent","tag-petroleo","tag-protocolo-de-kioto"],"_links":{"self":[{"href":"https:\/\/diarioelpopular.com\/index.php\/wp-json\/wp\/v2\/posts\/21450","targetHints":{"allow":["GET"]}}],"collection":[{"href":"https:\/\/diarioelpopular.com\/index.php\/wp-json\/wp\/v2\/posts"}],"about":[{"href":"https:\/\/diarioelpopular.com\/index.php\/wp-json\/wp\/v2\/types\/post"}],"author":[{"embeddable":true,"href":"https:\/\/diarioelpopular.com\/index.php\/wp-json\/wp\/v2\/users\/1"}],"replies":[{"embeddable":true,"href":"https:\/\/diarioelpopular.com\/index.php\/wp-json\/wp\/v2\/comments?post=21450"}],"version-history":[{"count":0,"href":"https:\/\/diarioelpopular.com\/index.php\/wp-json\/wp\/v2\/posts\/21450\/revisions"}],"wp:featuredmedia":[{"embeddable":true,"href":"https:\/\/diarioelpopular.com\/index.php\/wp-json\/"}],"wp:attachment":[{"href":"https:\/\/diarioelpopular.com\/index.php\/wp-json\/wp\/v2\/media?parent=21450"}],"wp:term":[{"taxonomy":"category","embeddable":true,"href":"https:\/\/diarioelpopular.com\/index.php\/wp-json\/wp\/v2\/categories?post=21450"},{"taxonomy":"post_tag","embeddable":true,"href":"https:\/\/diarioelpopular.com\/index.php\/wp-json\/wp\/v2\/tags?post=21450"}],"curies":[{"name":"wp","href":"https:\/\/api.w.org\/{rel}","templated":true}]}}