{"id":215000,"date":"2012-02-08T21:32:24","date_gmt":"2012-02-09T02:32:24","guid":{"rendered":"http:\/\/diarioelpopular.com\/?p=215000"},"modified":"2012-02-08T21:32:24","modified_gmt":"2012-02-09T02:32:24","slug":"notas-del-futbol-hispano-27","status":"publish","type":"post","link":"https:\/\/diarioelpopular.com\/index.php\/2012\/02\/08\/notas-del-futbol-hispano-27\/","title":{"rendered":"Notas del f\u00fatbol hispano"},"content":{"rendered":"<p>\u201cGracias queridas Marmotas, por sacar la cabeza de sus madrigueras y decirles a las autoridades que el invierno va a ser corto\u201d. No s\u00e9 cu\u00e1l es el sistema de comunicaci\u00f3n entre esos animalitos y las personas que los invocan, pero deber ser un entendimiento muy claro porque varios ya comenzaron a guardar algunas prendas de vestir gruesas. Como soy peat\u00f3n, por mi parte voy a ignorar el aviso de esos peque\u00f1os peludos hasta que realmente sienta el calorcito en mi cuerpo y seguir\u00e9 con mi calva cubierta y mis chaquetas gruesas moviliz\u00e1ndome entre gimnasio y gimnasio, porque comenz\u00f3 la segunda fase en los torneos y los partidos se ponen \u201cclientitos\u201d, sin importar los que digan las \u201cMarmotas\u201d, si habr\u00e1 invierno corto (con perjuicio de quienes trabajan retirando nieve) o una primavera larga (con beneficio para quienes trabajan arreglando jardines).<\/p>\n<div id=\"attachment_215001\" style=\"width: 810px\" class=\"wp-caption aligncenter\"><a href=\"https:\/\/diarioelpopular.com\/wp-content\/uploads\/2012\/02\/FOTO-1-SANTA-ANA.jpg\"><img loading=\"lazy\" decoding=\"async\" aria-describedby=\"caption-attachment-215001\" class=\"size-full wp-image-215001\" title=\"SANTA ANA\" src=\"https:\/\/diarioelpopular.com\/wp-content\/uploads\/2012\/02\/FOTO-1-SANTA-ANA.jpg\" alt=\"\" width=\"800\" height=\"749\" \/><\/a><p id=\"caption-attachment-215001\" class=\"wp-caption-text\">La escuadra de \u201cSanta Ana\u201d qued\u00f3 clasificada en la Segunda categor\u00eda, en el torneo de Sa\u00fal Varela<\/p><\/div>\n<p>Don Sa\u00fal Varela, nos envi\u00f3 la informaci\u00f3n oportuna de c\u00f3mo quedaron las nominas de los diez equipos que se dividir\u00e1n en dos grupos, en la categor\u00eda de Adultos de la liga \u201cCentro Sur La Original\u201d.<\/p>\n<ul>\n<li><strong>Primera Categor\u00eda:<\/strong> Argentina Mza, Jane y Finch, Copihues Rojos, Ciudad de Quito y Villa del Parque.<\/li>\n<li><strong>Segunda Categor\u00eda:<\/strong> F.C. Brampton, La Selecta, Deportivo St. Clair, Los Primos y Santa Ana.<\/li>\n<\/ul>\n<p>Se concertar\u00e1n dos partidos por categor\u00eda cada semana, quedando un equipo en descanso. Con este sistema seguramente habr\u00e1 partidos muy re\u00f1idos, como el que se jugar\u00e1 por la Primera Categor\u00eda entre \u201cCopihues Rojos\u201d con \u201cArgentina Mza\u201d lance programado a las 7.oo p.m. del pr\u00f3ximo s\u00e1bado .<\/p>\n<div id=\"attachment_215002\" style=\"width: 230px\" class=\"wp-caption alignright\"><a href=\"https:\/\/diarioelpopular.com\/wp-content\/uploads\/2012\/02\/FOTO-2-HERMANOS-OERTEL-J-WALKER.jpg\"><img loading=\"lazy\" decoding=\"async\" aria-describedby=\"caption-attachment-215002\" class=\" wp-image-215002  \" title=\"HERMANOS OERTEL J WALKER\" src=\"https:\/\/diarioelpopular.com\/wp-content\/uploads\/2012\/02\/FOTO-2-HERMANOS-OERTEL-J-WALKER.jpg\" alt=\"\" width=\"220\" height=\"336\" \/><\/a><p id=\"caption-attachment-215002\" class=\"wp-caption-text\">Una gran dupla en el elenco de \u201cJohnnie Walker\u201d forman los hermanos Julio y Marcelo Oertel<\/p><\/div>\n<p>En la liga \u201cBurocr\u00e1tica Comercial\u201d comenz\u00f3 la segunda fase del torneo de Adultos, donde los 18 equipos se dividieron en dos quedando conformados de la siguiente manera:<\/p>\n<ul>\n<li><strong>Primera Divisi\u00f3n<\/strong> (8 equipos): Johnnie Walker, Yerba Brava, Chilamate, Solo Boys, Sport Abadence, V. Construcci\u00f3n, Puro Toque y Estrella Roja.<\/li>\n<li><strong>Segunda Divisi\u00f3n<\/strong> (10 equipos): El Roble, Jane St., Olimpo, Tejutepeque, Tepeyac, La Raza, Sonsonate, Finch West United, Azul y Blanco y Brampton.<\/li>\n<\/ul>\n<div id=\"attachment_215003\" style=\"width: 198px\" class=\"wp-caption alignleft\"><a href=\"https:\/\/diarioelpopular.com\/wp-content\/uploads\/2012\/02\/FOTO-3-RADAMEL-FALCAO.jpg\"><img loading=\"lazy\" decoding=\"async\" aria-describedby=\"caption-attachment-215003\" class=\" wp-image-215003 \" title=\"RADAMEL FALCAO\" src=\"https:\/\/diarioelpopular.com\/wp-content\/uploads\/2012\/02\/FOTO-3-RADAMEL-FALCAO-269x300.jpg\" alt=\"\" width=\"188\" height=\"210\" \/><\/a><p id=\"caption-attachment-215003\" class=\"wp-caption-text\">El jugador colombiano del Atl\u00e9tico de Madrid, Radamel Falcao<\/p><\/div>\n<p>El delantero colombiano del Atl\u00e9tico de Madrid, Radamel Falcao asegur\u00f3 en declaraciones que no piensan en los puestos de Liga de Campeones y que el \u00fanico objetivo que se marcan es el que llega &#8220;cada fin de semana&#8221;. &#8220;Estamos en ese buen camino y no nos podemos confiar. Cada fin de semana es nuestro objetivo. Si no conseguimos lo que queremos ante el Santander, de nada va a servir. Lucharemos de esa manera siempre. Esperamos continuar as\u00ed&#8221;, explic\u00f3. El punta quiso destacar lo bien que funcionan las cosas desde la llegada al banquillo de Diego Pablo Simeone: &#8220;A veces los cambios descomprimen un poco la situaci\u00f3n tan dif\u00edcil que se estaba viviendo en la instituci\u00f3n y despu\u00e9s se trabaja m\u00e1s f\u00e1cil. Su mentalidad ha permitido que podamos refrescarnos. Y jugar tranquilamente&#8221;. Preguntado acerca de los dos objetivos como son aspirar a los puestos altos en la competici\u00f3n dom\u00e9stica y la pr\u00f3xima eliminatoria de Liga de Europa contra la Lazio, consider\u00f3 que la plantilla est\u00e1 preparada para afrontarlos con garant\u00edas, dijo tras recibir, en la embajada colombiana, el premio al Mejor Jugador de la pasada temporada que otorga el diario portugu\u00e9s &#8220;A Bola&#8221;.<\/p>\n<p>Radamel Falcao, repasando su a\u00f1o, en el que conquist\u00f3 la Liga de Europa con el Oporto y fich\u00f3 por el Atl\u00e9tico de Madrid, opin\u00f3 que es &#8220;muy dif\u00edcil quedarse con uno solo&#8221; y asegur\u00f3 que &#8220;cada logro tiene un sabor especial y un significado distinto&#8221;. &#8220;La Europa League es un torneo internacional, europeo, que es muy dif\u00edcil y significa mucho para m\u00ed como latino. Despu\u00e9s lleg\u00f3 el Atl\u00e9tico de Madrid, un equipo importante en una liga tan grande&#8230; son pasos que hab\u00eda so\u00f1ado y voy consiguiendo. Si me dec\u00edan si firmaba todo esto no me lo hubiera imaginado. Ha sido hasta el momento abrumador y, a veces, deseo que no termine. Es un desaf\u00edo por dar lo mejor de mi cada d\u00eda para ratificar lo que he conseguido&#8221;, concluy\u00f3.<\/p>\n<div id=\"attachment_215006\" style=\"width: 810px\" class=\"wp-caption aligncenter\"><a href=\"https:\/\/diarioelpopular.com\/wp-content\/uploads\/2012\/02\/FOTO-4-CHILAMATE-BUROCRATICA.jpg\"><img loading=\"lazy\" decoding=\"async\" aria-describedby=\"caption-attachment-215006\" class=\"size-full wp-image-215006\" title=\"CHILAMATE   BUROCRATICA\" src=\"https:\/\/diarioelpopular.com\/wp-content\/uploads\/2012\/02\/FOTO-4-CHILAMATE-BUROCRATICA.jpg\" alt=\"\" width=\"800\" height=\"727\" \/><\/a><p id=\"caption-attachment-215006\" class=\"wp-caption-text\">\u201cChilamate\u201d, equipo clasificado en la Primera Divisi\u00f3n de la categor\u00eda adultos, en la liga \u201cBurocr\u00e1tica Comercial\u201d<\/p><\/div>\n<p>Volvi\u00f3 don Carlos Brizuela a la conducci\u00f3n de su torneo \u201cT\u00edpico Centroamericano\u201d, despu\u00e9s que estuvo ausente por motivos familiares y las cosas han cambiado un poco, los encargados de los equipos est\u00e1n \u201cponi\u00e9ndose las pilas\u201d y est\u00e1n llenando las planillas de juego como corresponde con nombres entendibles y con la numeraci\u00f3n apropiada. Nos alegramos porque esta claridad en las papeletas de juego beneficia a la organizaci\u00f3n y a los propios equipos, de paso tambi\u00e9n a nuestro trabajo informativo.<\/p>\n<div id=\"attachment_215007\" style=\"width: 222px\" class=\"wp-caption alignright\"><a href=\"https:\/\/diarioelpopular.com\/wp-content\/uploads\/2012\/02\/FOTO-5-MARTIN-PALERMO.jpg\"><img loading=\"lazy\" decoding=\"async\" aria-describedby=\"caption-attachment-215007\" class=\"size-medium wp-image-215007\" title=\"MARTIN PALERMO\" src=\"https:\/\/diarioelpopular.com\/wp-content\/uploads\/2012\/02\/FOTO-5-MARTIN-PALERMO-212x300.jpg\" alt=\"\" width=\"212\" height=\"300\" \/><\/a><p id=\"caption-attachment-215007\" class=\"wp-caption-text\">Martin Palermo, jugador argentino del \u201cBoca Juniors\u201d que \u201ccolg\u00f3 los botines\u201d<\/p><\/div>\n<p>El chileno Iv\u00e1n Zamorano, el italiano Roberto Baggio, los colombianos Mauricio &#8216;Chicho&#8217; Serna, Oscar C\u00f3rdoba y Jorge Berm\u00fadez as\u00ed como el argentino Carlos T\u00e9vez jugaron\u00a0en Buenos Aires el partido que puso broche de oro a la carrera futbol\u00edstica de Mart\u00edn Palermo, m\u00e1ximo goleador del Boca Juniors. &#8220;Por ustedes Boca es un club tan grande. Es imposible no emocionarse&#8221;, dijo &#8216;el Loco&#8217; a sus hinchas tras dos d\u00e9cadas en el f\u00fatbol profesional. Palermo se despidi\u00f3 as\u00ed de sus seguidores en la m\u00edtica &#8216;Bombonera&#8217;, con un juego entretenido del que fueron parte otros futbolistas amigos y ex colegas del &#8216;Tit\u00e1n&#8217;, como Guillermo Barros Schelotto, Roberto Abbondanzieri, Rolando Schiavi y Pablo Mouche, entre otros.<\/p>\n<p>Dirigidos por Carlos Bianchi y vestidos con casaca blanca y vivos azules, todos ellos jugaron en &#8220;el Equipo de Mart\u00edn&#8221; junto a Palermo y su hijo Ryduan, de 15 a\u00f1os y quien milita en las divisiones inferiores del Estudiantes de La Plata. Dirigidos por Alfio Basile y con camiseta negra, en tanto, &#8220;Los amigos de Mart\u00edn&#8221; contaron adem\u00e1s con Carlos Bossio y Esteban Fuertes, pero cayeron por 3-2. El gran ausente de la jornada fue Diego Armando Maradona, quien no recibi\u00f3 autorizaci\u00f3n para viajar a Buenos Aires por parte del Al Wasl. A\u00fan as\u00ed la velada no escatim\u00f3 en sorpresas, como el ingreso del tenista argentino Juan Mart\u00edn del Potro, amigo de Palermo y fan\u00e1tico del Boca. &#8220;No me alcanzan las palabras para agradecerles. Intent\u00e9 siempre dejar la vida por esta camiseta y estos colores&#8221;, dijo un emocionado Palermo, de 38 a\u00f1os, y que jug\u00f3 su \u00faltimo partido oficial en junio pasado.<\/p>\n<div id=\"attachment_215008\" style=\"width: 810px\" class=\"wp-caption aligncenter\"><a href=\"https:\/\/diarioelpopular.com\/wp-content\/uploads\/2012\/02\/FOTO-6-MEXICO-F.C..jpg\"><img loading=\"lazy\" decoding=\"async\" aria-describedby=\"caption-attachment-215008\" class=\"size-full wp-image-215008\" title=\"MEXICO F.C.\" src=\"https:\/\/diarioelpopular.com\/wp-content\/uploads\/2012\/02\/FOTO-6-MEXICO-F.C..jpg\" alt=\"\" width=\"800\" height=\"550\" \/><\/a><p id=\"caption-attachment-215008\" class=\"wp-caption-text\">\u201cM\u00e9xico F.C.\u201d, de la categor\u00eda M\u00e1ster, en liga \u201cCentro Sur \u201cLa Original\u201d<\/p><\/div>\n<p>La escuadra de \u201cM\u00e9xico F.C.\u201d por poco le quita puntos al puntero e invicto \u201cEsmeralda Sporting\u201d la semana pasada. Los mexicanos se jugaron un partidazo frente al poderoso equipo esmeraldino, a pesar del esfuerzo perdieron por la cuenta m\u00ednima. En esta fecha tendr\u00e1n otro gran partido a las 4.oo p.m. al enfrentar al \u201cSport Boys\u201d.<\/p>\n<div id=\"attachment_215009\" style=\"width: 210px\" class=\"wp-caption alignleft\"><a href=\"https:\/\/diarioelpopular.com\/wp-content\/uploads\/2012\/02\/FOTO-7-SIR-ALEX-FERGUSON.jpg\"><img loading=\"lazy\" decoding=\"async\" aria-describedby=\"caption-attachment-215009\" class=\"size-full wp-image-215009\" title=\"SIR ALEX FERGUSON\" src=\"https:\/\/diarioelpopular.com\/wp-content\/uploads\/2012\/02\/FOTO-7-SIR-ALEX-FERGUSON.jpg\" alt=\"\" width=\"200\" height=\"134\" \/><\/a><p id=\"caption-attachment-215009\" class=\"wp-caption-text\">El caballero ingles Sir Alex Ferguson, n\u00f3minado el Mejor Entrenador del Mundo<\/p><\/div>\n<p>La Federaci\u00f3n Internacional de Historia y Estad\u00edstica del F\u00fatbol (IFFHS por sus siglas en ingl\u00e9s) public\u00f3 un ranking para diferenciar a los mejores entrenadores del siglo XXI, incluyendo a Edgardo Bauza, Carlos Ischia y Reinaldo Rueda. El lunes, reci\u00e9n pasado, fue el turno para los directores t\u00e9cnicos en la IFFHS, organismo alem\u00e1n fundado tres d\u00e9cadas atr\u00e1s en Leipzig que semana a semana elabora un sinn\u00famero de escalafones para tratar de diferenciar a los mejores int\u00e9rpretes del deporte rey. Como en cada ocasi\u00f3n que dan a conocer un nuevo ranking, el de esta jornada seguramente generar\u00e1 airadas discusiones y pol\u00e9micas consideraciones en el mundo del f\u00fatbol. Ahora, la IFFHS enlist\u00f3 a los mejores estrategas del siglo XXI.\u00a0 Sir Alex Ferguson, DT escoc\u00e9s que lleva veinticinco a\u00f1os al frente del Manchester United de Luis Antonio Valencia, fue considerado como el N\u00famero Uno del Mundo, seguido de cerca por el franc\u00e9s Arsene Wegner del Arsenal FC, que desde 1996 maneja el tim\u00f3n de los Gunners. Curiosamente, Josep Guardiola , DT del Barcelona de Espa\u00f1a consta en el puesto 22. A continuaci\u00f3n los diez primeros del ranking de la IFFHS:<\/p>\n<ul>\n<li>1. Sir Alexander Ferguson (ESC)<\/li>\n<li>2. Ars\u00e8ne Wenger (FRA)<\/li>\n<li>3. Jos\u00e9 Mourinho (POR)<\/li>\n<li>4. Fabio Capello (ITA)<\/li>\n<li>5. Guus Hiddink (HOL)<\/li>\n<li>6. Carlo Ancelotti (ITA)<\/li>\n<li>7. Vicente del Bosque (ESP)<\/li>\n<li>8. Marcelo Bielsa (ARG)<\/li>\n<li>9. Luiz Felipe Scolari (BRA)<\/li>\n<li>10. Rafael Ben\u00edtez (ESP).<\/li>\n<\/ul>\n<div id=\"attachment_215010\" style=\"width: 202px\" class=\"wp-caption alignright\"><a href=\"https:\/\/diarioelpopular.com\/wp-content\/uploads\/2012\/02\/FOTO-8-JORGE-APARICIO-DT-CHINAMECA.jpg\"><img loading=\"lazy\" decoding=\"async\" aria-describedby=\"caption-attachment-215010\" class=\"size-medium wp-image-215010\" title=\"JORGE APARICIO DT CHINAMECA\" src=\"https:\/\/diarioelpopular.com\/wp-content\/uploads\/2012\/02\/FOTO-8-JORGE-APARICIO-DT-CHINAMECA-192x300.jpg\" alt=\"\" width=\"192\" height=\"300\" \/><\/a><p id=\"caption-attachment-215010\" class=\"wp-caption-text\">Jorge Aparicio, realiza un gran trabajo con los juveniles del \u201cChinameca F.C.\u201d de la categor\u00eda 95-96<\/p><\/div>\n<p>Hay que destacar el esfuerzo que realizan los directores t\u00e9cnicos y encargados de los equipos juveniles de la categor\u00eda 95-96 en la liga \u201cCentro Sur La Original\u201d por guiar a los j\u00f3venes por el correcto camino del deporte. Cada presentaci\u00f3n de los muchachos es un buen espect\u00e1culo por la habilidad de sus jugadas y la buena distribuci\u00f3n dentro del rect\u00e1ngulo de juego. En la fecha de esta semana los dos partidos de la categor\u00eda se jugaran el d\u00eda viernes a contar de las 6.45 p.m.<\/p>\n<div id=\"attachment_215011\" style=\"width: 190px\" class=\"wp-caption alignleft\"><a href=\"https:\/\/diarioelpopular.com\/wp-content\/uploads\/2012\/02\/FOTO-9-LUIS-SUAREZ.jpg\"><img loading=\"lazy\" decoding=\"async\" aria-describedby=\"caption-attachment-215011\" class=\" wp-image-215011\" title=\"LUIS SUAREZ\" src=\"https:\/\/diarioelpopular.com\/wp-content\/uploads\/2012\/02\/FOTO-9-LUIS-SUAREZ-300x267.jpg\" alt=\"\" width=\"180\" height=\"160\" \/><\/a><p id=\"caption-attachment-215011\" class=\"wp-caption-text\">El delantero uruguayo Luis Suarez volvi\u00f3 a jugar despu\u00e9s de haber sido acusado de racismo<\/p><\/div>\n<p>El delantero uruguayo Luis Su\u00e1rez volvi\u00f3 a las canchas el lunes cuando su equipo, Liverpool de Inglaterra, se enfrento a Tottenham por la Premiere League de ese pa\u00eds. El atacante de la selecci\u00f3n uruguaya fue suspendido por ocho partidos debido a que le propin\u00f3 insultos racistas al lateral franc\u00e9s de Manchester United, Patrice Evra. Tras cumplir el castigo, Su\u00e1rez reapareci\u00f3 en Anfield, estadio de Liverpool, frente a Tottenham. El entrenador del los \u201creds\u201d, el escoc\u00e9s Kenny Dalglish, manifest\u00f3 su alegr\u00eda por el regreso de Su\u00e1rez y dio a entender que el jugador tiene que haber aprendido la lecci\u00f3n tras la sanci\u00f3n. \u201cEstamos muy contentos de tenerlo de vuelta\u201d, coment\u00f3 el DT. \u201cCreo que se aprende algo cada vez que vas a la cama. Si ha sido bueno o malo, depende del d\u00eda, pero ahora ha sabido entender otras cuestiones del f\u00fatbol que no siempre hubiera pensado con calma\u201d, agreg\u00f3.<\/p>\n<div id=\"attachment_215012\" style=\"width: 215px\" class=\"wp-caption alignright\"><a href=\"https:\/\/diarioelpopular.com\/wp-content\/uploads\/2012\/02\/FOTO-10-JOFFRE-VILLAMAR-ESMERALDA-SP..jpg\"><img loading=\"lazy\" decoding=\"async\" aria-describedby=\"caption-attachment-215012\" class=\"size-medium wp-image-215012\" title=\"JOFFRE VILLAMAR ESMERALDA SP.\" src=\"https:\/\/diarioelpopular.com\/wp-content\/uploads\/2012\/02\/FOTO-10-JOFFRE-VILLAMAR-ESMERALDA-SP.-205x300.jpg\" alt=\"\" width=\"205\" height=\"300\" \/><\/a><p id=\"caption-attachment-215012\" class=\"wp-caption-text\">Joffrey Villamar, gran jugador del equipo \u201cEsmeralda Sporting\u201d de la categor\u00eda M\u00e1ster en el torneo \u201cTaca Airlines\u201d<\/p><\/div>\n<p>El elenco de \u201cEsmeralda Sporting\u201d en M\u00e1ster, es pr\u00e1cticamente el equipo a ganar como consigna de los equipos de la categor\u00eda, el s\u00e1bado luch\u00f3 pero no pudo el equipo mexicano, que cay\u00f3 abatido por la cuenta m\u00ednima con gol de Leo L\u00f3pez. En el equipo hay jugadores muy destacados en la comunidad hispana deportiva. En esta fecha los rivales ser\u00e1n los ecuatorianos del \u201cL.D.U.\u201d<\/p>\n<div id=\"attachment_215013\" style=\"width: 207px\" class=\"wp-caption alignleft\"><a href=\"https:\/\/diarioelpopular.com\/wp-content\/uploads\/2012\/02\/FOTO-11-NORBERTO-SOLANO.jpg\"><img loading=\"lazy\" decoding=\"async\" aria-describedby=\"caption-attachment-215013\" class=\" wp-image-215013\" title=\"NORBERTO SOLANO\" src=\"https:\/\/diarioelpopular.com\/wp-content\/uploads\/2012\/02\/FOTO-11-NORBERTO-SOLANO.jpg\" alt=\"\" width=\"197\" height=\"183\" \/><\/a><p id=\"caption-attachment-215013\" class=\"wp-caption-text\">El peruano Norberto Solano est\u00e1 cansado de jugar, quiere ser director t\u00e9cnico<\/p><\/div>\n<p>Nolberto Solano confes\u00f3 que el momento de colgar los chimpunes ya est\u00e1 cerca. Y es que una de las mejores pegadas del f\u00fatbol peruano ya no siente las mismas ganas de levantarse temprano para ir entrenar, por lo que ahora ya quiere ponerse el buzo de entrenador. \u201cHa sido un mal entendido (lo de su retiro), estoy tratando de arreglar con el Hartlepool porque mi contrato vence en junio, aunque con la opci\u00f3n de quedarme un a\u00f1o m\u00e1s. No he estado jugando mucho y creo que ya lleg\u00f3 el momento de dejar las canchas, pero quiero arreglar mi situaci\u00f3n porque tengo contrato\u201d, coment\u00f3.<\/p>\n<p>Solano tiene motivos para tomar esta decisi\u00f3n. \u201cYa no tengo esas ganas, le perd\u00ed ese gusto de levantarme para entrenar. Y es mejor dejar el f\u00fatbol y no que el f\u00fatbol lo deje a uno. Tengo muchas ganas de empezar mi carrera como entrenador\u201d. El todav\u00eda volante del Hartlepool dijo que un club ya le hizo la propuesta para que empiece su carrera como t\u00e9cnico. \u201cHa llegado esta propuesta de un club que es del norte de Inglaterra (Newcastle Benfield), es una oportunidad linda de empezar como entrenador. Es un divisi\u00f3n muy amateur pero lo importante es trabajar con adultos\u201d.<\/p>\n<div id=\"attachment_215014\" style=\"width: 209px\" class=\"wp-caption alignright\"><a href=\"https:\/\/diarioelpopular.com\/wp-content\/uploads\/2012\/02\/FOTO-12-MANOLO-HERRERA-Y-ANTONIO-GARCIA-SPORT-BOYS.jpg\"><img loading=\"lazy\" decoding=\"async\" aria-describedby=\"caption-attachment-215014\" class=\" wp-image-215014 \" title=\"MANOLO HERRERA Y ANTONIO GARCIA SPORT BOYS\" src=\"https:\/\/diarioelpopular.com\/wp-content\/uploads\/2012\/02\/FOTO-12-MANOLO-HERRERA-Y-ANTONIO-GARCIA-SPORT-BOYS-249x300.jpg\" alt=\"\" width=\"199\" height=\"240\" \/><\/a><p id=\"caption-attachment-215014\" class=\"wp-caption-text\">Manolo Herrera y Antonio Garc\u00eda, los pilares fundamentales del \u201cSport Boys\u201d en la liga \u201cCentro Sur La original\u201d<\/p><\/div>\n<p>Se presume que ser\u00e1 uno de los buenos encuentros de la fecha en el torneo \u201cTaca Airlines\u201d cuando se enfrenten \u201cSport Boys\u201d de Antonio Garc\u00eda con \u201cM\u00e9xico F.C.\u201d, lance programado a las 4.oo p.m.<\/p>\n<div id=\"attachment_215015\" style=\"width: 220px\" class=\"wp-caption alignleft\"><a href=\"https:\/\/diarioelpopular.com\/wp-content\/uploads\/2012\/02\/FOTO-13-RAUL-RUIDIAZ.jpg\"><img loading=\"lazy\" decoding=\"async\" aria-describedby=\"caption-attachment-215015\" class=\" wp-image-215015 \" title=\"RAUL RUIDIAZ\" src=\"https:\/\/diarioelpopular.com\/wp-content\/uploads\/2012\/02\/FOTO-13-RAUL-RUIDIAZ.jpg\" alt=\"\" width=\"210\" height=\"126\" \/><\/a><p id=\"caption-attachment-215015\" class=\"wp-caption-text\">El nuevo jugador de \u201cUniversidad de Chile\u201d, Ra\u00fal Ruidiaz debut\u00f3 con una gran actuaci\u00f3n<\/p><\/div>\n<p>La Universidad de Chile, el cuadro azul, no pudo tener mejor inicio en su certamen local, ya que inici\u00f3 la defensa de su t\u00edtulo con una clara victoria fuera de casa. El primer tiempo fue bastante complicado para la U de Chile , que se vio maniatado por una Serena que pareci\u00f3 haber encontrado la llave para bloquear los intentos ofensivos de su rival de turno. Sin embargo, el ingreso del peruano Ra\u00fal Ruid\u00edaz en el complemento fue vital para los dirigidos por Jorge Sampaoli, ya que la \u2018Pulga\u2019 abri\u00f3 la cuenta a los dos minutos con un certero golpe de cabeza. La alegr\u00eda de la U de Chile no dur\u00f3 mucho, debido a que Jerez estableci\u00f3 el empate para la Serena a los siete minutos. Pero una vez m\u00e1s aparecer\u00eda Ra\u00fal Ruid\u00edaz , quien tras una gran jugada individual, habilita a su compa\u00f1ero Junior Fern\u00e1ndez, para que este anote el 2-1. La buena actuaci\u00f3n del peruano no quedar\u00eda ah\u00ed, ya que sobre el final le cometen un penal, que se encargar\u00eda de ejecutar D\u00edaz, para as\u00ed sentenciar la primera victoria de la U de Chile .<\/p>\n<div id=\"attachment_215016\" style=\"width: 810px\" class=\"wp-caption aligncenter\"><a href=\"https:\/\/diarioelpopular.com\/wp-content\/uploads\/2012\/02\/FOTO-14-ESTRELLA-ROJA.jpg\"><img loading=\"lazy\" decoding=\"async\" aria-describedby=\"caption-attachment-215016\" class=\"size-full wp-image-215016\" title=\"ESTRELLA ROJA\" src=\"https:\/\/diarioelpopular.com\/wp-content\/uploads\/2012\/02\/FOTO-14-ESTRELLA-ROJA.jpg\" alt=\"\" width=\"800\" height=\"639\" \/><\/a><p id=\"caption-attachment-215016\" class=\"wp-caption-text\">\u201cEstrella Roja\u201d, un equipo de jugadores fuertes que brindan espect\u00e1culo en cada partido<\/p><\/div>\n<p>La Primera Divisi\u00f3n, de la categor\u00eda adultos, en la liga \u201cBurocr\u00e1tica Comercial\u201d cuenta con un equipo muy fuerte y competitivo el \u201cEstrella Roja\u201d, escuadra de morenos que poco a poco se han ido ganando el aprecio de los habit\u00faes al gim del \u201cSt. Basil The Great College\u201d, esta escuadra qued\u00f3 inserta en una n\u00f3mina de grandes equipos por lo que se presume cada confrontaci\u00f3n ser\u00e1 un buen espect\u00e1culo.-<\/p>\n<div id=\"attachment_215017\" style=\"width: 113px\" class=\"wp-caption alignright\"><a href=\"https:\/\/diarioelpopular.com\/wp-content\/uploads\/2012\/02\/FOTO-15-ALFREDO-DI-STEFANO..jpg\"><img loading=\"lazy\" decoding=\"async\" aria-describedby=\"caption-attachment-215017\" class=\"size-full wp-image-215017\" title=\"ALFREDO DI STEFANO.\" src=\"https:\/\/diarioelpopular.com\/wp-content\/uploads\/2012\/02\/FOTO-15-ALFREDO-DI-STEFANO..jpg\" alt=\"\" width=\"103\" height=\"132\" \/><\/a><p id=\"caption-attachment-215017\" class=\"wp-caption-text\">El gran Alfredo Di Stefano tendr\u00e1 un partido de homenaje entre \u201cMillonarios de Colombia\u201d con \u201cReal Madrid\u201d<\/p><\/div>\n<p>Real Madrid y Millonarios de Colombia jugar\u00e1n un partido de f\u00fatbol amistoso en agosto pr\u00f3ximo en la capital espa\u00f1ola, donde realizar\u00e1n un homenaje al ex futbolista y ex entrenador argentino Alfredo Di St\u00e9fano, confirm\u00f3 el club colombiano. Noem\u00ed San\u00edn, presidenta de la junta directiva de Millonarios y ex embajadora de Colombia en Espa\u00f1a, se\u00f1al\u00f3 que en marzo se definir\u00e1 la fecha exacta del juego que se disputar\u00e1 en el estadio Santiago Bernab\u00e9u de Madrid. &#8220;Este partido, que se va a celebrar en el estadio Bernab\u00e9u a finales de mes de agosto, lo esperamos ganar&#8230;Real Madrid pagar\u00e1 los tiquetes clase ejecutiva, el hotel y aparte le dar\u00e1 a Millonarios 150.000 euros por participar en el homenaje&#8221;, dijo San\u00edn en Bogot\u00e1 durante un evento privado.<\/p>\n<p>Alfredo Di St\u00e9fano, apodado la Saeta Rubia, jug\u00f3 como delantero en Millonarios entre 1949 y 1953, periodo en el que gan\u00f3 cuatro t\u00edtulos de torneo profesional colombiano y marc\u00f3 un r\u00e9cord de 90 goles en 101 partidos. El argentino, ahora presidente honorario del Real Madrid, jug\u00f3 en el club bogotano junto con sus compatriotas Adolfo Pedernera, N\u00e9stor Ra\u00fal Rossi y Julio Adolfo Cozzi, entre otros, durante una \u00e9poca dorada en la que este equipo fue denominado como el Ballet Azul por su arm\u00f3nico y efectivo estilo de juego.<\/p>\n<div id=\"attachment_215021\" style=\"width: 190px\" class=\"wp-caption alignleft\"><a href=\"https:\/\/diarioelpopular.com\/wp-content\/uploads\/2012\/02\/FOTO-16-LEANDRO-BARONA-MEXICO.jpg\"><img loading=\"lazy\" decoding=\"async\" aria-describedby=\"caption-attachment-215021\" class=\" wp-image-215021 \" title=\"LEANDRO BARONA MEXICO\" src=\"https:\/\/diarioelpopular.com\/wp-content\/uploads\/2012\/02\/FOTO-16-LEANDRO-BARONA-MEXICO.jpg\" alt=\"\" width=\"180\" height=\"108\" \/><\/a><p id=\"caption-attachment-215021\" class=\"wp-caption-text\">Leandro Barona, jugador del \u201cM\u00e9xico F.C.\u201d, en el torneo \u201cTaca Airlines\u201d<\/p><\/div>\n<p>Si hay un personaje dentro de la cancha es sin duda alguna el mexicano Leandro Barona, que le discute el titulo del \u201cRey de las Tarjetas Amarillas\u201d a otro personaje argentino. Barona, del elenco \u201cM\u00e9xico F.C.\u201d pone todo su empe\u00f1o en el triunfo de su equipo alentando a sus compa\u00f1eros durante todo el encuentro. Para Leandro dentro de la cancha, durante el partido, no hay jugadores amigos\u2026 ni \u00e1rbitros buenos.<\/p>\n<p>El equipo \u201cPuro Toque\u201d es un gran elenco que tiene excelentes jugadores y brindan buenos partidos, pero la gran falla est\u00e1 en que sus integrantes, generalmente no llegan a la hora a los compromisos y eso les ha hecho perder algunos lances. Ese problema es f\u00e1cil de arreglar con una buena informaci\u00f3n de parte de quien dirige el equipo. Es seguro que \u201cPuro Toque\u201d ser\u00e1 un gran animador de la segunda fase del torneo \u201cT\u00edpico Centroamericano\u201d.<\/p>\n<div id=\"attachment_215019\" style=\"width: 810px\" class=\"wp-caption aligncenter\"><a href=\"https:\/\/diarioelpopular.com\/wp-content\/uploads\/2012\/02\/FOTO-17-PURO-TOQUE.jpg\"><img loading=\"lazy\" decoding=\"async\" aria-describedby=\"caption-attachment-215019\" class=\"size-full wp-image-215019\" title=\"PURO TOQUE\" src=\"https:\/\/diarioelpopular.com\/wp-content\/uploads\/2012\/02\/FOTO-17-PURO-TOQUE.jpg\" alt=\"\" width=\"800\" height=\"786\" \/><\/a><p id=\"caption-attachment-215019\" class=\"wp-caption-text\">\u201cPuro Toque\u201d, escuadra que clasific\u00f3 en la Primera Divisi\u00f3n del torneo \u201cT\u00edpico Centroamericano\u201d<\/p><\/div>\n<p>Nos vemos la pr\u00f3xima semana en las notas del futbol hispano.<\/p>\n","protected":false},"excerpt":{"rendered":"<p>Don Sa\u00fal Varela, nos envi\u00f3 la informaci\u00f3n oportuna de c\u00f3mo quedaron las nominas de los diez equipos que se dividir\u00e1n en dos grupos, en la categor\u00eda de Adultos de la liga \u201cCentro Sur La Original\u201d.<\/p>\n","protected":false},"author":1,"featured_media":215015,"comment_status":"open","ping_status":"open","sticky":false,"template":"","format":"standard","meta":{"footnotes":""},"categories":[28],"tags":[657],"class_list":["post-215000","post","type-post","status-publish","format-standard","has-post-thumbnail","hentry","category-deportes","tag-futbol-hispano"],"_links":{"self":[{"href":"https:\/\/diarioelpopular.com\/index.php\/wp-json\/wp\/v2\/posts\/215000","targetHints":{"allow":["GET"]}}],"collection":[{"href":"https:\/\/diarioelpopular.com\/index.php\/wp-json\/wp\/v2\/posts"}],"about":[{"href":"https:\/\/diarioelpopular.com\/index.php\/wp-json\/wp\/v2\/types\/post"}],"author":[{"embeddable":true,"href":"https:\/\/diarioelpopular.com\/index.php\/wp-json\/wp\/v2\/users\/1"}],"replies":[{"embeddable":true,"href":"https:\/\/diarioelpopular.com\/index.php\/wp-json\/wp\/v2\/comments?post=215000"}],"version-history":[{"count":0,"href":"https:\/\/diarioelpopular.com\/index.php\/wp-json\/wp\/v2\/posts\/215000\/revisions"}],"wp:featuredmedia":[{"embeddable":true,"href":"https:\/\/diarioelpopular.com\/index.php\/wp-json\/"}],"wp:attachment":[{"href":"https:\/\/diarioelpopular.com\/index.php\/wp-json\/wp\/v2\/media?parent=215000"}],"wp:term":[{"taxonomy":"category","embeddable":true,"href":"https:\/\/diarioelpopular.com\/index.php\/wp-json\/wp\/v2\/categories?post=215000"},{"taxonomy":"post_tag","embeddable":true,"href":"https:\/\/diarioelpopular.com\/index.php\/wp-json\/wp\/v2\/tags?post=215000"}],"curies":[{"name":"wp","href":"https:\/\/api.w.org\/{rel}","templated":true}]}}