{"id":215512,"date":"2012-02-09T12:57:59","date_gmt":"2012-02-09T17:57:59","guid":{"rendered":"http:\/\/diarioelpopular.com\/?p=215512"},"modified":"2012-02-09T12:57:59","modified_gmt":"2012-02-09T17:57:59","slug":"la-justicia-espanola-condena-a-garzon-y-pone-fin-a-su-carrera","status":"publish","type":"post","link":"https:\/\/diarioelpopular.com\/index.php\/2012\/02\/09\/la-justicia-espanola-condena-a-garzon-y-pone-fin-a-su-carrera\/","title":{"rendered":"La Justicia espa\u00f1ola condena e inhabilita al juez Garz\u00f3n"},"content":{"rendered":"<div id=\"attachment_215513\" style=\"width: 710px\" class=\"wp-caption aligncenter\"><a href=\"https:\/\/diarioelpopular.com\/wp-content\/uploads\/2012\/02\/El-juez-Baltasar-Garz\u00f3n.jpg\"><img loading=\"lazy\" decoding=\"async\" aria-describedby=\"caption-attachment-215513\" class=\"size-full wp-image-215513\" title=\"El juez Baltasar Garz\u00f3n\" src=\"https:\/\/diarioelpopular.com\/wp-content\/uploads\/2012\/02\/El-juez-Baltasar-Garz\u00f3n.jpg\" alt=\"\" width=\"700\" height=\"420\" \/><\/a><p id=\"caption-attachment-215513\" class=\"wp-caption-text\">El juez espa\u00f1ol Baltasar Garz\u00f3n llega al Tribunal Supremo, en Madrid<\/p><\/div>\n<p><a href=\"https:\/\/diarioelpopular.com\/wp-content\/uploads\/2012\/02\/Gr\u00e1fico-Garz\u00f3n.jpg\"><img loading=\"lazy\" decoding=\"async\" class=\"alignright size-full wp-image-222221\" title=\"Gr\u00e1fico Garz\u00f3n\" src=\"https:\/\/diarioelpopular.com\/wp-content\/uploads\/2012\/02\/Gr\u00e1fico-Garz\u00f3n.jpg\" alt=\"\" width=\"381\" height=\"513\" \/><\/a><em><strong>V<\/strong><strong>irginia Hebrero. Madrid.-<\/strong><\/em> El juez espa\u00f1ol Baltasar Garz\u00f3n, que alcanz\u00f3 fama internacional por mandar detener al exdictador chileno Augusto Pinochet y perseguir a ex represores argentinos, fue condenado este jueves en Espa\u00f1a e inhabilitado por haber ordenado unas escuchas a los acusados de una gran red de corrupci\u00f3n.<\/p>\n<p>El Tribunal Supremo espa\u00f1ol encontr\u00f3 a Garz\u00f3n culpable de prevaricaci\u00f3n y le conden\u00f3 a 11 a\u00f1os de inhabilitaci\u00f3n por haber autorizado a interceptar las conversaciones que mantuvieron en prisi\u00f3n los presuntos cabecillas de la trama, que afecta a antiguos altos cargos del Partido Popular, y sus abogados.<\/p>\n<p>La sentencia, que fue adoptada por unanimidad de los siete magistrados que le juzgaron, le fue comunicada en persona a Garz\u00f3n, y supone la &#8220;perdida definitiva&#8221; de su condici\u00f3n de juez.<\/p>\n<p>El magistrado estaba suspendido cautelarmente de sus funciones en la Audiencia Nacional desde 2010, a ra\u00edz de esta causa y de otras dos abiertas contra \u00e9l, por tratar de investigar los cr\u00edmenes del franquismo y por los patrocinios de unas conferencias que ofreci\u00f3 en Nueva York.<\/p>\n<p>En una dura sentencia, los jueces afirman que Garz\u00f3n &#8220;caus\u00f3 una dr\u00e1stica e injustificada reducci\u00f3n del derecho de defensa&#8221; de los acusados.<\/p>\n<p>Dicen que coloc\u00f3 a &#8220;todo el proceso penal espa\u00f1ol&#8230; al nivel de sistemas pol\u00edticos y procesales caracter\u00edsticos de tiempos ya superados&#8230;admitiendo pr\u00e1cticas que en los tiempos actuales solo se encuentran en los reg\u00edmenes totalitarios en los que todo se considera v\u00e1lido para obtener la informaci\u00f3n que interesa&#8221;.<\/p>\n<p>Durante el juicio de este caso, que concluy\u00f3 el pasado 19 de enero, Garz\u00f3n defendi\u00f3 su decisi\u00f3n de ordenar las escuchas se\u00f1alando que se hicieron para evitar que los acusados siguieran delinquiendo y blanqueando dinero desde prisi\u00f3n.<\/p>\n<p>En este proceso, la acusaci\u00f3n estuvo ejercida por los propios abogados que hab\u00edan sido v\u00edctimas de las escuchas, mientras que la Fiscal\u00eda ped\u00eda su absoluci\u00f3n.<\/p>\n<p>La condena de Garz\u00f3n, que en Espa\u00f1a fue el azote de la banda terrorista ETA y abri\u00f3 casos de otras partes de mundo en base al principio de justicia universal, provoc\u00f3 inmediatamente numerosas reacciones de fuerzas pol\u00edticas y sociales, as\u00ed como del propio juez, quien confes\u00f3 a su abogado que se siente &#8220;desolado&#8221;.<\/p>\n<p>&#8220;Una vida entera dedicada a la judicatura y que de pronto te digan que se ha acabado&#8230; Es para estar desolado. Confieso que yo participo de su desolaci\u00f3n y dolor&#8221;, dijo el abogado a Efe, en conversaci\u00f3n telef\u00f3nica.<\/p>\n<p>El letrado, Francisco Baena, va a estudiar la resoluci\u00f3n y &#8220;si su contenido se lo permite&#8221; recurrir\u00e1 ante el Tribunal Constitucional espa\u00f1ol y el Tribunal Europeo de Derechos Humanos.<\/p>\n<p>Desde el Gobierno conservador de Mariano Rajoy, se expres\u00f3 el &#8220;absoluto respeto&#8221; por las decisiones judiciales, y el ministro de Justicia, Alberto Ruiz-Gallard\u00f3n, dijo que &#8220;la \u00fanica valoraci\u00f3n&#8221; que hacen es el normal funcionamiento de las instituciones y el cumplimiento del Estado de derecho.<\/p>\n<p>Desde el exgubernamental Partido Socialista Obrero Espa\u00f1ol (PSOE), su secretario general, Alfredo P\u00e9rez Rubalcaba, aunque expres\u00f3 su respeto a todas las sentencias, reconoci\u00f3 sentirse triste por esta.<\/p>\n<p>&#8220;Respeto todas las sentencias, pero algunas me entristecen. Hoy me acuerdo de la lucha que hicimos juntos contra ETA&#8221;, escribi\u00f3 en su cuenta de Twitter quien fuera ministro del Interior en el anterior Gobierno socialista.<\/p>\n<p>La reacci\u00f3n fue de indignaci\u00f3n desde sectores m\u00e1s a la izquierda, y as\u00ed, el coordinador de Izquierda Unida, Cayo Lara, asegur\u00f3 que hoy &#8220;es un d\u00eda triste para los dem\u00f3cratas&#8221;, mientras el diputado Gaspar Llamazares hablaba de &#8220;linchamiento&#8221;.<\/p>\n<p>Mar\u00eda Garz\u00f3n Molina, hija del magistrado, contest\u00f3 a todos aquellos que se han alegrado por la inhabilitaci\u00f3n de su padre y que &#8220;brindar\u00e1n con champ\u00e1n&#8221;, que ni ella ni su familia bajar\u00e1n la cabeza ni derramar\u00e1n una l\u00e1grima.<\/p>\n<p>El portavoz de la plataforma Solidarios con Garz\u00f3n, Jordi Gordon, calific\u00f3 de &#8220;verg\u00fcenza&#8221; la sentencia y opin\u00f3 que &#8220;detr\u00e1s de esta decisi\u00f3n judicial se esconden intenciones e intereses oscuros&#8221;.<\/p>\n<p>&nbsp;<\/p>\n","protected":false},"excerpt":{"rendered":"<p>El juez espa\u00f1ol Baltasar Garz\u00f3n, que alcanz\u00f3 fama internacional por mandar detener al exdictador chileno Augusto Pinochet y perseguir a ex represores argentinos, fue condenado este jueves en Espa\u00f1a e inhabilitado por haber ordenado unas escuchas a los acusados de una gran red de corrupci\u00f3n.<\/p>\n","protected":false},"author":1,"featured_media":215513,"comment_status":"open","ping_status":"open","sticky":false,"template":"","format":"standard","meta":{"footnotes":""},"categories":[24],"tags":[444,1254,1561],"class_list":["post-215512","post","type-post","status-publish","format-standard","has-post-thumbnail","hentry","category-mundo","tag-espana","tag-garzon","tag-gurtel"],"_links":{"self":[{"href":"https:\/\/diarioelpopular.com\/index.php\/wp-json\/wp\/v2\/posts\/215512","targetHints":{"allow":["GET"]}}],"collection":[{"href":"https:\/\/diarioelpopular.com\/index.php\/wp-json\/wp\/v2\/posts"}],"about":[{"href":"https:\/\/diarioelpopular.com\/index.php\/wp-json\/wp\/v2\/types\/post"}],"author":[{"embeddable":true,"href":"https:\/\/diarioelpopular.com\/index.php\/wp-json\/wp\/v2\/users\/1"}],"replies":[{"embeddable":true,"href":"https:\/\/diarioelpopular.com\/index.php\/wp-json\/wp\/v2\/comments?post=215512"}],"version-history":[{"count":0,"href":"https:\/\/diarioelpopular.com\/index.php\/wp-json\/wp\/v2\/posts\/215512\/revisions"}],"wp:featuredmedia":[{"embeddable":true,"href":"https:\/\/diarioelpopular.com\/index.php\/wp-json\/"}],"wp:attachment":[{"href":"https:\/\/diarioelpopular.com\/index.php\/wp-json\/wp\/v2\/media?parent=215512"}],"wp:term":[{"taxonomy":"category","embeddable":true,"href":"https:\/\/diarioelpopular.com\/index.php\/wp-json\/wp\/v2\/categories?post=215512"},{"taxonomy":"post_tag","embeddable":true,"href":"https:\/\/diarioelpopular.com\/index.php\/wp-json\/wp\/v2\/tags?post=215512"}],"curies":[{"name":"wp","href":"https:\/\/api.w.org\/{rel}","templated":true}]}}