{"id":21673,"date":"2011-12-13T22:38:09","date_gmt":"2011-12-14T03:38:09","guid":{"rendered":"http:\/\/diarioelpopular.com\/?p=21673"},"modified":"2011-12-13T22:38:09","modified_gmt":"2011-12-14T03:38:09","slug":"notas-del-futbol-hispano-22","status":"publish","type":"post","link":"https:\/\/diarioelpopular.com\/index.php\/2011\/12\/13\/notas-del-futbol-hispano-22\/","title":{"rendered":"Notas del f\u00fatbol hispano"},"content":{"rendered":"<div id=\"attachment_21674\" style=\"width: 810px\" class=\"wp-caption aligncenter\"><a href=\"https:\/\/diarioelpopular.com\/wp-content\/uploads\/2011\/12\/FOTO-1-Con-fami%C3%85%C2%A0mpton-95-96.jpg\"><img loading=\"lazy\" decoding=\"async\" aria-describedby=\"caption-attachment-21674\" class=\"size-full wp-image-21674\" title=\"Brampton United\" src=\"https:\/\/diarioelpopular.com\/wp-content\/uploads\/2011\/12\/FOTO-1-Con-fami%C3%85%C2%A0mpton-95-96.jpg\" alt=\"\" width=\"800\" height=\"373\" \/><\/a><p id=\"caption-attachment-21674\" class=\"wp-caption-text\">Como saludo navide\u00f1o a las familias de todos los jugadores de indoor soccer de nuestra comunidad hispana, va esta foto del equipo juvenil \u201cBrampton United\u201d con sus padres y familiares<\/p><\/div>\n<p>Estamos por llegar a la fecha final de este a\u00f1o en los torneos de indoor soccer, una fecha m\u00e1s y al descanso de fin de a\u00f1o. Desde estas l\u00edneas les deseamos una Feliz Navidad y un auspicioso A\u00f1o Nuevo a todos los jugadores y sus respectivas familias, esperando vernos nuevamente por los gimnasios de las escuelas de Toronto en enero del 2012. Que el retorno a las actividades deportivas sea exitoso, en el buen sentido competitivo amateur. Todav\u00eda les queda a los jugadores una fecha m\u00e1s para saludarse y desearse toda clase de bendiciones y buenos deseos, aun con los m\u00e1s ac\u00e9rrimos rivales, es seguro que un sincero saludo les permitir\u00e1 volver el pr\u00f3ximo a\u00f1o con m\u00e1s ganas a las canchas\u2026 Que as\u00ed sea.<\/p>\n<div id=\"attachment_21675\" style=\"width: 297px\" class=\"wp-caption alignright\"><a href=\"https:\/\/diarioelpopular.com\/wp-content\/uploads\/2011\/12\/FOTO-2-C-Brizue%C3%85%C2%A0-y-Carlitos.jpg\"><img loading=\"lazy\" decoding=\"async\" aria-describedby=\"caption-attachment-21675\" class=\"size-medium wp-image-21675\" title=\"Carlos Brizuela\" src=\"https:\/\/diarioelpopular.com\/wp-content\/uploads\/2011\/12\/FOTO-2-C-Brizue%C3%85%C2%A0-y-Carlitos-287x300.jpg\" alt=\"\" width=\"287\" height=\"300\" \/><\/a><p id=\"caption-attachment-21675\" class=\"wp-caption-text\">Don Carlos Brizuela, organizador de la liga \u201cBurocr\u00e1tica Comercial\u201d con su hija Raquel, su nieta M\u00f3nica y su hijo Carlos Jr. Feliz Navidad<\/p><\/div>\n<p>Aunque a\u00fan le falta un equipo en la categor\u00eda 95-96 a la liga \u201cCentro Sur La Original\u201d la competencia de los juveniles ya se inici\u00f3 con partidos muy intensos, donde los muchachos dejan todas sus ansias de triunfo y energ\u00edas en cada cotejo. Es realmente atractiva esta divisi\u00f3n que cuenta con cuatro escuadras muy buenas. Participan \u201cEagles 95\u201d, \u201c Brampton United\u201d, \u201c Deportivo Cuenca\u201d y \u201cChinameca F.C.\u201d. Creemos que este torneo \u201cTaca Airlines\u201d tendr\u00e1 en esta categor\u00eda un atractivo especial.<\/p>\n<p>Seg\u00fan nos comunicaban los organizadores de los torneos de indoor soccer de nuestra comunidad` hispana la fecha del pr\u00f3ximo viernes y s\u00e1bado ser\u00e1 la \u00faltima del 2011, con excepci\u00f3n de la liga \u201cBurocr\u00e1tica Comercial\u201d que jugar\u00e1 seis partidos el d\u00eda viernes 23 que est\u00e1n pendientes, con motivo de poner al d\u00eda la tabla de posiciones. Don Carlos Brizuela nos comunica que se volver\u00e1 a las actividades el s\u00e1bado 7 de enero 2012.<\/p>\n<div id=\"attachment_21676\" style=\"width: 210px\" class=\"wp-caption alignleft\"><a href=\"https:\/\/diarioelpopular.com\/wp-content\/uploads\/2011\/12\/FOTO-3-BoraMilutinovic.jpg\"><img loading=\"lazy\" decoding=\"async\" aria-describedby=\"caption-attachment-21676\" class=\"size-medium wp-image-21676\" title=\"Velivor \u201cBora\u201d Milutinovic\" src=\"https:\/\/diarioelpopular.com\/wp-content\/uploads\/2011\/12\/FOTO-3-BoraMilutinovic-200x300.jpg\" alt=\"\" width=\"200\" height=\"300\" \/><\/a><p id=\"caption-attachment-21676\" class=\"wp-caption-text\">El eterno entrenador internacional \u201cBora\u201d Milutinovic, ahora en Catar<\/p><\/div>\n<p>El serbio Velibor &#8220;Bora&#8221; Milutinovic, es un trotamundos del mundo, una leyenda viva de las copas del mundo, sus cinco mundiales dirigidos con selecciones diferentes lo ubican como un aut\u00e9ntico libro abierto del m\u00e1ximo evento mundial. Bora dirigi\u00f3 a M\u00e9xico, Costa Rica, Estados Unidos, Honduras y Jamaica por lo que no pierde la pista a lo que pasa en la Concacaf, el estratega convers\u00f3 con Fox Deportes acerca de c\u00f3mo ve la eliminatoria y lo que viene para la Confederaci\u00f3n Norte y Centroamericana de Futbol. \u201cComo siempre pienso que M\u00e9xico de nuevo es de los mejores equipos y Estados Unidos ya no tanto, est\u00e1 Costa Rica, Honduras y Jamaica despu\u00e9s, pa\u00edses en los que yo he tenido que trabajar\u201d manifest\u00f3 el t\u00e9cnico que luce un poco m\u00e1s avejentado pero siempre con una sonrisa en la cara. El estratega ahora trabaja junto a Josep Colomer (descubridor de Lionel Messi) en una academia de talentos en Catar por lo que ya sue\u00f1a con estar en una nueva copa del mundial, aunque de momento no como t\u00e9cnico. \u201cCatar va a organizar el mundial del 2022 ojal\u00e1 que Dios me de vida para estar en ese mundial\u2026no estar\u00e9 en la eliminatoria, yo ahora soy un consejero, estoy feliz tengo mi lugar y ayudo; el f\u00fatbol en Catar cada d\u00eda est\u00e1 mejor, esa selecci\u00f3n va a ser un equipo muy competitivo dentro de diez a\u00f1os\u201d concluy\u00f3 en los micr\u00f3fonos de Fox Deportes esta leyenda de las copas del mundo. Bora se encuentra en Costa Rica y no descarta visitar m\u00e1s pa\u00edses de Centroam\u00e9rica en busca del pr\u00f3ximo Lionel Messi o alguno que se le aproxime; con la sabidur\u00eda que cinco mundiales de f\u00fatbol le han dado espera \u201csacar petr\u00f3leo\u201d de una zona con gran talento pero ajena de oportunidades en los grandes de Europa.<\/p>\n<div id=\"attachment_21681\" style=\"width: 235px\" class=\"wp-caption alignright\"><a href=\"https:\/\/diarioelpopular.com\/wp-content\/uploads\/2011\/12\/FOTO-4-Burocrat%C3%85%C2%A0res-Daniela.jpg\"><img loading=\"lazy\" decoding=\"async\" aria-describedby=\"caption-attachment-21681\" class=\"size-medium wp-image-21681\" title=\"Ra\u00fal Garc\u00eda, jugador del \u201cLat\u00edn United\u201d\" src=\"https:\/\/diarioelpopular.com\/wp-content\/uploads\/2011\/12\/FOTO-4-Burocrat%C3%85%C2%A0res-Daniela-225x300.jpg\" alt=\"\" width=\"225\" height=\"300\" \/><\/a><p id=\"caption-attachment-21681\" class=\"wp-caption-text\">Ra\u00fal Garc\u00eda, jugador del \u201cLat\u00edn United\u201d, con sus hijos Andr\u00e9s y la bella Daniela. Merry Christmas<\/p><\/div>\n<p>La escuadra de \u201cLat\u00edn United\u201d un equipo de buenos jugadores que no ha tenido fortuna en el inicio de esta temporada, actualmente se encuentran en la median\u00eda de la tabla de posiciones, el equipo lo integran; Juan M\u00e1rquez, Ra\u00fal Garc\u00eda, Yanko Quiroz, Jorge G\u00f3mez, Alfredo Oyague, Gonzalo Estay, Jos\u00e9 Ramos y otros. Se espera que en pr\u00f3ximos encuentros se enfilen en la ruta de los triunfos.<\/p>\n<div id=\"attachment_21682\" style=\"width: 202px\" class=\"wp-caption alignleft\"><a href=\"https:\/\/diarioelpopular.com\/wp-content\/uploads\/2011\/12\/FOTO-5-Domingo-%C3%85%C2%A0o-Sabrocito.jpg\"><img loading=\"lazy\" decoding=\"async\" aria-describedby=\"caption-attachment-21682\" class=\"size-medium wp-image-21682\" title=\"FOTO 5 Domingo \u00c5\u00a0o Sabrocito\" src=\"https:\/\/diarioelpopular.com\/wp-content\/uploads\/2011\/12\/FOTO-5-Domingo-%C3%85%C2%A0o-Sabrocito-192x300.jpg\" alt=\"\" width=\"192\" height=\"300\" \/><\/a><p id=\"caption-attachment-21682\" class=\"wp-caption-text\">El orgulloso padre Domingo Vera, jugador del \u201cSabrosito F.C.\u201d con su hijo Alexandro. Feliz Pascua<\/p><\/div>\n<p>\u201cSabrosito F.C.\u201d un elenco que no ha tenido suerte en sus enfrentamientos con dos empates en seis partido marcha al final de la tabla de posiciones de la categor\u00eda M\u00e1ster. Con una nomina de jugadores experimentados se espera que salga de esa inc\u00f3moda posici\u00f3n en los pr\u00f3ximos compromisos.<\/p>\n<div id=\"attachment_21683\" style=\"width: 236px\" class=\"wp-caption alignright\"><a href=\"https:\/\/diarioelpopular.com\/wp-content\/uploads\/2011\/12\/FOTO-6-_carlos_tevez.jpg\"><img loading=\"lazy\" decoding=\"async\" aria-describedby=\"caption-attachment-21683\" class=\"size-medium wp-image-21683\" title=\"FBL-TEVEZ-INTERCONTINENTAL CUP\" src=\"https:\/\/diarioelpopular.com\/wp-content\/uploads\/2011\/12\/FOTO-6-_carlos_tevez-226x300.jpg\" alt=\"\" width=\"226\" height=\"300\" \/><\/a><p id=\"caption-attachment-21683\" class=\"wp-caption-text\">El pol\u00e9mico argentino Carlos Tev\u00e9s es deseado por varios clubes europeos, a pesar de su agrio temperamento. Foto: V. Almeida \/ AFP<\/p><\/div>\n<p>El Mil\u00e1n tendr\u00e1 que pelear con el Paris Saint Germain para adquirir al atacante argentino Carlos Tev\u00e9s del Manchester City. El vicepresidente del club italiano, Adriano Galliani, confirm\u00f3 que sab\u00eda desde hace algunos d\u00edas de &#8220;esta negociaci\u00f3n del PSG&#8221;. El Mil\u00e1n, puntualiz\u00f3, &#8220;tratar\u00e1 hasta el final de adquirir a Tev\u00e9s, que por lo dem\u00e1s eso es lo que quiere. Si lleg\u00e1ramos a un acuerdo con el City, no habr\u00eda problemas: Carlitos quiere jugar en el Mil\u00e1n&#8221;. Leonardo, ex entrenador del Mil\u00e1n y actual dirigente del PSG, habr\u00eda confirmado la negociaci\u00f3n cuando llam\u00f3 a Galliani, pero le aclar\u00f3 que \u00e9l no ten\u00eda nada que ver y se\u00f1al\u00f3 que lo estaban tratando directamente los propietarios del PSG y del City. Galliani manifest\u00f3 que a\u00fan esperan respuesta a la propuesta que envi\u00f3 el Mil\u00e1n el al City para incorporar a pr\u00e9stamo gratuito a Tev\u00e9s, con el que ya logr\u00f3 un acuerdo. El PSG estar\u00eda dispuesto a pagar 30 millones de euros (40 millones de d\u00f3lares) por el jugador argentino, seg\u00fan el peri\u00f3dico el Corriere dello Sport. Por otra parte, el defensor brasile\u00f1o Thiago Silva formul\u00f3 una calurosa invitaci\u00f3n a Tev\u00e9s a venir al Mil\u00e1n. &#8220;Si quiere jugar en un equipo grande que quiere ganarlo todo, debe venir con nosotros, lo esperamos con los brazos abiertos&#8221;, se\u00f1al\u00f3 Thiago Silva. Dijo que entiende que todos los clubes quieran a Tev\u00e9s porque &#8220;es un jugador de calidad y si el Mil\u00e1n logra contratarlo, marcar\u00e1 una diferencia a nuestro favor&#8221;.<\/p>\n<div id=\"attachment_21684\" style=\"width: 223px\" class=\"wp-caption alignleft\"><a href=\"https:\/\/diarioelpopular.com\/wp-content\/uploads\/2011\/12\/FOTO-7-CENTRO-S%C3%85%C2%A0OJAS-E-HIJO.jpg\"><img loading=\"lazy\" decoding=\"async\" aria-describedby=\"caption-attachment-21684\" class=\"size-medium wp-image-21684\" title=\"El ex r\u00e9feri Nelson Rojas\" src=\"https:\/\/diarioelpopular.com\/wp-content\/uploads\/2011\/12\/FOTO-7-CENTRO-S%C3%85%C2%A0OJAS-E-HIJO-213x300.jpg\" alt=\"\" width=\"213\" height=\"300\" \/><\/a><p id=\"caption-attachment-21684\" class=\"wp-caption-text\">El ex r\u00e9feri Nelson Rojas, con su reto\u00f1o Joan Manuel. Feliz Navidad a toda su familia<\/p><\/div>\n<p>Nos encontramos con Nelson Rojas, en una actividad solidaria la semana pasada, nos manifest\u00f3 que esta retirado del referato por motivos de trabajo, nos dijo \u201cTodo mi tiempo est\u00e1 ocupado en mi trabajo y no me alcanza el tiempo para ir a las canchas\u201d, se mostraba tranquilo y nos comentaba que siempre est\u00e1 al tanto del acontecer deportivo por intermedio de <strong><em><a href=\"https:\/\/diarioelpopular.com\/\">El Popular<\/a>.<\/em><\/strong><\/p>\n<div id=\"attachment_21685\" style=\"width: 190px\" class=\"wp-caption alignright\"><a href=\"https:\/\/diarioelpopular.com\/wp-content\/uploads\/2011\/12\/FOTO-8-Andy-Polo.jpg\"><img loading=\"lazy\" decoding=\"async\" aria-describedby=\"caption-attachment-21685\" class=\"size-medium wp-image-21685 \" title=\"Andy Polo\" src=\"https:\/\/diarioelpopular.com\/wp-content\/uploads\/2011\/12\/FOTO-8-Andy-Polo-300x296.jpg\" alt=\"\" width=\"180\" height=\"178\" \/><\/a><p id=\"caption-attachment-21685\" class=\"wp-caption-text\">\u201cLa Joya Peruana\u201d Andy Polo, de solo 17 a\u00f1os, es codiciado por equipos europeos<\/p><\/div>\n<p>La novela parece a\u00fan no tener final. Andy Polo por el momento contin\u00faa en Universitario aunque se sabe que ser\u00e1 por poco tiempo. La joya peruana sigue sumando pretendientes europeos a la lista de interesados y seg\u00fan medios italianos ahora tambi\u00e9n es buscado por la Fiorentina. El conjunto de su compatriota Juan Manuel Vargas lo sigue de cerca y seg\u00fan Fiorentina.it y Violanews.com se meter\u00edan en la batalla por al codiciado jugador de 17 a\u00f1os. La tarea no ser\u00e1 nada f\u00e1cil ya que se deber\u00e1 disputar el fichaje con gigantes como Juventus, Real Madrid, Hamburgo y Schalke 04. Seg\u00fan informaci\u00f3n de L\u00edbero, su representante Borja Gonz\u00e1lez llegar\u00e1 a Lima el pr\u00f3ximo mi\u00e9rcoles en donde le anunciar\u00e1 definitivamente d\u00f3nde continuar\u00e1 su carrera, aunque el salto a Europa parece un hecho.<\/p>\n<div id=\"attachment_21686\" style=\"width: 250px\" class=\"wp-caption alignleft\"><a href=\"https:\/\/diarioelpopular.com\/wp-content\/uploads\/2011\/12\/FOTO-9-Nicolas-%C3%85%C2%A0lias-Isaias.jpg\"><img loading=\"lazy\" decoding=\"async\" aria-describedby=\"caption-attachment-21686\" class=\"size-medium wp-image-21686 \" title=\"Nicol\u00e1s S\u00e1nchez\" src=\"https:\/\/diarioelpopular.com\/wp-content\/uploads\/2011\/12\/FOTO-9-Nicolas-%C3%85%C2%A0lias-Isaias-300x282.jpg\" alt=\"\" width=\"240\" height=\"226\" \/><\/a><p id=\"caption-attachment-21686\" class=\"wp-caption-text\">Nicol\u00e1s S\u00e1nchez, jugador de \u201cFinch West United\u201d, con su esposa Wendy y sus hijos El\u00edas e Isa\u00edas. Una gran Navidad familiar<\/p><\/div>\n<p>El elenco de \u201cFinch West United\u201d participa en el torneo \u201cT\u00edpico Centroamericano\u201d ha tenido una participaci\u00f3n un tanto irregular, en el grupo B de la categor\u00eda de Adultos, de seis partidos jugados a perdido cuatro y solamente ha salido victorioso en dos oportunidades. Sus integrantes esperan recuperarse pronto y avanzar en la tabla de posiciones.<\/p>\n<div id=\"attachment_21687\" style=\"width: 199px\" class=\"wp-caption alignright\"><a href=\"https:\/\/diarioelpopular.com\/wp-content\/uploads\/2011\/12\/FOTO-10-Alexis-Sanchez.jpg\"><img loading=\"lazy\" decoding=\"async\" aria-describedby=\"caption-attachment-21687\" class=\"size-medium wp-image-21687  \" title=\"Alexis S\u00e1nchez\" src=\"https:\/\/diarioelpopular.com\/wp-content\/uploads\/2011\/12\/FOTO-10-Alexis-Sanchez-295x300.jpg\" alt=\"\" width=\"189\" height=\"192\" \/><\/a><p id=\"caption-attachment-21687\" class=\"wp-caption-text\">Alexis S\u00e1nchez se llen\u00f3 de elogios despu\u00e9s del \u201ccl\u00e1sico\u201d Barcelona- Real Madrid<\/p><\/div>\n<p>Real Madrid recib\u00eda con mucha expectaci\u00f3n al Barcelona. El elenco &#8220;merengue&#8221; es el l\u00edder indiscutido de la liga espa\u00f1ola y ven\u00eda de sendas goleadas en el torneo local. Y ante su eterno rival, Barcelona, quer\u00edan seguir con los triunfos, especialmente, ante su p\u00fablico en el Estadio Santiago Bernab\u00e9u. Por la otra vereda, Barcelona afrontaba el encuentro con Alexis S\u00e1nchez de titular, quien buscaba seguir con su racha goleadora, tras haber anotado ante el Rayo Vallecano y el Levante de manera consecutiva. El partido comenz\u00f3 muy bien para el Madrid. El cuadro &#8220;Merengue&#8221; aprovech\u00f3 un error de V\u00edctor Vald\u00e9s al minuto de juego y mediante Karim Benzema los dirigidos por Mourinho se abrazaban cuando reci\u00e9n comenzaba el encuentro. Pero el cuadro &#8220;Cul\u00e9&#8221; despert\u00f3 y empez\u00f3 a demostrar porqu\u00e9 es uno de los mejores equipos del mundo. De la mano de Lionel Messi y las constantes subidas de Alexis S\u00e1nchez, el Barcelona empez\u00f3 a crear jugadas con riesgo de gol. Todo se concret\u00f3 a los 30 minutos, cuando Alexis S\u00e1nchez puso la paridad para los visitantes. El argentino habilit\u00f3 al &#8220;9&#8221; quien pas\u00f3 en velocidad a Pepe y remat\u00f3 cruzado a la porter\u00eda de Iker Casillas. Golazo del delantero chileno, quien defini\u00f3 de excelente manera. Desde ese momento, Barcelona se tom\u00f3 el campo de juego del Bernab\u00e9u y demostr\u00f3 ser muy superior al cuadro de Mourinho. Las posteriores anotaciones fueron de Xavi (53&#8242;), quien remat\u00f3 a la porter\u00eda de Iker Casillas de fuera del \u00e1rea, rebotando el bal\u00f3n en el defensor &#8220;merengue&#8221; Marcelo, quien descoloc\u00f3 al portero local. La tercera cifra para los azulgranas la convirti\u00f3 F\u00e1bregas (66&#8242;), quien cabece\u00f3 de excelente manera un centro enviado desde la derecha por Dani Alves. La actuaci\u00f3n de Alexis S\u00e1nchez fue sobresaliente y destac\u00f3 por su gran personalidad en el campo del Real Madrid. El delantero se mostr\u00f3 muy participativo en el cuadro &#8220;cul\u00e9&#8221; y fue uno de los arietes m\u00e1s agresivos del Barcelona. La anotaci\u00f3n del delantero chileno signific\u00f3 el quinto gol desde que arrib\u00f3 al cuadro de Guardiola.<\/p>\n<div id=\"attachment_21688\" style=\"width: 182px\" class=\"wp-caption alignleft\"><a href=\"https:\/\/diarioelpopular.com\/wp-content\/uploads\/2011\/12\/FOTO-11-Alfredo%C3%A9%C2%9A%C2%94is-Alfredo.jpg\"><img loading=\"lazy\" decoding=\"async\" aria-describedby=\"caption-attachment-21688\" class=\"size-medium wp-image-21688\" title=\"Alfredo Oyague\" src=\"https:\/\/diarioelpopular.com\/wp-content\/uploads\/2011\/12\/FOTO-11-Alfredo%C3%A9%C2%9A%C2%94is-Alfredo-172x300.jpg\" alt=\"\" width=\"172\" height=\"300\" \/><\/a><p id=\"caption-attachment-21688\" class=\"wp-caption-text\">El deportista y r\u00e9feri Alfredo Oyague, en los gimnasios con su hijo Luis Alfredo. Felices Pascuas<\/p><\/div>\n<p>El \u201cBarcelona F.C.\u201d que participa en la liga \u201cCentro Sur La Original\u201d ha tenido una buena participaci\u00f3n en la categor\u00eda M\u00e1ster, se encuentra en la quinta posici\u00f3n con dos partidos ganados, tres perdidos y un empate. El Barcelona tiene una buena plantilla integrada por Alfredo Oyague, Amstrong Hidalgo, Dawson Aguilera, Eleazar Garc\u00eda, Francisco Torres, Geovani Escobar, Guillermo Castellanos, Jorge Aparicio, Jorge Arcentales Marcelo Aparicio, Miguel Valdivieso, Nerio Vald\u00e9s, Oscar Mera, Oscar Saavedra, Ram\u00f3n Almeida y Tony Cruz.<\/p>\n<div id=\"attachment_21689\" style=\"width: 209px\" class=\"wp-caption alignright\"><a href=\"https:\/\/diarioelpopular.com\/wp-content\/uploads\/2011\/12\/FOTO-12-Diego-Forlan.jpg\"><img loading=\"lazy\" decoding=\"async\" aria-describedby=\"caption-attachment-21689\" class=\"size-medium wp-image-21689\" title=\"Diego Forlan\" src=\"https:\/\/diarioelpopular.com\/wp-content\/uploads\/2011\/12\/FOTO-12-Diego-Forlan-199x300.jpg\" alt=\"\" width=\"199\" height=\"300\" \/><\/a><p id=\"caption-attachment-21689\" class=\"wp-caption-text\">Diego Forlan quiere volver a jugar, pero a\u00fan no se mejora de su grave desgarro muscular<\/p><\/div>\n<p>La p\u00e1gina web oficial de Inter del Mil\u00e1n, el equipo de Diego Forl\u00e1n, inform\u00f3 que el delantero uruguayo quiere volver a jugar, pero el personal m\u00e9dico del club estima que a\u00fan no est\u00e1 pronto. Forl\u00e1n no juega desde octubre, cuando Uruguay empat\u00f3 con Paraguay 1 a 1 en Asunci\u00f3n, cuando sufri\u00f3 un severo desgarro. En aquel partido el gol uruguayo lo marc\u00f3 Forl\u00e1n. Seg\u00fan inform\u00f3 la web (interistaweb.it), es posible que Forl\u00e1n vuelva a estar en el banco ante el Chelsea, por los octavos de final de la Champions League, aunque tal vez su regreso al f\u00fatbol demore un poco m\u00e1s. Diego Forl\u00e1n lleg\u00f3 al Inter luego de una temporada para el olvido en el Atl\u00e9tico de Madrid. Su objetivo era cambiar de aires, sin embargo no ha tenido un comienzo f\u00e1cil, por lo que espera volver para demostrar su clase.<\/p>\n<div id=\"attachment_21690\" style=\"width: 186px\" class=\"wp-caption alignleft\"><a href=\"https:\/\/diarioelpopular.com\/wp-content\/uploads\/2011\/12\/FOTO-13-EAGLE-%C3%85%C2%A0Z-Y-JOAQUIN.jpg\"><img loading=\"lazy\" decoding=\"async\" aria-describedby=\"caption-attachment-21690\" class=\"size-medium wp-image-21690\" title=\"Joaqu\u00edn\" src=\"https:\/\/diarioelpopular.com\/wp-content\/uploads\/2011\/12\/FOTO-13-EAGLE-%C3%85%C2%A0Z-Y-JOAQUIN-176x300.jpg\" alt=\"\" width=\"176\" height=\"300\" \/><\/a><p id=\"caption-attachment-21690\" class=\"wp-caption-text\">El temperamental jugador y director t\u00e9cnico, junto a su hijo Joaqu\u00edn, jugador del \u201cEagles 95\u201d. Calma y Feliz Navidad<\/p><\/div>\n<p>Dos partidos jugados, ambos ganados, tiene el equipo juvenil de la categor\u00eda 95-96, \u201cEagle 95\u201d, un equipo que viene jugando por varias temporadas juntos, desde el torneo infantil \u201cCopa Diario El Popular\u201d y se nota en su actuaci\u00f3n de conjunto que en varias oportunidades hemos visto que \u201cjuegan de memoria\u201d. Ser\u00eda una injusticia destacar a algunos jugadores, pues todos cuando est\u00e1n en la cancha son aplicados y se entregan al partido con mucho entusiasmo.<\/p>\n<div id=\"attachment_21691\" style=\"width: 250px\" class=\"wp-caption alignright\"><a href=\"https:\/\/diarioelpopular.com\/wp-content\/uploads\/2011\/12\/FOTO-14-Paulo-H%C3%85%C2%A0rique-Ganzo.jpg\"><img loading=\"lazy\" decoding=\"async\" aria-describedby=\"caption-attachment-21691\" class=\"size-full wp-image-21691  \" title=\"Paulo Henrique Ganso\" src=\"https:\/\/diarioelpopular.com\/wp-content\/uploads\/2011\/12\/FOTO-14-Paulo-H%C3%85%C2%A0rique-Ganzo.jpg\" alt=\"\" width=\"240\" height=\"240\" \/><\/a><p id=\"caption-attachment-21691\" class=\"wp-caption-text\">Paulo Henrique Ganso no se quiere mover del \u201cSantos\u201d de Pele, pese que hay tentadoras ofertas<\/p><\/div>\n<p>El talentoso volante brasile\u00f1o Paulo Henrique Ganso sigui\u00f3 los pasos de su compa\u00f1ero Neymar y tambi\u00e9n anunci\u00f3 que seguir\u00e1 la pr\u00f3xima temporada en Santos, equipo que disputar\u00e1 el Mundial de Clubes en Jap\u00f3n. Justamente desde territorio nip\u00f3n fue que Ganso confirm\u00f3 su decisi\u00f3n de continuar en el plantel del &#8220;Peixe&#8221; porque, seg\u00fan \u00e9l mismo asegur\u00f3: &#8220;Quiero celebrar el centenario del club en este equipo&#8221;. &#8220;Si hubiese querido irme, ya lo hubiera hecho y cuando lo decida, se los har\u00e9 saber porque soy un tipo sincero. Ahora, en el a\u00f1o del centenario, quiero defender los colores del Santos&#8221;, complet\u00f3. Ganso, pretendido por Mil\u00e1n, Par\u00eds Saint Germain y Anzhi de Daghest\u00e1n, confirm\u00f3 que cedi\u00f3 el 10 por ciento de su pase, lo \u00fanico que a\u00fan le pertenec\u00eda, al grupo inversor Dis, que ya contaba con el 45 por ciento, cifra similar a la que posee el Santos.<\/p>\n<div id=\"attachment_21692\" style=\"width: 190px\" class=\"wp-caption alignleft\"><a href=\"https:\/\/diarioelpopular.com\/wp-content\/uploads\/2011\/12\/FOTO-15-julio-L%C3%85%C2%A0Sport-Boys.jpg\"><img loading=\"lazy\" decoding=\"async\" aria-describedby=\"caption-attachment-21692\" class=\"size-medium wp-image-21692\" title=\"Julio Ledesma\" src=\"https:\/\/diarioelpopular.com\/wp-content\/uploads\/2011\/12\/FOTO-15-julio-L%C3%85%C2%A0Sport-Boys-180x300.jpg\" alt=\"\" width=\"180\" height=\"300\" \/><\/a><p id=\"caption-attachment-21692\" class=\"wp-caption-text\">Julio Ledesma, jugador del \u201cSport Boys\u201d, con su hijo Giancarlo. Felices fiestas navide\u00f1as.<\/p><\/div>\n<p>En el torneo \u201cTaca Airlines\u201d participa el elenco \u201cSport Boys\u201d, en la categor\u00eda M\u00e1ster, que a pesar de solo haber jugado tres encuentros se encuentra en el medio de la tabla de posiciones con seis puntos. Su elenco est\u00e1 compuesto por; Antonio Garc\u00eda, Cesar Arana, Carlos Garc\u00eda, Edgard Espinoza, Felipe Uculmana, Johnny Mu\u00f1oz, Jos\u00e9 Palomo, Joseph Ramos, Juan Solar, Julio Ledesma, Martin Garc\u00eda, Martin Rivera y Miguel Espinoza. Un equipo para grandes actuaciones.<\/p>\n<div id=\"attachment_21693\" style=\"width: 209px\" class=\"wp-caption alignright\"><a href=\"https:\/\/diarioelpopular.com\/wp-content\/uploads\/2011\/12\/FOTO-16-Gabriel-Calderon__.jpg\"><img loading=\"lazy\" decoding=\"async\" aria-describedby=\"caption-attachment-21693\" class=\"size-medium wp-image-21693 \" title=\"Gabriel Calder\u00f3n\" src=\"https:\/\/diarioelpopular.com\/wp-content\/uploads\/2011\/12\/FOTO-16-Gabriel-Calderon__-284x300.jpg\" alt=\"\" width=\"199\" height=\"210\" \/><\/a><p id=\"caption-attachment-21693\" class=\"wp-caption-text\">El director t\u00e9cnico argentino Gabriel Calder\u00f3n est\u00e1 dirigiendo en Emiratos Arabes, donde tambi\u00e9n se encuentra su amigo Diego Armando Maradona<\/p><\/div>\n<p>Gabriel Calder\u00f3n, ex compa\u00f1ero de Maradona en el mundial juvenil de Jap\u00f3n \u201979 y en Espa\u00f1a \u201982 e Italia \u201890, ya est\u00e1 en funciones en el Bani Yas de Emiratos Arabes, donde tambi\u00e9n dirige Diego. Es que Gabriel Humberto Calder\u00f3n, el t\u00e9cnico argentino m\u00e1s ganador de Medio Oriente, asumi\u00f3 en Bani Yas, subcampe\u00f3n de la liga local, aunque en este torneo no est\u00e1 haciendo una buena campa\u00f1a. Por eso, echaron al brasile\u00f1o Jorvan Vieira y contrataron a Calder\u00f3n, compa\u00f1ero de Diego en el mundial juvenil de Jap\u00f3n \u201979 y en Espa\u00f1a \u201982 e Italia \u201890. \u201cEstoy muy feliz de volver a dirigir. Despu\u00e9s de muchos a\u00f1os y varios t\u00edtulos en Arabia Saudita, llegar a Emiratos Arabes es una gran experiencia. Adem\u00e1s, ahora est\u00e1 Diego (Maradona) y eso le da otra jerarqu\u00eda al torneo. Gracias a su presencia el mundo del f\u00fatbol le presta un poco m\u00e1s de atenci\u00f3n a esta liga que est\u00e1 en constante crecimiento.<\/p>\n<div id=\"attachment_21694\" style=\"width: 198px\" class=\"wp-caption alignleft\"><a href=\"https:\/\/diarioelpopular.com\/wp-content\/uploads\/2011\/12\/FOTO-17-Kevin-C%C3%A6%C2%8B%C2%A1entina-Mza.jpg\"><img loading=\"lazy\" decoding=\"async\" aria-describedby=\"caption-attachment-21694\" class=\"size-medium wp-image-21694\" title=\"Argentina Mza\" src=\"https:\/\/diarioelpopular.com\/wp-content\/uploads\/2011\/12\/FOTO-17-Kevin-C%C3%A6%C2%8B%C2%A1entina-Mza-188x300.jpg\" alt=\"\" width=\"188\" height=\"300\" \/><\/a><p id=\"caption-attachment-21694\" class=\"wp-caption-text\">El jugador del Argentina Mza, con su hijo Kevin Jr. y su compa\u00f1ero Germ\u00e1n Rivero. Feliz Navidad<\/p><\/div>\n<p>Calder\u00f3n es el t\u00e9cnico argentino con m\u00e1s experiencia en Medio Oriente, donde ya gan\u00f3 dos t\u00edtulos. Dirigi\u00f3 a la selecci\u00f3n de Arabia Saudita y la clasific\u00f3 para el Mundial de Alemania, pero lo echaron poco antes de comenzar la Copa. En 2007 se puso al frente de la selecci\u00f3n de Om\u00e1n y, un a\u00f1o m\u00e1s tarde, asumi\u00f3 en Al Itthihad, uno de los grandes de Arabia, donde hizo una gran campa\u00f1a: en 2009 lo sac\u00f3 campe\u00f3n del torneo local y lleg\u00f3 a la final de la Copa de Campeones de Asia, donde perdi\u00f3 ante Pohang, de Corea del Sur. En 2010 sali\u00f3 campe\u00f3n invicto con Al Hilal, el otro equipo mas importante de Arabia.<\/p>\n<p>\u201cArgentina Mza\u201d es el puntero de la categor\u00eda Adultos junto a \u201cCopihues Rojos\u201d, \u201cJane y Finch\u201d y \u201cCiudad de Quito\u201d un torneo muy interesante por la igualdad de fuerzas entre los participantes. Se puede decir que los mejores jugadores de nuestro medio est\u00e1n todas las semanas en el gimnasio del \u201cWest Humber Collegiate\u201d. El equipo de \u201cArgentina Mza\u201d est\u00e1 integrado por; Federico DiMarco, Jonathan Bustamante, Kevin Correa, Luis Germ\u00e1n Rivero, Mat\u00edas DiMarco, Mat\u00edas Perello, Mathew R\u00edos, Mauricio DiMarco, Novie Andrews, Pablo Andrada, Rodrigo Quiroga y Sergio Marchant.<\/p>\n<p>Nos vemos la pr\u00f3xima semana en las notas del futbol hispano.<\/p>\n","protected":false},"excerpt":{"rendered":"<p>Estamos por llegar a la fecha final de este a\u00f1o en los torneos de indoor soccer, una fecha m\u00e1s y al descanso de fin de&hellip;<\/p>\n","protected":false},"author":1,"featured_media":21702,"comment_status":"closed","ping_status":"open","sticky":false,"template":"","format":"standard","meta":{"footnotes":""},"categories":[28],"tags":[179,657,1465],"class_list":["post-21673","post","type-post","status-publish","format-standard","has-post-thumbnail","hentry","category-deportes","tag-futbol-2","tag-futbol-hispano","tag-futbol-local"],"_links":{"self":[{"href":"https:\/\/diarioelpopular.com\/index.php\/wp-json\/wp\/v2\/posts\/21673","targetHints":{"allow":["GET"]}}],"collection":[{"href":"https:\/\/diarioelpopular.com\/index.php\/wp-json\/wp\/v2\/posts"}],"about":[{"href":"https:\/\/diarioelpopular.com\/index.php\/wp-json\/wp\/v2\/types\/post"}],"author":[{"embeddable":true,"href":"https:\/\/diarioelpopular.com\/index.php\/wp-json\/wp\/v2\/users\/1"}],"replies":[{"embeddable":true,"href":"https:\/\/diarioelpopular.com\/index.php\/wp-json\/wp\/v2\/comments?post=21673"}],"version-history":[{"count":0,"href":"https:\/\/diarioelpopular.com\/index.php\/wp-json\/wp\/v2\/posts\/21673\/revisions"}],"wp:featuredmedia":[{"embeddable":true,"href":"https:\/\/diarioelpopular.com\/index.php\/wp-json\/"}],"wp:attachment":[{"href":"https:\/\/diarioelpopular.com\/index.php\/wp-json\/wp\/v2\/media?parent=21673"}],"wp:term":[{"taxonomy":"category","embeddable":true,"href":"https:\/\/diarioelpopular.com\/index.php\/wp-json\/wp\/v2\/categories?post=21673"},{"taxonomy":"post_tag","embeddable":true,"href":"https:\/\/diarioelpopular.com\/index.php\/wp-json\/wp\/v2\/tags?post=21673"}],"curies":[{"name":"wp","href":"https:\/\/api.w.org\/{rel}","templated":true}]}}