{"id":21897,"date":"2011-12-15T21:35:15","date_gmt":"2011-12-16T02:35:15","guid":{"rendered":"http:\/\/diarioelpopular.com\/?p=21897"},"modified":"2011-12-15T21:35:15","modified_gmt":"2011-12-16T02:35:15","slug":"pedro-almodovar-reafirma-su-romance-con-estados-unidos","status":"publish","type":"post","link":"https:\/\/diarioelpopular.com\/index.php\/2011\/12\/15\/pedro-almodovar-reafirma-su-romance-con-estados-unidos\/","title":{"rendered":"Pedro Almod\u00f3var reafirma su romance con Estados Unidos"},"content":{"rendered":"<div id=\"attachment_21898\" style=\"width: 310px\" class=\"wp-caption alignright\"><a href=\"https:\/\/diarioelpopular.com\/wp-content\/uploads\/2011\/12\/Pedro-Almod%C3%B3var.jpg\"><img loading=\"lazy\" decoding=\"async\" aria-describedby=\"caption-attachment-21898\" class=\"size-medium wp-image-21898\" title=\"Pedro Almod\u00f3var\" src=\"https:\/\/diarioelpopular.com\/wp-content\/uploads\/2011\/12\/Pedro-Almod%C3%B3var-300x180.jpg\" alt=\"\" width=\"300\" height=\"180\" \/><\/a><p id=\"caption-attachment-21898\" class=\"wp-caption-text\">El cineasta espa\u00f1ol Pedro Almod\u00f3var habla con los medios durante la presentaci\u00f3n, este jueves, del libro &quot;Los archivos de Pedro Almod\u00f3var&quot;, un volumen que recoge im\u00e1genes desconocidas de sus rodajes y comentarios propios y ajenos acerca de cada una de sus pel\u00edculas, autoentrevistas y declaraciones de sus personajes. Foto: Mondelo \/ Efe<\/p><\/div>\n<p><em><strong>M<\/strong><strong>ateo Sancho Cardiel. Madrid.-<\/strong><\/em> &#8220;La piel que habito&#8221; ha vuelto a situar a Pedro Almod\u00f3var en el podio de los cineastas extranjeros en Hollywood, al conseguir su s\u00e9ptima nominaci\u00f3n al Globo de Oro a la mejor pel\u00edcula de habla no inglesa y mientras en Espa\u00f1a no ha sido seleccionada para representar al pa\u00eds en los \u00d3scar.<\/p>\n<p>Aunque se le escapa una y otra vez la ansiada Palma de Oro del Festival de Cannes, Almod\u00f3var sigue teniendo su parroquia m\u00e1s fiel en Estados Unidos, donde no solo se han unido al un\u00e1nime reconocimiento de pel\u00edculas como &#8220;Todo sobre mi madre&#8221;, sino que tambi\u00e9n han laureado cintas m\u00e1s discutidas como &#8220;Los abrazos rotos&#8221; o &#8220;La mala educaci\u00f3n&#8221;.<\/p>\n<p>Pedro Almod\u00f3var ha ganado all\u00ed dos premios \u00d3scar -por el gui\u00f3n de &#8220;Hable con ella&#8221; y como filme de habla no inglesa con &#8220;Todo sobre mi madre&#8221;- y dos Globos de Oro -por esos mismos filmes-, premios a los que ya opt\u00f3 con &#8220;Mujeres al borde de un ataque de nervios&#8221;, &#8220;Tacones lejanos&#8221;, &#8220;Volver&#8221; y &#8220;Los abrazos rotos&#8221;.<\/p>\n<p>Demostrado su poder de convocatoria en el reciente homenaje que se le rindi\u00f3 en el Museo de Arte Moderno de Nueva York, donde reuni\u00f3 a la flor y nata del mundo del espect\u00e1culo estadounidense, el manchego vuelve a entrar en la temporada de premios por una cinta, &#8220;La piel que habito&#8221;, que ha sido recibida con divisi\u00f3n de opiniones all\u00ed donde se ha presentado.<\/p>\n<p>Protagonizada por Antonio Banderas y Elena Anaya y presentada en el \u00faltimo Festival de Cannes -donde recibi\u00f3 un premio al trabajo de iluminaci\u00f3n de Jos\u00e9 Luis de Alcaine y el Premio de la Juventud-, en Espa\u00f1a fue batida por &#8220;Pa negre&#8221; en las votaciones para la preselecci\u00f3n al \u00d3scar a la mejor pel\u00edcula de habla no inglesa.<\/p>\n<p>Estrenada en EEUU el 12 de octubre en el Festival de Cine de Nueva York, &#8220;La piel que habito&#8221; es un thriller malsano lleno de vericuetos narrativos y reflexiones sobre la identidad que se coloca en el lado m\u00e1s arriesgado de su filmograf\u00eda, el mismo que transit\u00f3 con &#8220;Hable con ella&#8221;, de la que ahora podr\u00eda seguir sus pasos.<\/p>\n<p>Aquella cinta fue desestimada por la Academia de Cine de Espa\u00f1a en favor de &#8220;Los lunes al sol&#8221;, de Fernando Le\u00f3n, pero acab\u00f3 concurriendo en las categor\u00edas principales del \u00d3scar al mejor gui\u00f3n -premio que gan\u00f3 y recibi\u00f3 de manos de Ben Affleck- y al mejor director, convirti\u00e9ndose en un hito para el cine espa\u00f1ol.<\/p>\n<p>Almod\u00f3var se hab\u00eda estrenado en los \u00d3scar como nominado por &#8220;Mujeres al borde de un ataque de nervios&#8221; -adaptada en forma de musical de Broadway por los estadounidenses- y convirti\u00f3 a Pen\u00e9lope Cruz en la primera actriz espa\u00f1ola nominada a un \u00d3scar por &#8220;Volver&#8221;, cinta que sorprendentemente no lleg\u00f3 a ser nominada en la categor\u00eda de la mejor pel\u00edcula de habla no inglesa en 2006.<\/p>\n<p>&#8220;La piel que habito&#8221;, si bien no ha recibido este a\u00f1o la bendici\u00f3n de los Premios del Cine Europeo -donde recibi\u00f3 dos nominaciones t\u00e9cnicas- s\u00ed que ha sido se\u00f1alada en Estados Unidos como mejor pel\u00edcula extranjera por la cr\u00edtica de Indiana y la de Houston, adem\u00e1s de estar nominada a los Critic&#8217;s Movie Choice Awards.<\/p>\n<p>A lo largo de su carrera, Almod\u00f3var tambi\u00e9n ha optado en territorio estadounidense a los Independent Spirit Awards, ha ganado en el Hollywood Film Festival y ha recibido premios de las asociaciones de cr\u00edticos de, entre otros, Boston, Chicago, Los \u00c1ngeles, Santa Fe, Nueva York o la National Board of Review.<\/p>\n<p>Adem\u00e1s, en la taquilla de Estados Unidos ha cosechado notables \u00e9xitos para el cine europeo, como los 12 millones de d\u00f3lares amasados por &#8220;Volver&#8221; (9,2 millones de euros), los 9 millones de &#8220;Hable con ella&#8221; (6,9 millones de euros) o los 8 millones de &#8220;Todo sobre mi madre&#8221; (6,1 millones de euros).<\/p>\n<p>&#8220;La piel que habito&#8221;, desde su estreno, lleva acumulados 2,8 millones de d\u00f3lares (2,1 millones de euros), pero su recaudaci\u00f3n podr\u00eda subir en la temporada de premios.<\/p>\n<p>El cineasta de Calzada de Calatrava (centro de Espa\u00f1a), que prepara su primera experiencia en ingl\u00e9s, aunque de producci\u00f3n europea, tambi\u00e9n extiende su idilio con Estados Unidos al campo universitario, ya que es doctor honoris causa por Harvard y la Universidad de UCLA utiliz\u00f3 su obra como base para un curso de psicoan\u00e1lisis.<\/p>\n<p>Adem\u00e1s, en Estados Unidos se edit\u00f3 el libro &#8220;All about Almodovar: A Passion for Cinema&#8221;, escrito por Brad Epps, profesor de literatura y estudios de g\u00e9nero de la Universidad de Harvard, y Despina Kakoudaki, especialista en cine y literatura de la American University.<\/p>\n","protected":false},"excerpt":{"rendered":"<p>&#8220;La piel que habito&#8221; ha vuelto a situar a Pedro Almod\u00f3var en el podio de los cineastas extranjeros en Hollywood, al conseguir su s\u00e9ptima nominaci\u00f3n al Globo de Oro a la mejor pel\u00edcula de habla no inglesa y mientras en Espa\u00f1a no ha sido seleccionada para representar al pa\u00eds en los \u00d3scar.<\/p>\n","protected":false},"author":1,"featured_media":21898,"comment_status":"closed","ping_status":"open","sticky":false,"template":"","format":"standard","meta":{"footnotes":""},"categories":[80],"tags":[50,838,770,1158,839],"class_list":["post-21897","post","type-post","status-publish","format-standard","has-post-thumbnail","hentry","category-cine-2","tag-ee-uu","tag-globos-de-oro","tag-la-piel-que-habito","tag-oscar","tag-pedro-almodovar"],"_links":{"self":[{"href":"https:\/\/diarioelpopular.com\/index.php\/wp-json\/wp\/v2\/posts\/21897","targetHints":{"allow":["GET"]}}],"collection":[{"href":"https:\/\/diarioelpopular.com\/index.php\/wp-json\/wp\/v2\/posts"}],"about":[{"href":"https:\/\/diarioelpopular.com\/index.php\/wp-json\/wp\/v2\/types\/post"}],"author":[{"embeddable":true,"href":"https:\/\/diarioelpopular.com\/index.php\/wp-json\/wp\/v2\/users\/1"}],"replies":[{"embeddable":true,"href":"https:\/\/diarioelpopular.com\/index.php\/wp-json\/wp\/v2\/comments?post=21897"}],"version-history":[{"count":0,"href":"https:\/\/diarioelpopular.com\/index.php\/wp-json\/wp\/v2\/posts\/21897\/revisions"}],"wp:featuredmedia":[{"embeddable":true,"href":"https:\/\/diarioelpopular.com\/index.php\/wp-json\/"}],"wp:attachment":[{"href":"https:\/\/diarioelpopular.com\/index.php\/wp-json\/wp\/v2\/media?parent=21897"}],"wp:term":[{"taxonomy":"category","embeddable":true,"href":"https:\/\/diarioelpopular.com\/index.php\/wp-json\/wp\/v2\/categories?post=21897"},{"taxonomy":"post_tag","embeddable":true,"href":"https:\/\/diarioelpopular.com\/index.php\/wp-json\/wp\/v2\/tags?post=21897"}],"curies":[{"name":"wp","href":"https:\/\/api.w.org\/{rel}","templated":true}]}}