{"id":22093,"date":"2011-12-18T20:52:56","date_gmt":"2011-12-19T01:52:56","guid":{"rendered":"http:\/\/diarioelpopular.com\/?p=22093"},"modified":"2011-12-18T20:52:56","modified_gmt":"2011-12-19T01:52:56","slug":"denuncian-discriminacion-en-la-concesion-de-asilo-a-mexicanos","status":"publish","type":"post","link":"https:\/\/diarioelpopular.com\/index.php\/2011\/12\/18\/denuncian-discriminacion-en-la-concesion-de-asilo-a-mexicanos\/","title":{"rendered":"Mexicanos denuncian discriminaci\u00f3n en la concesi\u00f3n de asilo"},"content":{"rendered":"<div id=\"attachment_22094\" style=\"width: 310px\" class=\"wp-caption alignright\"><a href=\"https:\/\/diarioelpopular.com\/wp-content\/uploads\/2011\/12\/Visa-M%C3%A9xico.jpg\"><img loading=\"lazy\" decoding=\"async\" aria-describedby=\"caption-attachment-22094\" class=\"size-medium wp-image-22094\" title=\"Visa M\u00e9xico\" src=\"https:\/\/diarioelpopular.com\/wp-content\/uploads\/2011\/12\/Visa-M%C3%A9xico-300x180.jpg\" alt=\"\" width=\"300\" height=\"180\" \/><\/a><p id=\"caption-attachment-22094\" class=\"wp-caption-text\">Una mujer lee las instrucciones para obtener un visado en las afueras de la embajada de Canad\u00e1 en Ciudad de M\u00e9xico, en una imagen de archivo. Foto: AP<\/p><\/div>\n<p><em><strong>E<\/strong><strong>l Popular. Montreal.-<\/strong><\/em> Un grupo de mexicanos instalados en Quebec criticaron este domingo con una manifestaci\u00f3n en Montreal la pol\u00edtica canadiense hacia los demandantes de asilo provenientes de su pa\u00eds de origen.<\/p>\n<p>Desde el a\u00f1o 2009, Ottawa obliga a los mexicanos a adquirir una visa antes de poder ingresar en Canad\u00e1. El Gobierno federal justifica esta decisi\u00f3n subrayando el n\u00famero elevado de solicitantes fraudulentos de asilo provenientes de M\u00e9xico.<\/p>\n<p>Los manifestantes, sin embargo, mantienen que M\u00e9xico se convirti\u00f3 en peligroso como consecuencia del tr\u00e1fico de drogas y de la represi\u00f3n policial llevada a cabo por el Estado mexicano, y recordaron que miles de personas inocentes son asesinadas cada a\u00f1o en suelo azteca.<\/p>\n<p>De hecho, Canad\u00e1 aconseja a sus ciudadanos ser extremadamente prudentes en M\u00e9xico, debido al nivel elevado de violencia que reina en este pa\u00eds. Seg\u00fan los participantes en la protesta, esa situaci\u00f3n demuestra que los pedidos de asilo de sus conciudadanos son justificados.<\/p>\n<p>El pasado mes de noviembre, el Congreso de M\u00e9xico reclam\u00f3 al Gobierno canadiense que reconsiderase su decisi\u00f3n de mantener el visado para los ciudadanos mexicanos, al entender que los requisitos actuales son excsivos.<\/p>\n<p>El embajador de M\u00e9xico en Canad\u00e1, Francisco Barrio, explic\u00f3 que una vez que Canad\u00e1 decidi\u00f3 modificar su Ley de Refugiados, las solicitudes de asilo pol\u00edtico que utilizaban los mexicanos para quedarse en territorio canadiense pr\u00e1cticamente han llegado a cero, por lo que no crey\u00f3 \u201clejano\u201d que las visas desaparezcan \u201cen un plazo razonablemente corto\u201d.<\/p>\n<p>El diplom\u00e1tico se\u00f1al\u00f3 que la medida aplicada desde 2009 llev\u00f3 a una ca\u00edda dr\u00e1stica de los 250.000 visitantes mexicanos que viajaban a Canad\u00e1 por motivos de turismo, a poco m\u00e1s de 100.000 actualmente.<\/p>\n","protected":false},"excerpt":{"rendered":"<p>Un grupo de mexicanos instalados en Quebec criticaron este domingo con una manifestaci\u00f3n en Montreal la pol\u00edtica canadiense hacia los demandantes de asilo provenientes de su pa\u00eds de origen.<\/p>\n","protected":false},"author":1,"featured_media":22094,"comment_status":"closed","ping_status":"open","sticky":false,"template":"","format":"standard","meta":{"footnotes":""},"categories":[21,25],"tags":[1364,77,381,167,400,5040,6870],"class_list":["post-22093","post","type-post","status-publish","format-standard","has-post-thumbnail","hentry","category-canada","category-inmigracion","tag-asilo","tag-canada-2","tag-mexicanos","tag-mexico","tag-montreal","tag-visa","tag-visado"],"_links":{"self":[{"href":"https:\/\/diarioelpopular.com\/index.php\/wp-json\/wp\/v2\/posts\/22093","targetHints":{"allow":["GET"]}}],"collection":[{"href":"https:\/\/diarioelpopular.com\/index.php\/wp-json\/wp\/v2\/posts"}],"about":[{"href":"https:\/\/diarioelpopular.com\/index.php\/wp-json\/wp\/v2\/types\/post"}],"author":[{"embeddable":true,"href":"https:\/\/diarioelpopular.com\/index.php\/wp-json\/wp\/v2\/users\/1"}],"replies":[{"embeddable":true,"href":"https:\/\/diarioelpopular.com\/index.php\/wp-json\/wp\/v2\/comments?post=22093"}],"version-history":[{"count":0,"href":"https:\/\/diarioelpopular.com\/index.php\/wp-json\/wp\/v2\/posts\/22093\/revisions"}],"wp:featuredmedia":[{"embeddable":true,"href":"https:\/\/diarioelpopular.com\/index.php\/wp-json\/"}],"wp:attachment":[{"href":"https:\/\/diarioelpopular.com\/index.php\/wp-json\/wp\/v2\/media?parent=22093"}],"wp:term":[{"taxonomy":"category","embeddable":true,"href":"https:\/\/diarioelpopular.com\/index.php\/wp-json\/wp\/v2\/categories?post=22093"},{"taxonomy":"post_tag","embeddable":true,"href":"https:\/\/diarioelpopular.com\/index.php\/wp-json\/wp\/v2\/tags?post=22093"}],"curies":[{"name":"wp","href":"https:\/\/api.w.org\/{rel}","templated":true}]}}