{"id":22146,"date":"2011-12-18T22:31:42","date_gmt":"2011-12-19T03:31:42","guid":{"rendered":"http:\/\/diarioelpopular.com\/?p=22146"},"modified":"2011-12-18T22:31:42","modified_gmt":"2011-12-19T03:31:42","slug":"el-real-madrid-reconquista-el-liderato-en-espana","status":"publish","type":"post","link":"https:\/\/diarioelpopular.com\/index.php\/2011\/12\/18\/el-real-madrid-reconquista-el-liderato-en-espana\/","title":{"rendered":"El Real Madrid reconquista el liderato en Espa\u00f1a"},"content":{"rendered":"<div id=\"attachment_22147\" style=\"width: 710px\" class=\"wp-caption aligncenter\"><a href=\"https:\/\/diarioelpopular.com\/wp-content\/uploads\/2011\/12\/Navas-y-Marcelo-en-el-Sevilla-Madrid.jpg\"><img loading=\"lazy\" decoding=\"async\" aria-describedby=\"caption-attachment-22147\" class=\"size-full wp-image-22147\" title=\"Navas y Marcelo en el Sevilla - Madrid\" src=\"https:\/\/diarioelpopular.com\/wp-content\/uploads\/2011\/12\/Navas-y-Marcelo-en-el-Sevilla-Madrid.jpg\" alt=\"\" width=\"700\" height=\"420\" \/><\/a><p id=\"caption-attachment-22147\" class=\"wp-caption-text\">Marcelo se lleva el bal\u00f3n ante Jes\u00fas Navas en el partido entre Sevilla y Real Madrid. Foto: Eduardo Abad \/ Efe<\/p><\/div>\n<p><em><strong>Nemesio Rodr\u00edguez. Madrid.-<\/strong><\/em> El\u00a0Real\u00a0Madrid\u00a0desplaz\u00f3 al Barcelona del\u00a0liderato\u00a0despu\u00e9s de arrollar al Sevilla con media docena de goles, en una jornada en la que la derrota del Atl\u00e9tico de\u00a0Madrid\u00a0en su feudo ante el Betis deja a su entrenador, Gregorio Manzano, al borde de la destituci\u00f3n.<\/p>\n<p>En la decimos\u00e9ptima jornada, el\u00a0Madrid\u00a0barri\u00f3 al Sevilla en el S\u00e1nchez Pizju\u00e1n por 2-6, el mismo resultado de la temporada pasada, para cerrar el a\u00f1o como l\u00edder, con 40 puntos, tres m\u00e1s que el Barcelona, que hab\u00eda adelantado su partido con el Rayo al 29 de noviembre (4-0) con motivo de la Copa Mundial de clubes.<\/p>\n<p>Cristiano Ronaldo, con un triplete, el argentino \u00c1ngel Di Mar\u00eda, que facilit\u00f3 dos de los tantos, Jos\u00e9 Mar\u00eda Callej\u00f3n y el turco Hamit Altintop firmaron los goles del\u00a0Madrid, mientras Jes\u00fas Navas y \u00c1lvaro Negredo lograron los del Sevilla.<\/p>\n<p>Con sus tres dianas, Ronaldo se situ\u00f3 como m\u00e1ximo artillero del campeonato, con 20, tres m\u00e1s que Leo Messi.<\/p>\n<p>&#8220;Esto sirve para callar bocas&#8221;, dijo Ronaldo en alusi\u00f3n a las cr\u00edticas que recibi\u00f3 hace una semana por su floja actuaci\u00f3n en el cl\u00e1sico del Santiago Bernab\u00e9u, que gan\u00f3 el Barcelona por 1-3.<\/p>\n<p>El Valencia, conducido por el argentino Ever Banega, consolid\u00f3 la tercera plaza, con 33 puntos, despu\u00e9s de ganar al M\u00e1laga del chileno Manuel Pellegrini con dos tantos de Roberto Soldado, que suma 11.<\/p>\n<p>El Granada, que abri\u00f3 el marcador con un penalti ejecutado por el brasile\u00f1o Guilherme Siqueira &#8220;a lo Panenka&#8221;, se alej\u00f3 de las plazas del descenso al imponerse por 2-1 al Levante, que sufri\u00f3 su cuarta derrota consecutiva como visitante.<\/p>\n<div id=\"attachment_22148\" style=\"width: 310px\" class=\"wp-caption alignright\"><a href=\"https:\/\/diarioelpopular.com\/wp-content\/uploads\/2011\/12\/Osasuna-Villareal.jpg\"><img loading=\"lazy\" decoding=\"async\" aria-describedby=\"caption-attachment-22148\" class=\"size-medium wp-image-22148\" title=\"Osasuna - Villareal\" src=\"https:\/\/diarioelpopular.com\/wp-content\/uploads\/2011\/12\/Osasuna-Villareal-300x207.jpg\" alt=\"\" width=\"300\" height=\"207\" \/><\/a><p id=\"caption-attachment-22148\" class=\"wp-caption-text\">El delantero argentino del Villarreal CF Marco Rub\u00e9n marca un gol ante el portero de Osasuna Andr\u00e9s Fern\u00e1ndez. Foto: Jes\u00fas Diges \/ Efe<\/p><\/div>\n<p>El Osasuna, con 25 unidades, subi\u00f3 al quinto lugar tras remontar al Villarreal un marcador adverso, que inaugur\u00f3 el argentino Marco Ruben en el minuto 64, pero que los locales superaron con el senegal\u00e9s Ibrahima Balde y Sergio Fern\u00e1ndez en el \u00faltimo cuarto de hora.<\/p>\n<p>El Athletic de Bilbao, con un jugador menos desde el minuto 20, quebr\u00f3 una racha de tres encuentros sin ganar y derrot\u00f3 por 2-1 al colista Zaragoza, cuya diana fue realizada, de penalti, por el argentino Leonardo Ponzio.<\/p>\n<p>El paraguayo Roque Santa Cruz cerr\u00f3 el triunfo del Betis en el Vicente Calder\u00f3n por 0-2, que dej\u00f3 al t\u00e9cnico del Atl\u00e9tico de\u00a0Madrid, Gregorio Manzano, al borde de la destituci\u00f3n.<\/p>\n<p>El Getafe obtuvo su primer triunfo fuera de casa al ganar al Mallorca por 1-2 con dos dianas del marroqu\u00ed Abdel Barrada, la segundo a pase del venezolano Miku.<\/p>\n<p>El mismo resultado se produjo en El Molin\u00f3n, donde el Espanyol del argentino Mauricio Pochettino se llev\u00f3 los tres puntos con goles del franc\u00e9s Thievy Bifouma a los dos minutos de juego y de Sergio Garc\u00eda en el 83, que rompi\u00f3 el empate logrado por David Barral para el Sporting, tercero por la cola.<\/p>\n<p>El Racing de Santander igual\u00f3 a cero en casa con la\u00a0Real\u00a0Sociedad y enfil\u00f3 el descanso navide\u00f1o como pen\u00faltimo, con 14 unidades, una menos que el Sporting y el Villarreal.<\/p>\n","protected":false},"excerpt":{"rendered":"<p>El Real Madrid desplaz\u00f3 al Barcelona del liderato despu\u00e9s de arrollar al Sevilla con media docena de goles, en una jornada en la que la derrota del Atl\u00e9tico de Madrid en su feudo ante el Betis deja a su entrenador, Gregorio Manzano, al borde de la destituci\u00f3n.<\/p>\n","protected":false},"author":1,"featured_media":22147,"comment_status":"closed","ping_status":"open","sticky":false,"template":"","format":"standard","meta":{"footnotes":""},"categories":[28],"tags":[444,179,503,760],"class_list":["post-22146","post","type-post","status-publish","format-standard","has-post-thumbnail","hentry","category-deportes","tag-espana","tag-futbol-2","tag-liga","tag-real-madrid"],"_links":{"self":[{"href":"https:\/\/diarioelpopular.com\/index.php\/wp-json\/wp\/v2\/posts\/22146","targetHints":{"allow":["GET"]}}],"collection":[{"href":"https:\/\/diarioelpopular.com\/index.php\/wp-json\/wp\/v2\/posts"}],"about":[{"href":"https:\/\/diarioelpopular.com\/index.php\/wp-json\/wp\/v2\/types\/post"}],"author":[{"embeddable":true,"href":"https:\/\/diarioelpopular.com\/index.php\/wp-json\/wp\/v2\/users\/1"}],"replies":[{"embeddable":true,"href":"https:\/\/diarioelpopular.com\/index.php\/wp-json\/wp\/v2\/comments?post=22146"}],"version-history":[{"count":0,"href":"https:\/\/diarioelpopular.com\/index.php\/wp-json\/wp\/v2\/posts\/22146\/revisions"}],"wp:featuredmedia":[{"embeddable":true,"href":"https:\/\/diarioelpopular.com\/index.php\/wp-json\/"}],"wp:attachment":[{"href":"https:\/\/diarioelpopular.com\/index.php\/wp-json\/wp\/v2\/media?parent=22146"}],"wp:term":[{"taxonomy":"category","embeddable":true,"href":"https:\/\/diarioelpopular.com\/index.php\/wp-json\/wp\/v2\/categories?post=22146"},{"taxonomy":"post_tag","embeddable":true,"href":"https:\/\/diarioelpopular.com\/index.php\/wp-json\/wp\/v2\/tags?post=22146"}],"curies":[{"name":"wp","href":"https:\/\/api.w.org\/{rel}","templated":true}]}}