{"id":222223,"date":"2012-02-09T22:18:47","date_gmt":"2012-02-10T03:18:47","guid":{"rendered":"http:\/\/diarioelpopular.com\/?p=222223"},"modified":"2012-02-09T22:18:47","modified_gmt":"2012-02-10T03:18:47","slug":"una-toma-de-la-bastilla-light-pero-sexy-abrio-la-berlinale","status":"publish","type":"post","link":"https:\/\/diarioelpopular.com\/index.php\/2012\/02\/09\/una-toma-de-la-bastilla-light-pero-sexy-abrio-la-berlinale\/","title":{"rendered":"Una Toma de la Bastilla &#8216;light&#8217;, pero sexy, abri\u00f3 la Berlinale"},"content":{"rendered":"<div id=\"attachment_222224\" style=\"width: 710px\" class=\"wp-caption aligncenter\"><a href=\"https:\/\/diarioelpopular.com\/wp-content\/uploads\/2012\/02\/62\u00ba-EDICI\u00d3N-DEL-FESTIVAL-DE-CINE-DE-BERL\u00cdN.jpg\"><img loading=\"lazy\" decoding=\"async\" aria-describedby=\"caption-attachment-222224\" class=\"size-full wp-image-222224\" title=\"62\u00ba EDICI\u00d3N DEL FESTIVAL DE CINE DE BERL\u00cdN\" src=\"https:\/\/diarioelpopular.com\/wp-content\/uploads\/2012\/02\/62\u00ba-EDICI\u00d3N-DEL-FESTIVAL-DE-CINE-DE-BERL\u00cdN.jpg\" alt=\"\" width=\"700\" height=\"420\" \/><\/a><p id=\"caption-attachment-222224\" class=\"wp-caption-text\">La presentadora alemana Anke Engelke, durante la gala de apertura de la 62\u00ba edici\u00f3n del Festival de Cine de Berl\u00edn. Foto: Maurizio Gambarini \/ Efe<\/p><\/div>\n<p><em><strong>Gemma Casadevall. Berl\u00edn.-<\/strong><\/em> La\u00a0Berlinale\u00a0arranc\u00f3 este jueves de la mano de la toma de la Bastilla, la madre de todas las revoluciones, en versi\u00f3n algo &#8220;light&#8221;, pero sexy, y con Diane Kruger en el papel de una Mar\u00eda Antonieta perdida en Versalles mientras el pueblo reclama su cabeza.<\/p>\n<p>&#8220;Les adieux \u00e0 la reine&#8221;, de producci\u00f3n francoespa\u00f1ola y dirigida por Beno\u00eet Jacquot, abri\u00f3 el desfile de las 18 aspirantes al Oso, centrada en la &#8220;reina&#8221; Kruger, aunque los ojos del filme sean los de su doncella, Sidonie (L\u00e9a Seydoux).<\/p>\n<p>&#8220;Mi Mar\u00eda Antonieta no es la reina terrible, tir\u00e1nica y vac\u00eda. Es una mujer perdida, que no sabe en qu\u00e9 direcci\u00f3n huir&#8221;, afirm\u00f3 Kruger, para a\u00f1adir que tampoco ve a su personaje como una caprichosa l\u00e9sbica, pese a que ello apunta el filme de Jacquot.<\/p>\n<p>Su reina versallesca aparece primero como una boba Paris Hilton, que reclama a su &#8220;chocolatier&#8221;, reparte su mejor perfume a Sidonie para aliviarle las picaduras de los chinches y le confiesa su amor por la duquesa de Polignac (Virginie Ledoyen).<\/p>\n<p>De ah\u00ed pasar\u00e1 a la arist\u00f3crata hist\u00e9rica que pretende de su doncella -tan joven como ciega, seg\u00fan se le advierte en el filme- que se deje cortar la cabeza por el pueblo analfabeto, incapaz de distinguir a una sirvienta disfrazada de una se\u00f1ora.<\/p>\n<p>El tr\u00edo de actrices se mueve en un Versalles que se resquebraja, al cuyo interior trascienden las noticias de la Bastilla y la lista de los 269 seres de palacio -con Luis XVI y Mar\u00eda Antonieta, en primer y segundo lugar- cuyas cabezas quiere ver rodar el pueblo.<\/p>\n<p>En el Par\u00eds de julio de 1789 no hab\u00eda blogueros, pero la toma de la Bastilla corri\u00f3 como la p\u00f3lvora. Lo relevante para una revoluci\u00f3n no es el canal de difusi\u00f3n, sino &#8220;el polvor\u00edn social creado por d\u00e9spotas que se creen inexpugnables&#8221;, resumi\u00f3 Jacquot.<\/p>\n<p>La Europa en declive de hoy y los abismos sociales del resto del mundo son caldo de cultivo para nuevas explosiones, a\u00f1adi\u00f3, con o sin brecha digital entre su poblaci\u00f3n.<\/p>\n<p>&#8220;Les adieux \u00e0 la reine&#8221; brind\u00f3 una primera alfombra roja m\u00e1s sexy que trepidante, para una\u00a0Berlinale\u00a0consagrada, por voluntad de su director, Dieter Kosslick, a hablar de todas las revoluciones.<\/p>\n<p>Kosslick ha incluido esa tem\u00e1tica en todas las secciones del festival -en que se proyectar\u00e1n unos 400 filmes- y al cometido de recompensar al cine m\u00e1s comprometido parece predestinado el jurado, presidido por el director brit\u00e1nico Mike Leigh.<\/p>\n<p>El cineasta brit\u00e1nico estar\u00e1 custodiado en esa misi\u00f3n por la actriz francesa Charlotte Gainsbourg y la alemana Barbara Sukowa, as\u00ed como el estadounidense Jake Gyllenhaal, el director iran\u00ed Asghar Farhadi -Oso de Oro de 2011 con &#8220;Nader and Simin. A Separation&#8221;-, su colega franc\u00e9s Fran\u00e7ois Ozon y el escritor argelino Boualem Sansal.<\/p>\n<p>&#8220;La revoluci\u00f3n francesa fue la madre de todas las revoluciones. Nosotros, sus hijos, debemos preservar ese esp\u00edritu&#8221;, dijo Sansal.<\/p>\n<p>El escritor argelino dijo ser consciente de estar ah\u00ed, pese a no ser &#8220;hombre de cine&#8221;, por la voluntad de Kosslick de poner lo que ocurre en el mundo \u00e1rabe, un a\u00f1o despu\u00e9s de la ca\u00edda de Hosni Mubarak y otros dictadores, en el objetivo de la\u00a0Berlinale.<\/p>\n<p>A la proyecci\u00f3n del filme de Jacquot seguir\u00e1n las restantes concursantes, entre ellas &#8220;Cesare deve morire&#8221;, de los italianos Paolo y Vittorio Taviani y &#8220;Dictado&#8221;, del espa\u00f1ol Antonio Chavarr\u00edas.<\/p>\n<p>La lista de candidatas incluye filmes orientados a la tem\u00e1tica predeterminada por Kosslick, con especial atenci\u00f3n a \u00c1frica.<\/p>\n<p>Del \u00c1frica actual, con &#8220;Aujourd&#8217;hui&#8221;, rodada en Senegal por Alain Gomis, se saltar\u00e1 al retrato de la Lisboa multi\u00e9tnica de &#8220;Tabu&#8221;, una producci\u00f3n lusobrasile\u00f1a dirigida por Miguel Gomes.<\/p>\n<p>Filipinas concursar\u00e1 con &#8220;Captive&#8221;, de Brillante Mendoza y con Isabelle Huppert que interpreta a una turista secuestrada por un grupo musulm\u00e1n, mientras que la canadiense &#8220;Rebelle&#8221;, dirigida por Kim Nguyen, traslada la acci\u00f3n al Congo.<\/p>\n<p>Todo ello, mientras se esperan las presencias, fuera de concurso, de Meryl Streep, que recibir\u00e1 su Oso de Oro de Honor, y su colega Angelina Jolie, quien debuta como directora con &#8220;In The Land Of Blood And Honey&#8221;, una historia de amor imposible serbobosnia.<\/p>\n<p>Otros invitados destacados sobre la alfombra roja ser\u00e1n Javier Bardem, con el documental &#8220;Hijos de las nubes. La \u00faltima colonia&#8221;, centrado en el conflicto del Sahara, mientras que a Antonio Banderas se le espera al frente con &#8220;Haywire&#8221;, de Steven Soderbergh y a Salma Hayek con &#8220;La chispa de la vida&#8221;, de \u00c1lex de la Iglesia.<\/p>\n","protected":false},"excerpt":{"rendered":"<p>La Berlinale arranc\u00f3 este jueves de la mano de la toma de la Bastilla, la madre de todas las revoluciones, en versi\u00f3n algo &#8220;light&#8221;, pero sexy, y con Diane Kruger en el papel de una Mar\u00eda Antonieta perdida en Versalles mientras el pueblo reclama su cabeza.<\/p>\n","protected":false},"author":1,"featured_media":222224,"comment_status":"open","ping_status":"open","sticky":false,"template":"","format":"standard","meta":{"footnotes":""},"categories":[80],"tags":[772],"class_list":["post-222223","post","type-post","status-publish","format-standard","has-post-thumbnail","hentry","category-cine-2","tag-berlinale"],"_links":{"self":[{"href":"https:\/\/diarioelpopular.com\/index.php\/wp-json\/wp\/v2\/posts\/222223","targetHints":{"allow":["GET"]}}],"collection":[{"href":"https:\/\/diarioelpopular.com\/index.php\/wp-json\/wp\/v2\/posts"}],"about":[{"href":"https:\/\/diarioelpopular.com\/index.php\/wp-json\/wp\/v2\/types\/post"}],"author":[{"embeddable":true,"href":"https:\/\/diarioelpopular.com\/index.php\/wp-json\/wp\/v2\/users\/1"}],"replies":[{"embeddable":true,"href":"https:\/\/diarioelpopular.com\/index.php\/wp-json\/wp\/v2\/comments?post=222223"}],"version-history":[{"count":0,"href":"https:\/\/diarioelpopular.com\/index.php\/wp-json\/wp\/v2\/posts\/222223\/revisions"}],"wp:featuredmedia":[{"embeddable":true,"href":"https:\/\/diarioelpopular.com\/index.php\/wp-json\/"}],"wp:attachment":[{"href":"https:\/\/diarioelpopular.com\/index.php\/wp-json\/wp\/v2\/media?parent=222223"}],"wp:term":[{"taxonomy":"category","embeddable":true,"href":"https:\/\/diarioelpopular.com\/index.php\/wp-json\/wp\/v2\/categories?post=222223"},{"taxonomy":"post_tag","embeddable":true,"href":"https:\/\/diarioelpopular.com\/index.php\/wp-json\/wp\/v2\/tags?post=222223"}],"curies":[{"name":"wp","href":"https:\/\/api.w.org\/{rel}","templated":true}]}}