{"id":223199,"date":"2012-02-09T21:35:38","date_gmt":"2012-02-10T02:35:38","guid":{"rendered":"http:\/\/diarioelpopular.com\/?p=223199"},"modified":"2012-02-09T21:35:38","modified_gmt":"2012-02-10T02:35:38","slug":"la-ue-pide-mas-ajustes-para-aprobar-el-nuevo-rescate-a-grecia","status":"publish","type":"post","link":"https:\/\/diarioelpopular.com\/index.php\/2012\/02\/09\/la-ue-pide-mas-ajustes-para-aprobar-el-nuevo-rescate-a-grecia\/","title":{"rendered":"La UE pide m\u00e1s ajustes para aprobar el rescate a Grecia"},"content":{"rendered":"<div id=\"attachment_223200\" style=\"width: 710px\" class=\"wp-caption aligncenter\"><a href=\"https:\/\/diarioelpopular.com\/wp-content\/uploads\/2012\/02\/PROTESTAS-CONTRA-LOS-AJUSTES-PACTADOS-POR-EL-GOBIERNO-GRIEGO.jpg\"><img loading=\"lazy\" decoding=\"async\" aria-describedby=\"caption-attachment-223200\" class=\"size-full wp-image-223200\" title=\"PROTESTAS CONTRA LOS AJUSTES PACTADOS POR EL GOBIERNO GRIEGO\" src=\"https:\/\/diarioelpopular.com\/wp-content\/uploads\/2012\/02\/PROTESTAS-CONTRA-LOS-AJUSTES-PACTADOS-POR-EL-GOBIERNO-GRIEGO.jpg\" alt=\"\" width=\"700\" height=\"420\" \/><\/a><p id=\"caption-attachment-223200\" class=\"wp-caption-text\">Manifestantes participan en una marcha hacia el Parlamento griego en Atenas, este jueves 9 de febrero de 2012. Los sindicatos mayoritarios griegos convocaron una huelga general de 48 horas para el viernes y el s\u00e1bado, en respuesta a los duros ajustes pactados por el Gobierno con los acreedores internacionales a cambio de un nuevo rescate para salvar al pa\u00eds de la quiebra. Foto: Simela Pantzartzi \/ Efe<\/p><\/div>\n<p><em><strong>Efe. Bruselas.-<\/strong><\/em> Los ministros de Finanzas de la eurozona dejaron este jueves en suspenso hasta el pr\u00f3ximo mi\u00e9rcoles el segundo rescate a\u00a0Grecia, y vincularon la aprobaci\u00f3n de la ayuda a una serie de condiciones previas y a nuevos e importantes ajustes.<\/p>\n<p>&#8220;Una decisi\u00f3n final ser\u00e1 tomada la pr\u00f3xima semana&#8221;, se\u00f1al\u00f3 al t\u00e9rmino del encuentro el presidente del Eurogrupo, Jean-Claude Juncker, quien anunci\u00f3 que los ministros volver\u00e1n a reunirse el mi\u00e9rcoles que viene.<\/p>\n<p>Juncker inst\u00f3 al Parlamento griego a aprobar el domingo el paquete de ajustes y recortes acordado, a identificar hasta el mi\u00e9rcoles cu\u00e1les son los recortes adicionales por valor de 325 millones de euros del gasto estructural que quiere aplicar en 2012 para alcanzar el objetivo del d\u00e9ficit, y a los partidos pol\u00edticos a asumir un fuerte compromiso con las medidas, m\u00e1s all\u00e1 de las elecciones de abril.<\/p>\n<p>Esos recortes son una &#8220;condici\u00f3n imprescindible&#8221; para la aprobaci\u00f3n del segundo rescate, de 130.000 millones de euros, se\u00f1al\u00f3 Juncker, quien recalc\u00f3 adem\u00e1s que &#8220;no va a haber ning\u00fan desembolso&#8221; antes de que no se haya ejecutado el programa de medidas y reformas.<\/p>\n<p>El comisario europeo de Asuntos Econ\u00f3micos y Monetarios, Olli Rehn, reconoci\u00f3 que &#8220;el tiempo apremia&#8221;, pero asegur\u00f3 que &#8220;todav\u00eda estamos respetando el calendario previsto&#8221;.<\/p>\n<p>Rehn coincidi\u00f3 adem\u00e1s con Juncker en que la idea es concluir las decisiones sobre el plan de asistencia financiera la pr\u00f3xima semana.<\/p>\n<p>El ministro espa\u00f1ol de Econom\u00eda y Competitividad, Luis de Guindos, tambi\u00e9n incidi\u00f3 en que el tiempo se agota, y aclar\u00f3 que la reuni\u00f3n de hoy ha servido para hacer saber al Gobierno griego y a los partidos pol\u00edticos que &#8220;tienen que asumir una serie de acciones, y esas acciones las volveremos a ver el mi\u00e9rcoles&#8221;.<\/p>\n<p>El segundo rescate tiene que aprobarse con urgencia porque\u00a0Grecia\u00a0afronta el pr\u00f3ximo 20 de marzo vencimientos de deuda por valor de 14.500 millones de euros y sin la ayuda de la UE y del FMI suspender\u00e1 pagos.<\/p>\n<p>La reuni\u00f3n de hoy promet\u00eda ser decisiva despu\u00e9s de que los tres partidos que forman el gobierno de coalici\u00f3n griego aceptasen las nuevas medidas de austeridad exigidas por la &#8220;troika&#8221; a cambio de un nuevo pr\u00e9stamo de la UE y del FMI de 130.000 millones de euros que evite la bancarrota del pa\u00eds.<\/p>\n<p>El ministro griego de Finanzas, Evangelos Venizelos, adelantaba a su llegada al Eurgrupo que el Gobierno heleno y sus acreedores privados hab\u00edan llegado a un acuerdo sobre los &#8220;par\u00e1metros b\u00e1sicos&#8221; de la condonaci\u00f3n de la mitad de la deuda griega en sus manos (100.000 millones de euros).<\/p>\n<p>Eso supondr\u00e1 para la banca, las aseguradoras y los fondos unas p\u00e9rdidas reales de alrededor del 70% sobre sus bonos, seg\u00fan han adelantado recientemente los propios acreedores.<\/p>\n<p>Fuentes del Instituto Internacional de Finanzas (IIF) confirmaron a Efe que el director general del Instituto Internacional de Finanzas (IIF), Charles Dallara, y el asesor del presidente de BNP Paribas, Jean Lemierre, se encontraban en el Eurogrupo, despu\u00e9s de haber participado en un encuentro del comit\u00e9 de los acreedores privados de\u00a0Grecia\u00a0en Par\u00eds.<\/p>\n<p>El borrador del acuerdo con los acreedores privados &#8220;est\u00e1 pr\u00e1cticamente terminado&#8221;, pero se va a aprobar junto con todo el paquete del segundo rescate, confirm\u00f3 Rehn en rueda de prensa.<\/p>\n<p>El vicepresidente de la Comisi\u00f3n Europea se refiri\u00f3 tambi\u00e9n a la idea planteada por Francia y Alemania de crear una cuenta bloqueada para\u00a0Grecia\u00a0para asegurar la devoluci\u00f3n de su deuda.<\/p>\n<p>&#8220;La cuenta bloqueada es algo que estamos estudiando y puede ser una posibilidad pertinente para incrementar la supervisi\u00f3n de la ejecuci\u00f3n&#8221;, indic\u00f3.<\/p>\n<p>Juncker tambi\u00e9n coment\u00f3 esta cuesti\u00f3n y sostuvo que &#8220;siempre hemos considerado que la Comisi\u00f3n Europea de aqu\u00ed al mi\u00e9rcoles puede hacer propuestas para reforzar la supervisi\u00f3n&#8221;.<\/p>\n<p>&#8220;Para nosotros es prioritario, porque es imprescindible que\u00a0Grecia\u00a0pueda resolver su problema con la deuda&#8221;, a\u00f1adi\u00f3.<\/p>\n<p>La idea fue introducida este lunes por la canciller alemana, Angela Merkel, y el presidente franc\u00e9s, Nicolas Sarkozy, tras una reuni\u00f3n bilateral ministerial celebrada en Par\u00eds.<\/p>\n<p>&#8220;La situaci\u00f3n de\u00a0Grecia\u00a0tiene que arreglarse de una vez por todas&#8221;, afirm\u00f3 Sarkozy y apost\u00f3, junto con Merkel, por que los intereses de la deuda griega sean colocados en una cuenta bancaria bloqueada para garantizar su pago.<\/p>\n","protected":false},"excerpt":{"rendered":"<p>Los ministros de Finanzas de la eurozona dejaron este jueves en suspenso hasta el pr\u00f3ximo mi\u00e9rcoles el segundo rescate a Grecia, y vincularon la aprobaci\u00f3n de la ayuda a una serie de condiciones previas y a nuevos e importantes ajustes.<\/p>\n","protected":false},"author":1,"featured_media":223200,"comment_status":"open","ping_status":"open","sticky":false,"template":"","format":"standard","meta":{"footnotes":""},"categories":[24],"tags":[565,1591,801,1592,1146,341],"class_list":["post-223199","post","type-post","status-publish","format-standard","has-post-thumbnail","hentry","category-mundo","tag-crisis","tag-eurogrupo","tag-eurozona","tag-grecia","tag-rescate","tag-ue"],"_links":{"self":[{"href":"https:\/\/diarioelpopular.com\/index.php\/wp-json\/wp\/v2\/posts\/223199","targetHints":{"allow":["GET"]}}],"collection":[{"href":"https:\/\/diarioelpopular.com\/index.php\/wp-json\/wp\/v2\/posts"}],"about":[{"href":"https:\/\/diarioelpopular.com\/index.php\/wp-json\/wp\/v2\/types\/post"}],"author":[{"embeddable":true,"href":"https:\/\/diarioelpopular.com\/index.php\/wp-json\/wp\/v2\/users\/1"}],"replies":[{"embeddable":true,"href":"https:\/\/diarioelpopular.com\/index.php\/wp-json\/wp\/v2\/comments?post=223199"}],"version-history":[{"count":0,"href":"https:\/\/diarioelpopular.com\/index.php\/wp-json\/wp\/v2\/posts\/223199\/revisions"}],"wp:featuredmedia":[{"embeddable":true,"href":"https:\/\/diarioelpopular.com\/index.php\/wp-json\/"}],"wp:attachment":[{"href":"https:\/\/diarioelpopular.com\/index.php\/wp-json\/wp\/v2\/media?parent=223199"}],"wp:term":[{"taxonomy":"category","embeddable":true,"href":"https:\/\/diarioelpopular.com\/index.php\/wp-json\/wp\/v2\/categories?post=223199"},{"taxonomy":"post_tag","embeddable":true,"href":"https:\/\/diarioelpopular.com\/index.php\/wp-json\/wp\/v2\/tags?post=223199"}],"curies":[{"name":"wp","href":"https:\/\/api.w.org\/{rel}","templated":true}]}}