{"id":223525,"date":"2012-02-09T21:46:06","date_gmt":"2012-02-10T02:46:06","guid":{"rendered":"http:\/\/diarioelpopular.com\/?p=223525"},"modified":"2012-02-09T21:46:06","modified_gmt":"2012-02-10T02:46:06","slug":"naomi-watts-dara-vida-a-la-princesa-diana-en-el-cine","status":"publish","type":"post","link":"https:\/\/diarioelpopular.com\/index.php\/2012\/02\/09\/naomi-watts-dara-vida-a-la-princesa-diana-en-el-cine\/","title":{"rendered":"Naomi Watts dar\u00e1 vida a la princesa Diana en el cine"},"content":{"rendered":"<div id=\"attachment_223526\" style=\"width: 310px\" class=\"wp-caption alignright\"><a href=\"https:\/\/diarioelpopular.com\/wp-content\/uploads\/2012\/02\/Naomi-Watts.jpg\"><img loading=\"lazy\" decoding=\"async\" aria-describedby=\"caption-attachment-223526\" class=\"size-medium wp-image-223526\" title=\"Naomi Watts\" src=\"https:\/\/diarioelpopular.com\/wp-content\/uploads\/2012\/02\/Naomi-Watts-300x180.jpg\" alt=\"\" width=\"300\" height=\"180\" \/><\/a><p id=\"caption-attachment-223526\" class=\"wp-caption-text\">Naomi Watts<\/p><\/div>\n<p><em><strong>Efe. Redacci\u00f3n Cultura.-<\/strong><\/em> La actriz australiana\u00a0Naomi\u00a0Watts dar\u00e1 vida a la princesa Diana en el biopic &#8220;Caught In Flight&#8221;, una producci\u00f3n brit\u00e1nica que dirigir\u00e1 el director alem\u00e1n Oliver Hirschbiegel y que se ha presentado en el European Film Market (EFM), feria comercial que se celebra en el marco de la Berlinale.<\/p>\n<p>La pel\u00edcula, basada en la obra teatral de Stephen Jeffreys &#8220;The Libertine&#8221;, se centra en los dos \u00faltimos a\u00f1os de vida de Diana Spencer y se comenzar\u00e1 a rodar en el Reino Unido a finales de a\u00f1o financiada por Ecosse Films, productora de cintas como &#8220;Charlotte Gray&#8221;,&#8221;La joven Jane Austen&#8221; (&#8220;Becoming Jane&#8221;) y &#8220;Retorno a Brideshead&#8221; (&#8220;Brideshead revisited&#8221;).<\/p>\n<p>Watts, que acaba de rodar &#8220;Lo imposible&#8221; (&#8220;The Impossible&#8221;) junto a Ewan McGregor, ha reconocido que es un &#8220;honor&#8221; encarnar este &#8220;personaje ic\u00f3nico&#8221;, pero tambi\u00e9n un &#8220;reto&#8221; que est\u00e1 deseando afrontar.<\/p>\n<p>Por su parte, Hirschbiegel, director de &#8220;El hundimiento&#8221;, ha dicho que el &#8220;arsenal interpretativo&#8221; de la actriz australiana le permite abarcar &#8220;el calor, la humanidad y la empat\u00eda de un icono mundial como la princesa Diana&#8221;.<\/p>\n","protected":false},"excerpt":{"rendered":"<p>La actriz australiana Naomi Watts dar\u00e1 vida a la princesa Diana en el biopic &#8220;Caught In Flight&#8221;, una producci\u00f3n brit\u00e1nica que dirigir\u00e1 el director alem\u00e1n Oliver Hirschbiegel y que se ha presentado en el European Film Market (EFM), feria comercial que se celebra en el marco de la Berlinale.<\/p>\n","protected":false},"author":1,"featured_media":223526,"comment_status":"open","ping_status":"open","sticky":false,"template":"","format":"standard","meta":{"footnotes":""},"categories":[80],"tags":[1593,1594,1595,1596],"class_list":["post-223525","post","type-post","status-publish","format-standard","has-post-thumbnail","hentry","category-cine-2","tag-caught-in-flight","tag-diana-de-gales","tag-lady-di","tag-naomi-watts"],"_links":{"self":[{"href":"https:\/\/diarioelpopular.com\/index.php\/wp-json\/wp\/v2\/posts\/223525","targetHints":{"allow":["GET"]}}],"collection":[{"href":"https:\/\/diarioelpopular.com\/index.php\/wp-json\/wp\/v2\/posts"}],"about":[{"href":"https:\/\/diarioelpopular.com\/index.php\/wp-json\/wp\/v2\/types\/post"}],"author":[{"embeddable":true,"href":"https:\/\/diarioelpopular.com\/index.php\/wp-json\/wp\/v2\/users\/1"}],"replies":[{"embeddable":true,"href":"https:\/\/diarioelpopular.com\/index.php\/wp-json\/wp\/v2\/comments?post=223525"}],"version-history":[{"count":0,"href":"https:\/\/diarioelpopular.com\/index.php\/wp-json\/wp\/v2\/posts\/223525\/revisions"}],"wp:featuredmedia":[{"embeddable":true,"href":"https:\/\/diarioelpopular.com\/index.php\/wp-json\/"}],"wp:attachment":[{"href":"https:\/\/diarioelpopular.com\/index.php\/wp-json\/wp\/v2\/media?parent=223525"}],"wp:term":[{"taxonomy":"category","embeddable":true,"href":"https:\/\/diarioelpopular.com\/index.php\/wp-json\/wp\/v2\/categories?post=223525"},{"taxonomy":"post_tag","embeddable":true,"href":"https:\/\/diarioelpopular.com\/index.php\/wp-json\/wp\/v2\/tags?post=223525"}],"curies":[{"name":"wp","href":"https:\/\/api.w.org\/{rel}","templated":true}]}}