{"id":224182,"date":"2012-02-09T22:02:14","date_gmt":"2012-02-10T03:02:14","guid":{"rendered":"http:\/\/diarioelpopular.com\/?p=224182"},"modified":"2012-02-09T22:02:14","modified_gmt":"2012-02-10T03:02:14","slug":"marines-posan-con-una-bandera-nazi-en-afganistan","status":"publish","type":"post","link":"https:\/\/diarioelpopular.com\/index.php\/2012\/02\/09\/marines-posan-con-una-bandera-nazi-en-afganistan\/","title":{"rendered":"Marines posan con una bandera nazi en Afganist\u00e1n"},"content":{"rendered":"<div id=\"attachment_224183\" style=\"width: 710px\" class=\"wp-caption aligncenter\"><a href=\"https:\/\/diarioelpopular.com\/wp-content\/uploads\/2012\/02\/Marines-posando-con-una-bandera-nazi.png\"><img loading=\"lazy\" decoding=\"async\" aria-describedby=\"caption-attachment-224183\" class=\"size-full wp-image-224183\" title=\"Marines posando con una bandera nazi\" src=\"https:\/\/diarioelpopular.com\/wp-content\/uploads\/2012\/02\/Marines-posando-con-una-bandera-nazi.png\" alt=\"\" width=\"700\" height=\"420\" \/><\/a><p id=\"caption-attachment-224183\" class=\"wp-caption-text\">En la foto se puede ver a un grupo de diez soldados posando delante de una bandera estadounidense con otra que parece cosida debajo con el s\u00edmbolo de las SS<\/p><\/div>\n<p><em><strong>Efe. Washington.-<\/strong><\/em> El cuerpo de\u00a0Marines\u00a0de EE UU se enfrenta a una nueva pol\u00e9mica despu\u00e9s de que haya circulado en internet una fotograf\u00eda en la que un grupo de sus soldados posa delante de una bandera nazi de las SS en Afganist\u00e1n.<\/p>\n<p>El cuerpo de infanter\u00eda de\u00a0marines\u00a0indic\u00f3 en un comunicado que el uso de ese s\u00edmbolo era inaceptable pero los soldados que aparecen en la foto, que se tom\u00f3 en septiembre de 2010, no ser\u00e1n disciplinados.<\/p>\n<p>En la foto se puede ver a un grupo de diez soldados posando delante de una bandera estadounidense con otra que parece cosida debajo con el s\u00edmbolo de las SS.<\/p>\n<p>Seg\u00fan la cadena Fox, los\u00a0marines\u00a0utilizaron el s\u00edmbolo de las SS porque representaba las palabras &#8220;sniper scouts&#8221;, algo as\u00ed como exploradores francotiradores, pero no fue su intenci\u00f3n vincularse a la organizaci\u00f3n.<\/p>\n<p>La base militar inform\u00f3 en un comunicado de que se abri\u00f3 una investigaci\u00f3n y &#8220;no se hall\u00f3 que el incidente estuviera motivado por el racismo. Los involucrados reconocieron que el s\u00edmbolo (nazi) pod\u00eda ser malinterpretado y no est\u00e1 en consonancia con nuestra filosof\u00eda del Cuerpo de Marina y los valores&#8221;.<\/p>\n<p>La portavoz de la base de Camp Pendleton en California, a la que pertenec\u00edan los\u00a0marines, la comandante Gabrielle Chapin subray\u00f3 que los\u00a0marines\u00a0nunca tuvieron intenci\u00f3n de verse asociados a una organizaci\u00f3n racista.<\/p>\n<p>&#8220;No creo que los\u00a0marines\u00a0involucrados hubieran utilizado nunca cualquier tipo de s\u00edmbolo asociado a la organizaci\u00f3n militar criminal de la Alemania nazi que cometi\u00f3 atrocidades masivas en la Segunda Guerra mundial&#8221;, agreg\u00f3 Chapin.<\/p>\n<p>El mes pasado, otra unidad de\u00a0marines\u00a0de Camp Lejeune, en Carolina del Norte (EE UU), se vio implicada otro esc\u00e1ndalo despu\u00e9s de que se hiciera p\u00fablico <a href=\"https:\/\/diarioelpopular.com\/2012\/01\/un-video-muestra-a-marines-orinando-sobre-talibanes-muertos\/\">un pol\u00e9mico v\u00eddeo en el que parece verse a varios soldados orinando sobre los cad\u00e1veres de enemigos afganos<\/a>.<\/p>\n<p>El secretario de Defensa, Leon Panetta, conden\u00f3 este acto &#8220;en los t\u00e9rminos m\u00e1s en\u00e9rgicos&#8221; y considero que el comportamiento de los soldados fue &#8220;totalmente deplorable&#8221;.<\/p>\n","protected":false},"excerpt":{"rendered":"<p>El cuerpo de Marines de EE UU se enfrenta a una nueva pol\u00e9mica despu\u00e9s de que haya circulado en internet una fotograf\u00eda en la que un grupo de sus soldados posa delante de una bandera nazi de las SS en Afganist\u00e1n.<\/p>\n","protected":false},"author":1,"featured_media":224183,"comment_status":"open","ping_status":"open","sticky":false,"template":"","format":"standard","meta":{"footnotes":""},"categories":[24],"tags":[709,120,712,1597,1598],"class_list":["post-224182","post","type-post","status-publish","format-standard","has-post-thumbnail","hentry","category-mundo","tag-afganistan","tag-estados-unidos","tag-marines","tag-nazi","tag-ss"],"_links":{"self":[{"href":"https:\/\/diarioelpopular.com\/index.php\/wp-json\/wp\/v2\/posts\/224182","targetHints":{"allow":["GET"]}}],"collection":[{"href":"https:\/\/diarioelpopular.com\/index.php\/wp-json\/wp\/v2\/posts"}],"about":[{"href":"https:\/\/diarioelpopular.com\/index.php\/wp-json\/wp\/v2\/types\/post"}],"author":[{"embeddable":true,"href":"https:\/\/diarioelpopular.com\/index.php\/wp-json\/wp\/v2\/users\/1"}],"replies":[{"embeddable":true,"href":"https:\/\/diarioelpopular.com\/index.php\/wp-json\/wp\/v2\/comments?post=224182"}],"version-history":[{"count":0,"href":"https:\/\/diarioelpopular.com\/index.php\/wp-json\/wp\/v2\/posts\/224182\/revisions"}],"wp:featuredmedia":[{"embeddable":true,"href":"https:\/\/diarioelpopular.com\/index.php\/wp-json\/"}],"wp:attachment":[{"href":"https:\/\/diarioelpopular.com\/index.php\/wp-json\/wp\/v2\/media?parent=224182"}],"wp:term":[{"taxonomy":"category","embeddable":true,"href":"https:\/\/diarioelpopular.com\/index.php\/wp-json\/wp\/v2\/categories?post=224182"},{"taxonomy":"post_tag","embeddable":true,"href":"https:\/\/diarioelpopular.com\/index.php\/wp-json\/wp\/v2\/tags?post=224182"}],"curies":[{"name":"wp","href":"https:\/\/api.w.org\/{rel}","templated":true}]}}