{"id":22462,"date":"2011-12-21T12:12:04","date_gmt":"2011-12-21T17:12:04","guid":{"rendered":"http:\/\/diarioelpopular.com\/?p=22462"},"modified":"2011-12-21T12:12:04","modified_gmt":"2011-12-21T17:12:04","slug":"notas-del-futbol-hispano-23","status":"publish","type":"post","link":"https:\/\/diarioelpopular.com\/index.php\/2011\/12\/21\/notas-del-futbol-hispano-23\/","title":{"rendered":"Notas del f\u00fatbol hispano"},"content":{"rendered":"<div id=\"attachment_22463\" style=\"width: 280px\" class=\"wp-caption alignright\"><a href=\"https:\/\/diarioelpopular.com\/wp-content\/uploads\/2011\/12\/FOTO-1-Familia-Varela.jpg\"><img loading=\"lazy\" decoding=\"async\" aria-describedby=\"caption-attachment-22463\" class=\"size-medium wp-image-22463 \" title=\"Familia Varela\" src=\"https:\/\/diarioelpopular.com\/wp-content\/uploads\/2011\/12\/FOTO-1-Familia-Varela-300x267.jpg\" alt=\"\" width=\"270\" height=\"240\" \/><\/a><p id=\"caption-attachment-22463\" class=\"wp-caption-text\">Un cordial saludo de Navidad y A\u00f1o Nuevo, de parte de la familia Varela a los deportistas, y sus familias, participantes en la liga \u201cCentro Sur La Original\u201d. En la foto, Jonathan, Sa\u00fal II, Sa\u00fal III, Sa\u00fal Varela, Lilian y la peque\u00f1a, Ashley.<\/p><\/div>\n<p>Se jug\u00f3 la ultima fecha de los torneos de indoor soccer de nuestra comunidad hispana. La cita para la reanudaci\u00f3n de los partidos es el s\u00e1bado 7 de enero del pr\u00f3ximo a\u00f1o. La primera parte de la temporada termin\u00f3 tranquila y exitosamente, con algunos inconvenientes provocados por jugadores temperamentales, pero nada que haya que lamentar gravemente. De un tiempo a esta parte ,los directivos de los torneos se est\u00e1n preocupando m\u00e1s de los incidentes dentro de los partidos, porque se corre el riesgo de suspensi\u00f3n de los gimnasios o alguna importante multa por desordenes en un recinto estudiantil.<\/p>\n<p>Don Sa\u00fal Varela, organizador del torneo \u201cTaca Airlines\u201d de la liga \u201cCentro Sur La Original\u201d, tendr\u00e1 un merecido descanso, adem\u00e1s de que precisamente este mi\u00e9rcoles est\u00e1 de cumplea\u00f1os. Cu\u00e1ntos cumple es un secreto muy bien guardado y no podemos decir que cumpli\u00f3 61 a\u00f1os, porque ser\u00eda muy feo dar a conocer su edad. Mucha felicidades, Sa\u00fal, Feliz Cumplea\u00f1os, Feliz Navidad, Feliz A\u00f1o Nuevo y Feliz t\u00fa porque vas a poder descansar, porque nosotros seguimos siendo felices\u2026 trabajando.<\/p>\n<div id=\"attachment_22465\" style=\"width: 250px\" class=\"wp-caption alignleft\"><a href=\"https:\/\/diarioelpopular.com\/wp-content\/uploads\/2011\/12\/FOTO-2-ESMERALDA-Y-CARLOS-BRIZUELA.jpg\"><img loading=\"lazy\" decoding=\"async\" aria-describedby=\"caption-attachment-22465\" class=\"size-medium wp-image-22465 \" title=\"ESMERALDA Y CARLOS BRIZUELA\" src=\"https:\/\/diarioelpopular.com\/wp-content\/uploads\/2011\/12\/FOTO-2-ESMERALDA-Y-CARLOS-BRIZUELA-300x300.jpg\" alt=\"\" width=\"240\" height=\"240\" \/><\/a><p id=\"caption-attachment-22465\" class=\"wp-caption-text\">Don Carlos Brizuela, junto a su esposa Esmeralda, agradecen a los jugadores estar participando en la liga \u201cBurocr\u00e1tica Comercial\u201d y les desean un pr\u00f3ximo a\u00f1o de prosperidad y triunfos, en lo deportivo y personal<\/p><\/div>\n<p>El presidente de la Federaci\u00f3n Internacional de F\u00fatbol (FIFA), Joseph Blatter, afirm\u00f3 en Tokio que su organizaci\u00f3n est\u00e1 &#8220;preocupada&#8221; con los problemas surgidos en los preparativos del Mundial de Brasil-2014 y que \u00e9l mismo seguir\u00e1 este tema muy de cerca. &#8220;El Comit\u00e9 Ejecutivo est\u00e1 preocupado&#8221;, declar\u00f3 cuando fue interrogado sobre la preparaci\u00f3n del torneo y los temores que parecen haber surgido sobre si cumplir\u00e1 el calendario y los plazos previstos. El organismo que rige el f\u00fatbol mundial afirm\u00f3 que se han recibido informes positivos sobre el ritmo de construcci\u00f3n de los estadios, pero no sobre otras garant\u00edas gubernamentales de apoyo al evento, por lo que el pr\u00f3ximo a\u00f1o habr\u00e1 una reuni\u00f3n con responsables pol\u00edticos brasile\u00f1os. &#8220;Claramente, Brasil no est\u00e1 adelantado en los preparativos del Mundial&#8221;, se\u00f1al\u00f3 Blatter en Tokio, citando como principales problemas la falta de infraestructuras, entre ellas un nuevo aeropuerto, y la situaci\u00f3n del transporte y las carreteras.<\/p>\n<p>Don Carlos Brizuela, nos comunica que tendr\u00e1 una fecha especial este viernes, en el gimnasio \u201cSt. Basil\u2019s The Great College\u201d con la cual pondr\u00e1 al d\u00eda algunos partidos atrasados. Don Carlos, nos pide enviar un gran saludo de Navidad y A\u00f1o Nuevo a todos los participantes en la liga \u201cBurocr\u00e1tica Comercial\u201d, jugadores y dirigentes, adem\u00e1s de sus respectivas familias. Despu\u00e9s de esta fecha extraordinaria la liga se pondr\u00e1 en receso hasta el s\u00e1bado 7 de enero 2012. Nos agregamos a este saludo dese\u00e1ndoles una Navidad en familia y un venturoso A\u00f1o Nuevo.<\/p>\n<div id=\"attachment_22468\" style=\"width: 250px\" class=\"wp-caption alignright\"><a href=\"https:\/\/diarioelpopular.com\/wp-content\/uploads\/2011\/12\/FOTO-3-CRISTIANO-RONALDO.jpg\"><img loading=\"lazy\" decoding=\"async\" aria-describedby=\"caption-attachment-22468\" class=\"size-medium wp-image-22468 \" title=\"CRISTIANO RONALDO\" src=\"https:\/\/diarioelpopular.com\/wp-content\/uploads\/2011\/12\/FOTO-3-CRISTIANO-RONALDO-300x268.jpg\" alt=\"\" width=\"240\" height=\"214\" \/><\/a><p id=\"caption-attachment-22468\" class=\"wp-caption-text\">Cristiano Ronaldo: \u201cLos que me critican no saben nada de futbol\u201d<\/p><\/div>\n<p>Luego de firmar un &#8220;hat trick&#8221; en el estadio Ram\u00f3n S\u00e1nchez Pizju\u00e1n, el crack portugu\u00e9s del Real Madrid, Cristiano Ronaldo, asegur\u00f3 que todo aquel que lo critica, es porque no entiende nada de futbol. Ronaldo fue criticado la semana anterior por su actuaci\u00f3n en el cl\u00e1sico de Espa\u00f1a, en el que para la afici\u00f3n dej\u00f3 mucho que desear (fue silbado por momentos) y en el que los suyos cayeron 1-3, frente al FC Barcelona. Este s\u00e1bado pasado, el luso quiso callar bocas y se destap\u00f3 con un &#8220;triplete&#8221;, en el choque que gan\u00f3 el Real Madrid, por seis a dos sobre el Sevilla.&#8221;Los que me critican no entienden nada de futbol&#8221;, manifest\u00f3 el goleador. &#8220;Esto es para callar la boca a los que me critican. Estoy acostumbrado a que lo hagan, pero no pasa nada. Yo estoy concentrado en mi equipo y me da igual lo que hablan de m\u00ed&#8221;, sentenci\u00f3.<\/p>\n<div id=\"attachment_22469\" style=\"width: 250px\" class=\"wp-caption alignleft\"><a href=\"https:\/\/diarioelpopular.com\/wp-content\/uploads\/2011\/12\/Cazandra-Aparicio-y-Sonia-O%E2%80%99Neil.jpg\"><img loading=\"lazy\" decoding=\"async\" aria-describedby=\"caption-attachment-22469\" class=\"size-medium wp-image-22469 \" title=\"Cazandra Aparicio y Sonia O\u2019Neil\" src=\"https:\/\/diarioelpopular.com\/wp-content\/uploads\/2011\/12\/Cazandra-Aparicio-y-Sonia-O%E2%80%99Neil-300x249.jpg\" alt=\"\" width=\"240\" height=\"199\" \/><\/a><p id=\"caption-attachment-22469\" class=\"wp-caption-text\">Como un homenaje a las ni\u00f1as que participan en los indoor soccer, saludamos a Cazandra Aparicio jugadora del \u201cChinameca F.C.\u201d y a Sonia O\u2019Neil integrante del equipo \u201cDeportivo Cuenca\u201d. Por este intermedio les enviamos los buenos deseos de una Feliz Navidad y un venturoso A\u00f1o Nuevo, junto a sus seres m\u00e1s queridos<\/p><\/div>\n<p>Es novedoso presenciar el accionar de muchachas j\u00f3venes en los partidos de indoor soccer. En el torneos de Sa\u00fal Varela, juegan dos agraciadas ni\u00f1as, Sonia O\u2019Neil del \u201cDeportivo Cuenca\u201d y Cazandra Aparicio del \u201cChinemeca F.C.\u201d ambos equipos de la categor\u00eda juvenil 95-96. Adem\u00e1s que ambas son buenas jugadoras.<\/p>\n<p>Am\u00e9rica de Cali, 13 veces campe\u00f3n del f\u00fatbol profesional colombiano, y cuatro veces finalista de la Copa Libertadores de Am\u00e9rica, descendi\u00f3 por primera vez en su historia a la segunda divisi\u00f3n del f\u00fatbol colombiano, tras caer en los lanzamientos desde el punto penalti por 3-4 frente al Patriotas de Tunja. Con este resultado el subcampe\u00f3n de la segunda divisi\u00f3n, Patriotas de Tunja ser\u00e1 el pr\u00f3ximo hu\u00e9sped de la categor\u00eda A del f\u00fatbol profesional colombiano, tras empatar por 1-1 en el partido de vuelta de la llamada promoci\u00f3n, que enfrenta al pen\u00faltimo de la primera categor\u00eda y al subcampe\u00f3n de la segunda. El partido de ida en Tunja hab\u00eda terminado tambi\u00e9n empatado por 1-1. En el tr\u00e1mite del compromiso que se disput\u00f3 en el estadio Pascual Guerrero de Cali, Am\u00e9rica se hab\u00eda ido en ventaja en el minuto 49 tras un gol del veterano jugador Jairo Castillo, pero Patriotas igual\u00f3 el marcador en el 64, resultado que oblig\u00f3 a los lanzamientos desde el punto penalti. De esta manera el Patriotas de Boyac\u00e1, que lleva ocho a\u00f1os de historia en la segunda divisi\u00f3n, y que no pudo ser campe\u00f3n tras haber perdido con el Deportivo Pasto, se gan\u00f3 el premio de ascender a la primera categor\u00eda de la mano del t\u00e9cnico Miguel Augusto Prince.<\/p>\n<div id=\"attachment_22472\" style=\"width: 213px\" class=\"wp-caption alignleft\"><a href=\"https:\/\/diarioelpopular.com\/wp-content\/uploads\/2011\/12\/FOTO-6-Frank-Moscoso-papa-Marcos-hijo-Michael-U-Nations.jpg\"><img loading=\"lazy\" decoding=\"async\" aria-describedby=\"caption-attachment-22472\" class=\"size-medium wp-image-22472  \" title=\"Frank Moscoso papa Marcos hijo Michael U Nations\" src=\"https:\/\/diarioelpopular.com\/wp-content\/uploads\/2011\/12\/FOTO-6-Frank-Moscoso-papa-Marcos-hijo-Michael-U-Nations-226x300.jpg\" alt=\"\" width=\"203\" height=\"270\" \/><\/a><p id=\"caption-attachment-22472\" class=\"wp-caption-text\">La tradici\u00f3n deportiva se lleva en la sangre, como lo demuestra la familia Moscoso, que participan activamente en el equipo \u201cUnited Nations\u201d. De izq. a dcha., Papa Frank, el hijo Michael y el orgulloso abuelo Marcos<\/p><\/div>\n<div id=\"attachment_22473\" style=\"width: 180px\" class=\"wp-caption alignright\"><a href=\"https:\/\/diarioelpopular.com\/wp-content\/uploads\/2011\/12\/FOTO-7-Lourdes-Magana-hijo-Samuel-Chinameca.jpg\"><img loading=\"lazy\" decoding=\"async\" aria-describedby=\"caption-attachment-22473\" class=\"size-medium wp-image-22473 \" title=\"Lourdes Magana - hijo Samuel Chinameca\" src=\"https:\/\/diarioelpopular.com\/wp-content\/uploads\/2011\/12\/FOTO-7-Lourdes-Magana-hijo-Samuel-Chinameca-189x300.jpg\" alt=\"\" width=\"170\" height=\"270\" \/><\/a><p id=\"caption-attachment-22473\" class=\"wp-caption-text\">\u201cLa Reina y el Pr\u00edncipe\u201d: El jugador del \u201cChinameca\u201d 95-96 Samuel Maga\u00f1a y su madre, Lourdes, quien lo acompa\u00f1a en cada partido. Una enormidad de felicidades<\/p><\/div>\n<p>Esperamos que este receso sea un descanso beneficioso para los jugadores, esperamos que el esp\u00edritu navide\u00f1o entre en sus esp\u00edritus, esperamos que las energ\u00edas sean bien dosificadas dentro de los partidos, esperamos que los jugadores temperamentales lleven a sus familias a los gimnasios para que vean que tienen buen comportamiento dentro de la cancha\u2026 y fuera de ella&#8230;<\/p>\n<p>Esperamos que los que se quedan conversando una \u201cheladita\u201d en los parquin, antes de ir a casa, no se enfermen de cistitis, esperamos que los problemas extra futbol\u00edsticos no se lleven a las canchas.<\/p>\n<p>Esperamos no tener que seguir esperando un buen comportamiento de los jugadores el pr\u00f3ximo a\u00f1o.<\/p>\n<div id=\"attachment_22475\" style=\"width: 169px\" class=\"wp-caption alignright\"><a href=\"https:\/\/diarioelpopular.com\/wp-content\/uploads\/2011\/12\/FOTO-8-FRANCESCO-TOTTI.jpg\"><img loading=\"lazy\" decoding=\"async\" aria-describedby=\"caption-attachment-22475\" class=\"size-medium wp-image-22475 \" title=\"FRANCESCO TOTTI\" src=\"https:\/\/diarioelpopular.com\/wp-content\/uploads\/2011\/12\/FOTO-8-FRANCESCO-TOTTI-199x300.jpg\" alt=\"\" width=\"159\" height=\"240\" \/><\/a><p id=\"caption-attachment-22475\" class=\"wp-caption-text\">Francesco Totti: \u201cNo me muevo de la Roma, aunque lo pens\u00e9, pero no me voy\u201d<\/p><\/div>\n<p>Francesco Totti afirm\u00f3 que no se ir\u00e1 de la Roma, aunque reconoci\u00f3 que pens\u00f3 en esa posibilidad. El capit\u00e1n del club italiano dijo que pens\u00f3 en irse del club por las cr\u00edticas de los fan\u00e1ticos. Pero ahora se\u00f1al\u00f3 que &#8220;los fan\u00e1ticos de la Roma me insultaron, pero me malinterpretaron. Me quedo aqu\u00ed&#8221;. El delantero fall\u00f3 un penal el lunes en el empate 1-1 contra la Juventus y despu\u00e9s fue blanco de las cr\u00edticas de los hinchas romanos, ya que de haber anotado, el equipo hubiera derrotado a la &#8220;Vecchia Signora&#8221;. El ariete de 35 a\u00f1os ha jugado toda su carrera con la Roma.<\/p>\n<div id=\"attachment_22502\" style=\"width: 169px\" class=\"wp-caption alignleft\"><a href=\"https:\/\/diarioelpopular.com\/wp-content\/uploads\/2011\/12\/FOTO-11-DAVID-VILLA.jpg\"><img loading=\"lazy\" decoding=\"async\" aria-describedby=\"caption-attachment-22502\" class=\"size-medium wp-image-22502 \" title=\"DAVID VILLA\" src=\"https:\/\/diarioelpopular.com\/wp-content\/uploads\/2011\/12\/FOTO-11-DAVID-VILLA-199x300.jpg\" alt=\"\" width=\"159\" height=\"240\" \/><\/a><p id=\"caption-attachment-22502\" class=\"wp-caption-text\">La grave lesi\u00f3n que sufri\u00f3 el jugador del \u201cBarcelona F.C.\u201d lo tendr\u00e1 por varios meses alejado de las canchas<\/p><\/div>\n<p>El entrenador del FC Barcelona, Josep Guardiola, asegur\u00f3 que la fractura de tibia que se produjo David Villa deja al vestuario &#8220;muy tocado&#8221; y confirm\u00f3 que no podr\u00e1 contar con el delantero &#8220;durante mucho tiempo&#8221;. Se inform\u00f3 que tras la fractura de tibia que se produjo durante del partido, Villa tuvo que ser trasladado a un hospital y tras ser operado volver\u00e1 a Barcelona. &#8220;David ha hecho mucho esfuerzo desde mucho tiempo y ha aguantado&#8221;, dijo Guardiola, que asegur\u00f3 que este tipo de p\u00e9rdidas &#8220;te dejan mal cuerpo, sin alegr\u00edas, ni nada&#8221; y que el vestuario &#8220;est\u00e1 mal&#8221; porque es &#8220;una persona muy querida&#8221;. El delantero asturiano, que ya ten\u00eda una fisura por estr\u00e9s en la tibia, volvi\u00f3 solo a Barcelona.<\/p>\n<p>Con nombres como los de David Beckham, Thierry Henry y Rafael M\u00e1rquez, el futbol de Estados Unidos se visti\u00f3 de largo en su campeonato local durante el 2011, pero en lo internacional la contrataci\u00f3n de un t\u00e9cnico de lujo como Jurgen Klinsmann sigue sin dar resultados. La Major Leage Soccer (MLS) culmin\u00f3 con \u00e9xito una de las temporadas m\u00e1s re\u00f1idas y medi\u00e1ticas de los \u00faltimos a\u00f1os, en la que tambi\u00e9n brill\u00f3 el talento latinoamericano con los colombianos Jamison Olave y Faryd Mondrag\u00f3n, el mexicano Omar Bravo, el argentino Javier Morales, el hondure\u00f1o Carlo Costly, el costarricense Alvaro Sabor\u00edo y los brasile\u00f1os Juninho, Leonardo y Maicon. La MLS se ha convertido en un importante puente para los futbolistas latinos que quieren dar el salto a las ligas europeas y de M\u00e9xico. Este a\u00f1o, 96 jugadores de esa regi\u00f3n empezaron la campa\u00f1a y la terminaron casi 120, con la llegada a mediados del torneo de nuevas contrataciones.<\/p>\n<div id=\"attachment_22505\" style=\"width: 650px\" class=\"wp-caption aligncenter\"><a href=\"https:\/\/diarioelpopular.com\/wp-content\/uploads\/2011\/12\/montaje.jpg\"><img loading=\"lazy\" decoding=\"async\" aria-describedby=\"caption-attachment-22505\" class=\"size-large wp-image-22505\" title=\"montaje\" src=\"https:\/\/diarioelpopular.com\/wp-content\/uploads\/2011\/12\/montaje-1024x411.jpg\" alt=\"\" width=\"640\" height=\"256\" \/><\/a><p id=\"caption-attachment-22505\" class=\"wp-caption-text\">1: Alejandro Magno, jugador del \u201cHacha y Tiza\u201d con su hijo Jessy, quien lo acompa\u00f1a en sus presentaciones deportivas. Por intermedio de Alejandro, saludamos a toda la familia Magno, esperando un a\u00f1o nuevo venturoso en lo deportivo y familiar. Feliz Navidad. 2: Saludamos a los r\u00e9feris de los torneos locales, en la foto de los \u00e1rbitros Antonio Humana y Jaime Suarez. Los colegiados son parte importante para el buen desarrollo de los torneos, de su criterio depende la realizaci\u00f3n de un buen partido. Felicidades a los r\u00e9feris hispanos de Toronto. 3 y 4: Los j\u00f3venes jugadores del \u201cChinameca F.C.\u201d de la categor\u00eda 95-96, Diego Montalvo con su hijo Diego Jr. y Napole\u00f3n Cruz, con su reto\u00f1o Javier. Para ambas familias una Feliz Navidad y un A\u00f1o Nuevo lleno de dichas<\/p><\/div>\n<div id=\"attachment_22509\" style=\"width: 160px\" class=\"wp-caption alignright\"><a href=\"https:\/\/diarioelpopular.com\/wp-content\/uploads\/2011\/12\/FOTO-14-BOLILLO-GOMEZ.jpg\"><img loading=\"lazy\" decoding=\"async\" aria-describedby=\"caption-attachment-22509\" class=\"size-thumbnail wp-image-22509\" title=\"BOLILLO GOMEZ\" src=\"https:\/\/diarioelpopular.com\/wp-content\/uploads\/2011\/12\/FOTO-14-BOLILLO-GOMEZ-150x150.jpg\" alt=\"\" width=\"150\" height=\"150\" \/><\/a><p id=\"caption-attachment-22509\" class=\"wp-caption-text\">El director t\u00e9cnico Dar\u00edo \u201cEl Bolillo\u201d G\u00f3mez, dicen que se anda \u201ccarteleando\u201d para volver a la Selecci\u00f3n Colombiana<\/p><\/div>\n<p>El presidente de la Federaci\u00f3n de F\u00fatbol de Colombia reiter\u00f3, luego de apariciones en medios del DT Hern\u00e1n Dar\u00edo &#8216;Bolillo&#8217; G\u00f3mez, no ser\u00e1 llamado otra vez para dirigir a la Selecci\u00f3n Colombia.\u00a0\u00a0Result\u00f3, por lo menos, una coincidencia que apenas pasadas 48 horas del despido de Leonel \u00c1lvarez como seleccionador nacional de f\u00fatbol, su antecesor en el cargo, Hern\u00e1n Dar\u00edo &#8216;Bolillo&#8217; G\u00f3mez, decidiera reaparecer en p\u00fablico con entrevistas en los canales de Tv., para contar, de manera dram\u00e1tica y entre l\u00e1grimas, su situaci\u00f3n personal y familiar luego de verse obligado a dejar la direcci\u00f3n t\u00e9cnica de la Selecci\u00f3n. Cabe recordar que G\u00f3mez se vio forzado a renunciar por haber golpeado a una mujer en un bar de Bogot\u00e1, el pasado agosto, en una noche de m\u00fasica y alcohol. Las entrevistas, hechas por periodistas mujeres y justo cuando Colombia se encuentra sin entrenador tras tres fechas disputadas de la eliminatoria suramericana del Mundial del 2014, fueron interpretadas por analistas de medios y personas en las redes sociales como una estrategia para allanar el camino de regreso del entrenador a la direcci\u00f3n t\u00e9cnica de la Selecci\u00f3n.\u00a0 Sin embargo, luego de las intervenciones televisivas de G\u00f3mez, el presidente de la Federaci\u00f3n Colombiana de F\u00fatbol (Colf\u00fatbol), dijo que el t\u00e9cnico antioque\u00f1o no regresar\u00e1 al banquillo nacional. Y quiso ser a\u00fan mucho m\u00e1s espec\u00edfico y puntual: &#8220;El tema del &#8216;Profesor&#8217; G\u00f3mez est\u00e1 cerrado para el Comit\u00e9&#8221;.<\/p>\n<div id=\"attachment_22513\" style=\"width: 160px\" class=\"wp-caption alignleft\"><a href=\"https:\/\/diarioelpopular.com\/wp-content\/uploads\/2011\/12\/FOTO-16-RAUL-GONZALEZ.jpg\"><img loading=\"lazy\" decoding=\"async\" aria-describedby=\"caption-attachment-22513\" class=\"size-thumbnail wp-image-22513 \" title=\"RAUL GONZALEZ\" src=\"https:\/\/diarioelpopular.com\/wp-content\/uploads\/2011\/12\/FOTO-16-RAUL-GONZALEZ-150x150.jpg\" alt=\"\" width=\"150\" height=\"150\" \/><\/a><p id=\"caption-attachment-22513\" class=\"wp-caption-text\">Ra\u00fal Gonz\u00e1lez<\/p><\/div>\n<p>Por si alguno todav\u00eda no lo sab\u00eda, Ra\u00fal Gonz\u00e1lez volvi\u00f3 a recordarle al mundo que sigue siendo futbolista. El 7 hizo tres de los cinco tantos del Schalke contra el Werder Bremen y grit\u00f3 su nombre con m\u00e1s fuerza que nunca, justo en el momento en el que se habla de qui\u00e9n debe ser el sustituto del lessionado David Villa en la selecci\u00f3n espa\u00f1ola. Si existe ese debate, que existe, olvidarse de Ra\u00fal ser\u00eda injusto. El exjugador del Real Madrid sigue siendo espa\u00f1ol, futbolista y goleador. \u00bfY por qu\u00e9 no? \u00bfY por qu\u00e9 s\u00ed? El tema no tendr\u00eda que ser tab\u00fa. Se deber\u00eda hablar con normalidad de su posible presencia en la pr\u00f3xima lista de Vicente Del Bosque, como se habla de la de Soldado, Negredo o Adri\u00e1n. Los datos le dan la raz\u00f3n a Ra\u00fal, segundo m\u00e1ximo goleador espa\u00f1ol de lo que llevamos de temporada, s\u00f3lo superado por Soldado. Lo cierto es que el exmadridista se siente m\u00e1s c\u00f3modo cuanto m\u00e1s alto es el reto. Ante el potente Werder Bremen y con el Schalke obligado a ganar para seguir enganchado a la punta, el espa\u00f1ol se carg\u00f3 el equipo al hombro y marc\u00f3 los primeros tres tantos en la goleada por 5-0.<\/p>\n<div id=\"attachment_22528\" style=\"width: 650px\" class=\"wp-caption aligncenter\"><a href=\"https:\/\/diarioelpopular.com\/wp-content\/uploads\/2011\/12\/montaje-2.jpg\"><img loading=\"lazy\" decoding=\"async\" aria-describedby=\"caption-attachment-22528\" class=\"size-large wp-image-22528\" title=\"montaje 2\" src=\"https:\/\/diarioelpopular.com\/wp-content\/uploads\/2011\/12\/montaje-2-1024x510.jpg\" alt=\"\" width=\"640\" height=\"318\" \/><\/a><p id=\"caption-attachment-22528\" class=\"wp-caption-text\">1: El integrante del equipo \u201cFinch West United\u201d Andr\u00e9s Santib\u00e1\u00f1ez, acompa\u00f1ado por su peque\u00f1o Giovanni, una foto que retrata por completo el cari\u00f1o y el esp\u00edritu navide\u00f1o de los padres que van con sus hijos a los gimnasios. Feliz A\u00f1o 2012 para su familia. 2: Roberto Guti\u00e9rrez, junto a su hijo Kevin, jugador del \u201cChinameca F.C.\u201d en la categor\u00eda 95-96. La familia Guti\u00e9rrez apoya incondicionalmente a este prometedor deportista, para todos ellos una Feliz Navidad y un Prospero A\u00f1o Nuevo. 3: Orgullosos de los logros deportivos de su hijo Mathew, en el equipo del \u201cDeportivo Cuenca\u201d est\u00e1 el dirigente deportivo Henry Caguana, para ellos y su familia, los mejores deseos de felicidad en esta Navidad y un nuevo a\u00f1o venturoso<\/p><\/div>\n<p>El Comit\u00e9 ejecutivo de la FIFA comunico que el pr\u00f3ximo Mundial de clubes se disputar\u00e1 en Jap\u00f3n y que las dos siguientes ediciones (2013 y 2014) se jugar\u00e1n en Marruecos. Josept Blatter manifest\u00f3 &#8220;Estoy muy contento de estar aqu\u00ed al cabo de lo que ha sido un a\u00f1o lleno de desaf\u00edos, particularmente aqu\u00ed en Jap\u00f3n. Para la FIFA era vital mostrar nuestra fe y confianza en Jap\u00f3n tras la triple cat\u00e1strofe del terremoto, el maremoto y luego la radiaci\u00f3n. El impacto de estos desastres se sigue sintiendo todav\u00eda hoy, por supuesto, pero para nosotros fue importante reaccionar pocas semanas despu\u00e9s de la cat\u00e1strofe y decir que s\u00ed, que definitivamente vendr\u00edamos aqu\u00ed a celebrar la Copa Mundial de Clubes de la FIFA&#8221;, a\u00f1adi\u00f3 Blatter. Sobre los futuros Mundiales de Clubes, reconoci\u00f3: &#8220;El torneo volver\u00e1 a jugarse en Jap\u00f3n el a\u00f1o que viene, aunque estamos insistiendo a los organizadores en que utilicen uno de los estadios reconstruidos tras el desastre de marzo. El estadio de Sendai, por ejemplo, ha sido restaurado, y nos gustar\u00eda que alg\u00fan partido se jugara all\u00ed. En cuanto a las ediciones de 2013 y 2014, hemos tomado la decisi\u00f3n de organizarlas en Marruecos. La Real Federaci\u00f3n Marroqu\u00ed de F\u00fatbol nos ha propuesto un plan y espero que el torneo sea excelente en todos los sentidos: log\u00edstico, cultural y econ\u00f3mico&#8221;.<\/p>\n<div id=\"attachment_22524\" style=\"width: 208px\" class=\"wp-caption alignright\"><a href=\"https:\/\/diarioelpopular.com\/wp-content\/uploads\/2011\/12\/FOTO-18-CUAUTHEMOC-BLANCO.jpg\"><img loading=\"lazy\" decoding=\"async\" aria-describedby=\"caption-attachment-22524\" class=\"size-medium wp-image-22524  \" title=\"CUAUTHEMOC BLANCO\" src=\"https:\/\/diarioelpopular.com\/wp-content\/uploads\/2011\/12\/FOTO-18-CUAUTHEMOC-BLANCO-275x300.jpg\" alt=\"\" width=\"198\" height=\"216\" \/><\/a><p id=\"caption-attachment-22524\" class=\"wp-caption-text\">Cuauthemoc Blanco quiere volver a jugar en la primera divisi\u00f3n en su \u00faltima temporada como futbolista, para integrarse como director t\u00e9cnico en el futbol mexicano<\/p><\/div>\n<p>El delantero mexicano Cuauht\u00e9moc Blanco, tres veces mundialista, consider\u00f3 seguir en activo uno o dos torneos m\u00e1s, entre seis meses y un a\u00f1o, aunque todav\u00eda no sabe con cu\u00e1l equipo jugar\u00e1 en 2012, para despu\u00e9s retirarse y posteriormente ser director t\u00e9cnico. &#8220;No s\u00e9 a\u00fan a donde voy. Estamos en pl\u00e1ticas, pero no tengo nada todav\u00eda, no s\u00e9 qu\u00e9 pasar\u00e1. Solo me queda esperar al equipo donde ir\u00e9, si voy seis meses o un a\u00f1o. A donde sea que llegue ir\u00e9 para retirarme y luego me dedicar\u00e9 a ser t\u00e9cnico&#8221;, declar\u00f3 Blanco en su programa de radio que se transmite en Estados Unidos. La intenci\u00f3n de Blanco, de 38 a\u00f1os y quien desde el 2009 ha jugado en la Liga de Ascenso, segunda categor\u00eda, en M\u00e9xico coment\u00f3 que en el 2012 le gustar\u00eda en alg\u00fan equipo de la Primera Divisi\u00f3n ya que tiene ganas de mostrar que todav\u00eda tiene calidad y f\u00fatbol para competir.<\/p>\n<div id=\"attachment_22526\" style=\"width: 160px\" class=\"wp-caption alignleft\"><a href=\"https:\/\/diarioelpopular.com\/wp-content\/uploads\/2011\/12\/FOTO-20-MAURICY-RAMALHO.jpg\"><img loading=\"lazy\" decoding=\"async\" aria-describedby=\"caption-attachment-22526\" class=\"size-thumbnail wp-image-22526\" title=\"MAURICY RAMALHO\" src=\"https:\/\/diarioelpopular.com\/wp-content\/uploads\/2011\/12\/FOTO-20-MAURICY-RAMALHO-150x150.jpg\" alt=\"\" width=\"150\" height=\"150\" \/><\/a><p id=\"caption-attachment-22526\" class=\"wp-caption-text\">Mauricy Ramalho, director t\u00e9cnico del \u201cSantos\u201d de Brasil, reconoci\u00f3 la superioridad del \u201cBarcelona F.C.\u201d en la final del Mundial de Clubes<\/p><\/div>\n<p>Mauricy Ramalho, t\u00e9cnico del Santos, habl\u00f3 luego de la dolorosa derrota que le propino el \u201cBarcelona F.C.\u201d y destac\u00f3 la superioridad del cuadro cul\u00e9, al tiempo de manifestar que el joven delantero brasile\u00f1o Neymar sigue con su formaci\u00f3n, mientras que Messi ya es un futbolista consagrado. &#8220;La diferencia est\u00e1 en la calidad de los jugadores. Y los jugadores del Barcelona tienen mayor calidad como se ha podido ver &#8220;, coment\u00f3 el t\u00e9cnico, quien dijo que su objetivo ser\u00e1 regresar el pr\u00f3ximo a\u00f1o a Jap\u00f3n para disputar el torneo. Agreg\u00f3 que &#8220;Messi es sin duda el mejor, ha quedado claro con lo que hemos visto esta noche en el campo. Neymar est\u00e1 aprendiendo, pero Messi es el jugador n\u00famero uno. Mi jugador est\u00e1 prepar\u00e1ndose, pero lo de ser el mejor ser\u00eda una cosa del futuro, no de ahora&#8221;, concluy\u00f3.<\/p>\n<p>Nos vemos la pr\u00f3xima semana en las notas del futbol hispano. Feliz Navidad.<\/p>\n","protected":false},"excerpt":{"rendered":"<p>Se jug\u00f3 la ultima fecha de los torneos de indoor soccer de nuestra comunidad hispana. La cita para la reanudaci\u00f3n de los partidos es el&hellip;<\/p>\n","protected":false},"author":1,"featured_media":22513,"comment_status":"closed","ping_status":"open","sticky":false,"template":"","format":"standard","meta":{"footnotes":""},"categories":[28],"tags":[179,657],"class_list":["post-22462","post","type-post","status-publish","format-standard","has-post-thumbnail","hentry","category-deportes","tag-futbol-2","tag-futbol-hispano"],"_links":{"self":[{"href":"https:\/\/diarioelpopular.com\/index.php\/wp-json\/wp\/v2\/posts\/22462","targetHints":{"allow":["GET"]}}],"collection":[{"href":"https:\/\/diarioelpopular.com\/index.php\/wp-json\/wp\/v2\/posts"}],"about":[{"href":"https:\/\/diarioelpopular.com\/index.php\/wp-json\/wp\/v2\/types\/post"}],"author":[{"embeddable":true,"href":"https:\/\/diarioelpopular.com\/index.php\/wp-json\/wp\/v2\/users\/1"}],"replies":[{"embeddable":true,"href":"https:\/\/diarioelpopular.com\/index.php\/wp-json\/wp\/v2\/comments?post=22462"}],"version-history":[{"count":0,"href":"https:\/\/diarioelpopular.com\/index.php\/wp-json\/wp\/v2\/posts\/22462\/revisions"}],"wp:featuredmedia":[{"embeddable":true,"href":"https:\/\/diarioelpopular.com\/index.php\/wp-json\/"}],"wp:attachment":[{"href":"https:\/\/diarioelpopular.com\/index.php\/wp-json\/wp\/v2\/media?parent=22462"}],"wp:term":[{"taxonomy":"category","embeddable":true,"href":"https:\/\/diarioelpopular.com\/index.php\/wp-json\/wp\/v2\/categories?post=22462"},{"taxonomy":"post_tag","embeddable":true,"href":"https:\/\/diarioelpopular.com\/index.php\/wp-json\/wp\/v2\/tags?post=22462"}],"curies":[{"name":"wp","href":"https:\/\/api.w.org\/{rel}","templated":true}]}}