{"id":22776,"date":"2011-12-22T21:26:00","date_gmt":"2011-12-23T02:26:00","guid":{"rendered":"http:\/\/diarioelpopular.com\/?p=22776"},"modified":"2011-12-22T21:26:00","modified_gmt":"2011-12-23T02:26:00","slug":"manzano-destituido-como-entrenador-del-atletico-de-madrid","status":"publish","type":"post","link":"https:\/\/diarioelpopular.com\/index.php\/2011\/12\/22\/manzano-destituido-como-entrenador-del-atletico-de-madrid\/","title":{"rendered":"Manzano, destituido como entrenador del Atl\u00e9tico de Madrid"},"content":{"rendered":"<div id=\"attachment_22777\" style=\"width: 710px\" class=\"wp-caption aligncenter\"><a href=\"https:\/\/diarioelpopular.com\/wp-content\/uploads\/2011\/12\/Gregorio-Manzano.jpg\"><img loading=\"lazy\" decoding=\"async\" aria-describedby=\"caption-attachment-22777\" class=\"size-full wp-image-22777\" title=\"Gregorio Manzano\" src=\"https:\/\/diarioelpopular.com\/wp-content\/uploads\/2011\/12\/Gregorio-Manzano.jpg\" alt=\"\" width=\"700\" height=\"420\" \/><\/a><p id=\"caption-attachment-22777\" class=\"wp-caption-text\">Gregorio Manzano. Foto: Efe<\/p><\/div>\n<p><em><strong>I\u00f1aki Dufour. Madrid.-<\/strong><\/em> Los decepcionantes n\u00fameros en la Liga espa\u00f1ola, con s\u00f3lo 19 de 48 puntos, y la eliminaci\u00f3n en la Copa del Rey anticiparon el final de la segunda etapa de Gregorio\u00a0Manzano\u00a0en el banquillo del Atl\u00e9tico de\u00a0Madrid, otra aventura fallida como rojiblanco tras su paso en 2003-04 y agotada desde hace diez d\u00edas.<\/p>\n<p>Desde la derrota contra el Espanyol por 4-2, una demostraci\u00f3n m\u00e1s de la debilidad como visitante este curso del conjunto madrile\u00f1o, que s\u00f3lo ha sido capaz de lograr uno de los 21 puntos a domicilio, qued\u00f3 contra las cuerdas. Le confirmaron para los siguientes tres partidos, hasta este mi\u00e9rcoles ante el Albacete, pero ya estaba sentenciado.<\/p>\n<p>Manzano\u00a0se despide del Atl\u00e9tico despu\u00e9s de 28 partidos oficiales, con trece victorias, cinco empates, diez derrotas, 45 goles a favor y 35 en contra; en la d\u00e9cima posici\u00f3n en la clasificaci\u00f3n de Liga, a diez puntos del cuarto puesto, eliminado de la Copa del Rey por el Albacete, de Segunda B, y con el billete para dieciseisavos de la Liga Europa.<\/p>\n<p>Su d\u00e9ficit, adem\u00e1s de la Copa, ha aparecido en la Liga. Ah\u00ed, el equipo s\u00f3lo ha sumado 19 de los 48 puntos en diecis\u00e9is encuentros, no ha pasado de la octava plaza de la tabla en cuatro meses de competici\u00f3n y ha sufrido una trayectoria infame como visitante, uno de 21 puntos, en contraste con su buena marcha en el Calder\u00f3n.<\/p>\n<p>Si en su estadio estaba invicto hasta el pasado domingo, cuando cedi\u00f3 por 0-2 con el Betis, despu\u00e9s de haber ganado a Sporting de Gij\u00f3n (4-0), Racing de Santander (4-0), Zaragoza (3-1), Levante (3-2) y Rayo Vallecano (3-1) y haber empatado con Sevilla (0-0), Osasuna (0-0) y Mallorca (1-1), a domicilio s\u00f3lo logr\u00f3 un empate.<\/p>\n<p>Lo consigui\u00f3 en Granada (0-0). El resto de sus encuentros fuera de casa, seis, se resolvieron con derrota: 1-0 con el Valencia, 5-0 con el Barcelona, 3-0 con el Athletic, 3-2 con el Getafe, en un duelo en el que desaprovech\u00f3 un 0-1 a favor en superioridad num\u00e9rica, 4-1 con el Real\u00a0Madrid\u00a0y 4-2 con el Espanyol.<\/p>\n<p>Tambi\u00e9n est\u00e1 eliminado de la Copa del Rey, con dos derrotas humillantes con el Albacete, de Segunda Divisi\u00f3n B, que se impuso en la ida por 2-1 y que este mi\u00e9rcoles se clasific\u00f3 para octavos de final con una victoria por 0-1 en el estadio Vicente Calder\u00f3n.<\/p>\n<p>El \u00fanico consuelo es la Liga Europa, en la que ha pasado la fase de grupos como campe\u00f3n de grupo, con cuatro victorias, un empate y una derrota, y se cruzar\u00e1 en la siguiente ronda con el Lazio italiano.<\/p>\n<p>Hoy fue despedido oficialmente del Atl\u00e9tico, al que lleg\u00f3 el pasado verano con ganas de revancha, sin ser el primer candidato para el banquillo y como una elecci\u00f3n cuestionada por un sector de la afici\u00f3n, que rode\u00f3 de ruido su designaci\u00f3n como t\u00e9cnico del equipo para un proyecto con un gran objetivo: la Liga de Campeones.<\/p>\n<p>&#8220;Conf\u00eden en m\u00ed, no les voy a defraudar&#8221;, proclam\u00f3 el entrenador el 10 de junio en su presentaci\u00f3n en la sala Vip del estadio Vicente Calder\u00f3n. No contaba con el apoyo un\u00e1nime, ni siquiera mayoritario, de la grada y asum\u00eda un reto dif\u00edcil en una nueva era en el club, ya sin el argentino Sergio &#8216;Kun&#8217; Ag\u00fcero y el uruguayo Diego Forl\u00e1n.<\/p>\n<p>Cumpli\u00f3 el Atl\u00e9tico en la previa de la Liga Europa, con triunfos incontestables frente al Stromsgodset noruego y el Vitoria Guimaraes portugu\u00e9s, el club elev\u00f3 el nivel de la plantilla con el brasile\u00f1o Diego Ribas, el turco Arda Turan y el colombiano Radamel Falcao y el equipo arranc\u00f3 el campeonato con sensaciones muy prometedoras.<\/p>\n<p>Al 0-0 en casa con Osasuna, a\u00fan con el conjunto incompleto -no pudieron jugar Falcao y Diego-, y la derrota con el Valencia (1-0), en ambos duelos con m\u00e9ritos para haber logrado algo m\u00e1s, le siguieron dos sobresalientes 4-0 al Sporting de Gij\u00f3n y el Racing de Santander y una lluvia de elogios para el f\u00fatbol de su equipo.<\/p>\n<p>Hasta ah\u00ed lleg\u00f3 el buen momento del Atl\u00e9tico. Una goleada en contra en el Camp Nou con el Barcelona (5-0), las continuas rotaciones en el once y la alternancia entre actuaciones m\u00e1s o menos convincentes en casa con partidos menores como visitante, incluidas derrotas humillantes en Getafe (3-2), con 0-1 y un hombre m\u00e1s a la media hora, o frente el Espanyol (4-2), con tres tantos locales en los primeros 19 minutos, dejaron al equipo inmerso en una crisis permanente, sin s\u00edntomas de reacci\u00f3n y con gritos de la grada contra\u00a0Manzano, ya habituales en los \u00faltimos encuentros.<\/p>\n<p>Y de fondo, en la \u00faltima decena de partidos, el &#8216;caso Reyes&#8217;, surgido despu\u00e9s de que el extremo andaluz insultara al t\u00e9cnico cuando fue sustituido en el duelo ante el Athletic en San Mam\u00e9s (3-0), el pasado 26 de octubre. Desde entonces, el futbolista s\u00f3lo ha disputado un partido como titular y su futuro apunta al Sevilla.<\/p>\n<p>La derrota del pasado domingo con el Betis ya fue la sentencia definitiva para\u00a0Manzano\u00a0en su segundo paso por el Atl\u00e9tico. En el primero, en 2003-04, termin\u00f3 la temporada en la s\u00e9ptima posici\u00f3n, fuera de la meta marcada; en el segundo, este curso, los resultados le han apartado del banquillo sin cumplir las expectativas.<\/p>\n","protected":false},"excerpt":{"rendered":"<p>Los decepcionantes n\u00fameros en la Liga espa\u00f1ola, con s\u00f3lo 19 de 48 puntos, y la eliminaci\u00f3n en la Copa del Rey anticiparon el final de la segunda etapa de Gregorio Manzano en el banquillo del Atl\u00e9tico de Madrid, otra aventura fallida como rojiblanco tras su paso en 2003-04 y agotada desde hace diez d\u00edas.<\/p>\n","protected":false},"author":1,"featured_media":22777,"comment_status":"closed","ping_status":"open","sticky":false,"template":"","format":"standard","meta":{"footnotes":""},"categories":[28],"tags":[6979,179,9356],"class_list":["post-22776","post","type-post","status-publish","format-standard","has-post-thumbnail","hentry","category-deportes","tag-atletico-de-madrid","tag-futbol-2","tag-gregorio-manzano"],"_links":{"self":[{"href":"https:\/\/diarioelpopular.com\/index.php\/wp-json\/wp\/v2\/posts\/22776","targetHints":{"allow":["GET"]}}],"collection":[{"href":"https:\/\/diarioelpopular.com\/index.php\/wp-json\/wp\/v2\/posts"}],"about":[{"href":"https:\/\/diarioelpopular.com\/index.php\/wp-json\/wp\/v2\/types\/post"}],"author":[{"embeddable":true,"href":"https:\/\/diarioelpopular.com\/index.php\/wp-json\/wp\/v2\/users\/1"}],"replies":[{"embeddable":true,"href":"https:\/\/diarioelpopular.com\/index.php\/wp-json\/wp\/v2\/comments?post=22776"}],"version-history":[{"count":0,"href":"https:\/\/diarioelpopular.com\/index.php\/wp-json\/wp\/v2\/posts\/22776\/revisions"}],"wp:featuredmedia":[{"embeddable":true,"href":"https:\/\/diarioelpopular.com\/index.php\/wp-json\/"}],"wp:attachment":[{"href":"https:\/\/diarioelpopular.com\/index.php\/wp-json\/wp\/v2\/media?parent=22776"}],"wp:term":[{"taxonomy":"category","embeddable":true,"href":"https:\/\/diarioelpopular.com\/index.php\/wp-json\/wp\/v2\/categories?post=22776"},{"taxonomy":"post_tag","embeddable":true,"href":"https:\/\/diarioelpopular.com\/index.php\/wp-json\/wp\/v2\/tags?post=22776"}],"curies":[{"name":"wp","href":"https:\/\/api.w.org\/{rel}","templated":true}]}}