{"id":229283,"date":"2012-02-10T23:55:48","date_gmt":"2012-02-11T04:55:48","guid":{"rendered":"http:\/\/diarioelpopular.com\/?p=229283"},"modified":"2012-02-10T23:55:48","modified_gmt":"2012-02-11T04:55:48","slug":"atenas-aprueba-los-recortes-entre-huelgas-y-dimisiones","status":"publish","type":"post","link":"https:\/\/diarioelpopular.com\/index.php\/2012\/02\/10\/atenas-aprueba-los-recortes-entre-huelgas-y-dimisiones\/","title":{"rendered":"Atenas aprueba los recortes entre huelgas y dimisiones"},"content":{"rendered":"<div id=\"attachment_229284\" style=\"width: 710px\" class=\"wp-caption aligncenter\"><a href=\"https:\/\/diarioelpopular.com\/wp-content\/uploads\/2012\/02\/Protestas-en-Atenas.jpg\"><img loading=\"lazy\" decoding=\"async\" aria-describedby=\"caption-attachment-229284\" class=\"size-full wp-image-229284\" title=\"Protestas en Atenas\" src=\"https:\/\/diarioelpopular.com\/wp-content\/uploads\/2012\/02\/Protestas-en-Atenas.jpg\" alt=\"\" width=\"700\" height=\"420\" \/><\/a><p id=\"caption-attachment-229284\" class=\"wp-caption-text\">Manifestantes se enfrentan con polic\u00edas antidisturbios durante una protesta con motivo de la huelga general en Atenas, Grecia. Foto: Orestis Panagiotou \/ Efe<\/p><\/div>\n<div id=\"attachment_229285\" style=\"width: 310px\" class=\"wp-caption alignright\"><a href=\"https:\/\/diarioelpopular.com\/wp-content\/uploads\/2012\/02\/Protestas-en-Atenas-2.jpg\"><img loading=\"lazy\" decoding=\"async\" aria-describedby=\"caption-attachment-229285\" class=\"size-medium wp-image-229285\" title=\"Protestas en Atenas 2\" src=\"https:\/\/diarioelpopular.com\/wp-content\/uploads\/2012\/02\/Protestas-en-Atenas-2-300x217.jpg\" alt=\"\" width=\"300\" height=\"217\" \/><\/a><p id=\"caption-attachment-229285\" class=\"wp-caption-text\">Polic\u00edas antidisturbios arrestan a un manifestante durante una protesta con motivo de la huelga general en Atenas. Foto: Simela Pantzartzi \/ Efe<\/p><\/div>\n<p><em><strong>Andr\u00e9s Mourenza. Atenas.-<\/strong><\/em> El consejo de ministros de\u00a0Grecia\u00a0adopt\u00f3 este viernes cerca de la medianoche local el acuerdo pactado entre sus tres partidos sobre las exigencias de la &#8220;troika&#8221; para que el pa\u00eds reciba m\u00e1s ayuda exterior, tras un d\u00eda marcado por una nueva huelga general y un aluvi\u00f3n de dimisiones de miembros de la coalici\u00f3n.<\/p>\n<p>Seg\u00fan fuentes ministeriales, citadas por la prensa en Atenas, el paquete de medidas, que prev\u00e9 nuevos rebajas de salarios, m\u00e1s impuestos y recortes en el sistema sanitario, ser\u00e1 votado finalmente en el Parlamento el domingo pr\u00f3ximo.<\/p>\n<p>Desde el jueves por la tarde han presentado su renuncia un ministro, cinco viceministros, un diputado y un alto cargo del partido conservador Nueva Democracia (ND).<\/p>\n<p>Seg\u00fan la cadena estatal NET, al menos 25 diputados socialistas y una decena de parlamentarios conservadores han anunciado que votar\u00e1n en contra del acuerdo pactado.<\/p>\n<p>El ministro de Transporte, Makis Voridis, y los viceministros de Marina Mercante, Asterios Rontulis; Agricultura, Adonis Yeoryiadis, y Defensa, Yeoryios Yeoryiu, los cuatro del partido ultraderechista LAOS, adem\u00e1s de la viceministra de Exteriores, Marilisa Xaenoyannakopulu, del socialista PASOK, presentaron este viernes su dimisi\u00f3n.<\/p>\n<p>Este viernes por la ma\u00f1ana ya hab\u00eda presentado su dimisi\u00f3n el socialista Pavlos Stasinos, quien renunci\u00f3 a su esca\u00f1o en protesta por el acuerdo.<\/p>\n<div id=\"attachment_229287\" style=\"width: 310px\" class=\"wp-caption alignright\"><a href=\"https:\/\/diarioelpopular.com\/wp-content\/uploads\/2012\/02\/Protestas-en-Atenas-3.jpg\"><img loading=\"lazy\" decoding=\"async\" aria-describedby=\"caption-attachment-229287\" class=\"size-medium wp-image-229287\" title=\"Protestas en Atenas 3\" src=\"https:\/\/diarioelpopular.com\/wp-content\/uploads\/2012\/02\/Protestas-en-Atenas-3-300x241.jpg\" alt=\"\" width=\"300\" height=\"241\" \/><\/a><p id=\"caption-attachment-229287\" class=\"wp-caption-text\">Polic\u00edas antidisturbios, junto a dos manifestantes durante los enfrentamientos en Atenas. Foto: Alkis Konstantinidis \/ Efe<\/p><\/div>\n<p>El jueves, un viceministro de Trabajo, el socialista Yannis Kutsukos, dimiti\u00f3 por la misma causa, mientras que un dirigente de ND, Yannis Manolis, hizo lo propio al renunciar a sus cargos en el partido.<\/p>\n<p>Todos los medios griegos dan por seguro que, a partir de la votaci\u00f3n parlamentaria del acuerdo, el primer ministro, el independiente Luk\u00e1s Papadimos, deber\u00e1 remodelar su gobierno, que ya no contar\u00e1 con los miembros del ultraderechista LAOS.<\/p>\n<p>&#8220;Aquellos que no pueden soportar la presi\u00f3n&#8221;, dijo hoy al comenzar el consejo de ministros el primer ministro en referencia a los diputados que planean votar en contra del acuerdo, &#8220;no tienen lugar en el gobierno&#8221;.<\/p>\n<p>Los dos grandes partidos de la coalici\u00f3n, PASOK y ND, tambi\u00e9n est\u00e1n divididos sobre la respuesta parlamentaria que dar\u00e1n al acuerdo con la &#8220;troika&#8221;, cuyos pol\u00e9micos recortes de salarios y de pensiones no gustan a muchos de sus diputados.<\/p>\n<p>Adem\u00e1s, el l\u00edder de los conservadores, Antonis Samar\u00e1s, exige la convocatoria de elecciones lo antes posible, pues se considera primero en las encuestas, mientras que el PASOK, hundido en intenci\u00f3n de voto, prefiere alargar dos a\u00f1os el gobierno de unidad.<\/p>\n<p>PASOK, ND y LAOS suman juntos 252 diputados, pero los 16 de LAOS no votar\u00e1n a favor, como tampoco lo har\u00e1n al menos 25 del PASOK y una decena de ND, lo que de momento no pone en peligro, por ahora, la mayor\u00eda necesaria de 151 entre 300 diputados.<\/p>\n<p>Papadimos lanz\u00f3 este viernes importantes mensajes con el fin de mantener unido a su gobierno.<\/p>\n<p>&#8220;No podemos permitir la quiebra del pa\u00eds. El nuevo programa de rescate es necesario para el cumplimiento de los esfuerzos que empezaron hace dos a\u00f1os para restablecer la competitividad de la econom\u00eda griega y para sanear sus cuentas&#8221;, dijo.<\/p>\n<p>Record\u00f3 que el programa &#8220;es producto de una ardua negociaci\u00f3n&#8221; con la &#8220;troika&#8221;, compuesta por el Fondo Monetario Internacional, el Banco Central Europeo y la Comisi\u00f3n Europea, de un lado, y los propios partidos que forman el gobierno, de otra.<\/p>\n<p>&#8220;Eso refleja las condiciones extremadamente dif\u00edciles de la situaci\u00f3n en\u00a0Grecia&#8221;, asever\u00f3 el antiguo vicepresidente del BCE.<\/p>\n<p>&#8220;Con este programa,\u00a0Grecia\u00a0recibir\u00e1 un pr\u00e9stamo de 130.000 millones euros y le ser\u00e1n quitados unos 100.000 millones euros de la deuda. Gracias a los efectos de estos dos hechos combinados el pa\u00eds podr\u00e1 reanudar su desarrollo y los sacrificios de los que m\u00e1s sufren ser\u00e1n exonerados&#8221;, asegur\u00f3 el ahora primer ministro.<\/p>\n<p>Sin embargo, no todos en\u00a0Grecia\u00a0piensan lo mismo y hoy se llev\u00f3 a cabo la primera jornada de la huelga general de dos d\u00edas de duraci\u00f3n convocada por los sindicatos mayoritarios, GSEE y ADEDY, en protesta por las medidas exigidas por la &#8220;troika&#8221;.<\/p>\n<p>Estas medidas llevar\u00e1n al pa\u00eds &#8220;a la ruina&#8221;, pues se trata del &#8220;ataque m\u00e1s violento al sistema redistributivo de la riqueza&#8221;, denunci\u00f3 GSEE en un comunicado.<\/p>\n","protected":false},"excerpt":{"rendered":"<p>El consejo de ministros de Grecia adopt\u00f3 este viernes cerca de la medianoche local el acuerdo pactado entre sus tres partidos sobre las exigencias de la &#8220;troika&#8221; para que el pa\u00eds reciba m\u00e1s ayuda exterior, tras un d\u00eda marcado por una nueva huelga general y un aluvi\u00f3n de dimisiones de miembros de la coalici\u00f3n.<\/p>\n","protected":false},"author":1,"featured_media":229284,"comment_status":"open","ping_status":"open","sticky":false,"template":"","format":"standard","meta":{"footnotes":""},"categories":[24],"tags":[1641,565,1295,801,1592,1642,372],"class_list":["post-229283","post","type-post","status-publish","format-standard","has-post-thumbnail","hentry","category-mundo","tag-atenas","tag-crisis","tag-disturbios","tag-eurozona","tag-grecia","tag-huelha","tag-recortes"],"_links":{"self":[{"href":"https:\/\/diarioelpopular.com\/index.php\/wp-json\/wp\/v2\/posts\/229283","targetHints":{"allow":["GET"]}}],"collection":[{"href":"https:\/\/diarioelpopular.com\/index.php\/wp-json\/wp\/v2\/posts"}],"about":[{"href":"https:\/\/diarioelpopular.com\/index.php\/wp-json\/wp\/v2\/types\/post"}],"author":[{"embeddable":true,"href":"https:\/\/diarioelpopular.com\/index.php\/wp-json\/wp\/v2\/users\/1"}],"replies":[{"embeddable":true,"href":"https:\/\/diarioelpopular.com\/index.php\/wp-json\/wp\/v2\/comments?post=229283"}],"version-history":[{"count":0,"href":"https:\/\/diarioelpopular.com\/index.php\/wp-json\/wp\/v2\/posts\/229283\/revisions"}],"wp:featuredmedia":[{"embeddable":true,"href":"https:\/\/diarioelpopular.com\/index.php\/wp-json\/"}],"wp:attachment":[{"href":"https:\/\/diarioelpopular.com\/index.php\/wp-json\/wp\/v2\/media?parent=229283"}],"wp:term":[{"taxonomy":"category","embeddable":true,"href":"https:\/\/diarioelpopular.com\/index.php\/wp-json\/wp\/v2\/categories?post=229283"},{"taxonomy":"post_tag","embeddable":true,"href":"https:\/\/diarioelpopular.com\/index.php\/wp-json\/wp\/v2\/tags?post=229283"}],"curies":[{"name":"wp","href":"https:\/\/api.w.org\/{rel}","templated":true}]}}