{"id":23006,"date":"2011-12-26T20:37:28","date_gmt":"2011-12-27T01:37:28","guid":{"rendered":"http:\/\/diarioelpopular.com\/?p=23006"},"modified":"2011-12-26T20:37:28","modified_gmt":"2011-12-27T01:37:28","slug":"muere-el-gran-actor-mexicano-pedro-armendariz","status":"publish","type":"post","link":"https:\/\/diarioelpopular.com\/index.php\/2011\/12\/26\/muere-el-gran-actor-mexicano-pedro-armendariz\/","title":{"rendered":"Muere el gran actor mexicano Pedro Armend\u00e1riz"},"content":{"rendered":"<div id=\"attachment_23007\" style=\"width: 710px\" class=\"wp-caption aligncenter\"><a href=\"https:\/\/diarioelpopular.com\/wp-content\/uploads\/2011\/12\/Pedro-Armendariz.jpg\"><img loading=\"lazy\" decoding=\"async\" aria-describedby=\"caption-attachment-23007\" class=\"size-full wp-image-23007\" title=\"Pedro Armendariz\" src=\"https:\/\/diarioelpopular.com\/wp-content\/uploads\/2011\/12\/Pedro-Armendariz.jpg\" alt=\"\" width=\"700\" height=\"420\" \/><\/a><p id=\"caption-attachment-23007\" class=\"wp-caption-text\">El actor mexicano Pedro Armend\u00e1riz, en una imagen tomada el 24 de noviembre de 2011 en Ciudad de M\u00e9xico. Foto: Efe<\/p><\/div>\n<p><em><strong>Efe. Ciudad de M\u00e9xico.-<\/strong><\/em> El actor mexicano Pedro Armend\u00e1riz, de 71 a\u00f1os, muri\u00f3este lunes en un hospital de Nueva York, aquejado de c\u00e1ncer, inform\u00f3 el canal de televisi\u00f3n Milenio, que cit\u00f3 un comunicado de la familia.<\/p>\n<p>La familia, que en su comunicado no dio detalles sobre el hospital en el que falleci\u00f3, pidi\u00f3 a los medios de comunicaci\u00f3n que se respete la intimidad del momento.<\/p>\n<p>Seg\u00fan el conductor de la televisi\u00f3n mexicana Joaqu\u00edn L\u00f3pez D\u00f3riga, Armend\u00e1riz pereci\u00f3 por un &#8220;devastador c\u00e1ncer terminal&#8221; en el Sloan Kettering Hospital de Nueva York.<\/p>\n<p>Efe se comunic\u00f3 en esa ciudad con el hospital mencionado, pero un portavoz manifest\u00f3 que por razones de confidencialidad no iban a informar.<\/p>\n<p>Seg\u00fan informo la edici\u00f3n digital del diario <em>El Universal,<\/em> Armend\u00e1riz ten\u00eda un tumor cancer\u00edgeno en un ojo que se extendi\u00f3 al cerebro.<\/p>\n<p>El actor mexicano hab\u00eda viajado a Nueva York hace dos semanas para tratarse de ese mal, de acuerdo con L\u00f3pez D\u00f3riga<\/p>\n<p>Armend\u00e1riz, hijo de los actores Pedro Armend\u00e1riz y Carmelita Pardo, fue una de las principales figuras del cine mexicano, con m\u00e1s de un centenar de pel\u00edculas. Del 2006 al 2010 fue presidente de la Academia Mexicana de Artes y Ciencias Cinematogr\u00e1ficas.<\/p>\n<p>Adem\u00e1s de actor y productor, Armend\u00e1riz fue jurado de festivales internacionales de cine como Bi\u00e1rritz y San Sebasti\u00e1n.<\/p>\n<p>Su primera pel\u00edcula fue &#8220;Fuera de la ley&#8221;, en 1965, y su \u00faltima aparici\u00f3n cinematogr\u00e1fica fue en el cortometraje &#8220;Despertar&#8221;, estrenado en marzo de este a\u00f1o y que protagoniz\u00f3 junto a Cristina Obreg\u00f3n.<\/p>\n<p>Armend\u00e1riz, nacido el 6 de abril de 1940 en la capital mexicana, recibi\u00f3 el Premio Luis Bu\u00f1uel en la edici\u00f3n de 2006 del Festival Internacional de Cine de Huesca (Espa\u00f1a).<\/p>\n<p>Tambi\u00e9n int\u00e9rprete de telenovelas y productor de programas educativos, el actor destac\u00f3 en filmes como &#8220;El crimen del padre Amaro&#8221;, &#8220;La ley de Herodes&#8221; y &#8220;Su alteza seren\u00edsima&#8221;.<\/p>\n","protected":false},"excerpt":{"rendered":"<p>El actor mexicano Pedro Armend\u00e1riz, de 71 a\u00f1os, muri\u00f3este lunes en un hospital de Nueva York, aquejado de c\u00e1ncer, inform\u00f3 el canal de televisi\u00f3n Milenio, que cit\u00f3 un comunicado de la familia.<\/p>\n","protected":false},"author":1,"featured_media":23007,"comment_status":"closed","ping_status":"open","sticky":false,"template":"","format":"standard","meta":{"footnotes":""},"categories":[80],"tags":[167,9400],"class_list":["post-23006","post","type-post","status-publish","format-standard","has-post-thumbnail","hentry","category-cine-2","tag-mexico","tag-pedro-armendariz"],"_links":{"self":[{"href":"https:\/\/diarioelpopular.com\/index.php\/wp-json\/wp\/v2\/posts\/23006","targetHints":{"allow":["GET"]}}],"collection":[{"href":"https:\/\/diarioelpopular.com\/index.php\/wp-json\/wp\/v2\/posts"}],"about":[{"href":"https:\/\/diarioelpopular.com\/index.php\/wp-json\/wp\/v2\/types\/post"}],"author":[{"embeddable":true,"href":"https:\/\/diarioelpopular.com\/index.php\/wp-json\/wp\/v2\/users\/1"}],"replies":[{"embeddable":true,"href":"https:\/\/diarioelpopular.com\/index.php\/wp-json\/wp\/v2\/comments?post=23006"}],"version-history":[{"count":0,"href":"https:\/\/diarioelpopular.com\/index.php\/wp-json\/wp\/v2\/posts\/23006\/revisions"}],"wp:featuredmedia":[{"embeddable":true,"href":"https:\/\/diarioelpopular.com\/index.php\/wp-json\/"}],"wp:attachment":[{"href":"https:\/\/diarioelpopular.com\/index.php\/wp-json\/wp\/v2\/media?parent=23006"}],"wp:term":[{"taxonomy":"category","embeddable":true,"href":"https:\/\/diarioelpopular.com\/index.php\/wp-json\/wp\/v2\/categories?post=23006"},{"taxonomy":"post_tag","embeddable":true,"href":"https:\/\/diarioelpopular.com\/index.php\/wp-json\/wp\/v2\/tags?post=23006"}],"curies":[{"name":"wp","href":"https:\/\/api.w.org\/{rel}","templated":true}]}}