{"id":230259,"date":"2012-02-10T22:39:31","date_gmt":"2012-02-11T03:39:31","guid":{"rendered":"http:\/\/diarioelpopular.com\/?p=230259"},"modified":"2012-02-10T22:39:31","modified_gmt":"2012-02-11T03:39:31","slug":"ordenan-la-captura-del-comisionado-de-paz-de-alvaro-uribe","status":"publish","type":"post","link":"https:\/\/diarioelpopular.com\/index.php\/2012\/02\/10\/ordenan-la-captura-del-comisionado-de-paz-de-alvaro-uribe\/","title":{"rendered":"Ordenan la captura del comisionado de paz de \u00c1lvaro Uribe"},"content":{"rendered":"<div id=\"attachment_230260\" style=\"width: 310px\" class=\"wp-caption alignright\"><a href=\"https:\/\/diarioelpopular.com\/wp-content\/uploads\/2012\/02\/FISCAL\u00cdA-COLOMBIANA-PIDE-DETENCI\u00d3N-DEL-COMISIONADO-DE-PAZ-DEL-GOBIERNO-URIBE.jpg\"><img loading=\"lazy\" decoding=\"async\" aria-describedby=\"caption-attachment-230260\" class=\"size-medium wp-image-230260\" title=\"FISCAL\u00cdA COLOMBIANA PIDE DETENCI\u00d3N DEL COMISIONADO DE PAZ DEL GOBIERNO URIBE\" src=\"https:\/\/diarioelpopular.com\/wp-content\/uploads\/2012\/02\/FISCAL\u00cdA-COLOMBIANA-PIDE-DETENCI\u00d3N-DEL-COMISIONADO-DE-PAZ-DEL-GOBIERNO-URIBE-300x180.jpg\" alt=\"\" width=\"300\" height=\"180\" \/><\/a><p id=\"caption-attachment-230260\" class=\"wp-caption-text\">Fotograf\u00eda de archivo del 3 de agosto de 2007 del que fuera comisionado de Paz durante el Gobierno de \u00c1lvaro Uribe, Luis Carlos Restrepo. Foto: Guillermo Legaria \/ Efe<\/p><\/div>\n<p><em><strong>Efe. Bogot\u00e1.-<\/strong><\/em> El excomisionado colombiano de Paz Luis Carlos Restrepo, sobre quien pesa una orden de detenci\u00f3n, ser\u00e1 juzgado como reo ausente tras abandonar el pa\u00eds en pleno proceso judicial por su supuesta participaci\u00f3n en una falsa desmovilizaci\u00f3n de guerrilleros de las FARC durante el Gobierno de \u00c1lvaro\u00a0Uribe.<\/p>\n<p>As\u00ed lo decidi\u00f3 este viernes la titular del Juzgado 62 Penal Municipal de Bogot\u00e1, Susana Rodr\u00edguez, en respuesta a una solicitud del fiscal Francisco Javier Villarreal, quien consider\u00f3 que Restrepo, sobre el que pesa una orden de captura desde este jueves, enga\u00f1\u00f3 al pa\u00eds.<\/p>\n<p>Concierto para delinquir, peculado por apropiaci\u00f3n, fraude procesal y tr\u00e1fico y porte ilegal de armas, fueron los cargos que la Fiscal\u00eda le imput\u00f3 a Restrepo, en una audiencia cumplida en el complejo judicial de Paloquemao, al centro de Bogot\u00e1.<\/p>\n<p>Los cargos tienen que ver con una denunciada falsa desmovilizaci\u00f3n de 62 supuestos integrantes del frente &#8220;Cacica Gaitana&#8221;, de las Fuerzas Armadas Revolucionarias de Colombia (FARC), en marzo de 2006.<\/p>\n<p>&#8220;De manera ol\u00edmpica, de manera folcl\u00f3rica podemos decir, de una manera irreverente ante la Justicia, (Restrepo) tom\u00f3 la decisi\u00f3n de irse del pa\u00eds&#8221;, expres\u00f3 Villarreal durante la audiencia de imputaci\u00f3n de cargos.<\/p>\n<p>El fiscal agreg\u00f3 que &#8220;pr\u00e1cticamente, con cierta complicidad de su defensora (Mildred Hartman), el Estado colombiano, en cabeza de la Fiscal\u00eda, se mantuvo enga\u00f1ado de que esta persona (Restrepo) estaba aqu\u00ed en Colombia y no es as\u00ed&#8221;.<\/p>\n<p>El director nacional de Fiscal\u00edas, N\u00e9stor Armando Novoa, se\u00f1al\u00f3 que Restrepo viaj\u00f3 el pasado 8 de enero a Washington, con lo que todo apunta -dijo- a que busca evadir a la justicia.<\/p>\n<p>Restrepo es un segundo alto cargo del Gobierno de\u00a0Uribe\u00a0que abandona el pa\u00eds en medio de un juicio despu\u00e9s de Mar\u00eda del Pilar Hurtado, exdirectora de la central de inteligencia, quien recibi\u00f3 asilo territorial en 2010, en Panam\u00e1.<\/p>\n<p>A Hurtado se le sigue un proceso por la trama de escuchas y seguimientos ilegales realizados ilegalmente desde el liquidado Departamento Administrativo de Seguridad (DAS).<\/p>\n<p>Adem\u00e1s de Restrepo y Hurtado, otros altos cargos del Gobierno\u00a0Uribe\u00a0est\u00e1n en prisi\u00f3n: su exsecretario privado Bernardo Moreno, encarcelado en un proceso por escuchas ilegales.<\/p>\n<p>Tambi\u00e9n el exdirector del DAS Jorge Noguera, quien fue condenado en 2011 a 25 a\u00f1os de prisi\u00f3n por haber puesto la entidad al servicio de los paramilitares en los primeros a\u00f1os del Ejecutivo de\u00a0Uribe\u00a0(2002-2010).<\/p>\n<p>El exembajador en Italia y exministro del Interior Sabas Pretelt de la Vega fue destituido por la Procuradur\u00eda colombiana porque el funcionario ofreci\u00f3 prebendas, como la concesi\u00f3n de Notar\u00edas, a varios servidores p\u00fablicos, con el fin de favorecer la reelecci\u00f3n presidencial de\u00a0Uribe\u00a0en 2004.<\/p>\n<p>Restrepo, psiquiatra y escritor, ha sido uno de los hombres m\u00e1s cercanos a\u00a0Uribe\u00a0desde 2002 cuando asumi\u00f3 el cargo de Alto Comisionado para la Paz, en el que permaneci\u00f3 siete a\u00f1os.<\/p>\n<p>Nacido en 1954, Restrepo doctor en Medicina y Cirug\u00eda y, especialista en Psiquiatr\u00eda, es adem\u00e1s, M\u00e1ster en Filosof\u00eda y autor de una docena de libros.<\/p>\n<p>Por los d\u00edas en que Restrepo dej\u00f3 el cargo, el director de la Fundaci\u00f3n Seguridad y Democracia, Alfredo Rangel, dijo que la labor del comisionado hab\u00eda sido &#8220;la m\u00e1s exitosa de los comisionados de paz en los \u00faltimos 15 a\u00f1os&#8221;.<\/p>\n<p>Sin embargo, Restrepo tambi\u00e9n tuvo detractores como el excomisionado Daniel Garc\u00eda-Pe\u00f1a, quien ejerci\u00f3 durante la administraci\u00f3n del presidente liberal Ernesto Samper (1994-1998), y quien asegur\u00f3 en su momento que, &#8220;en materia de paz, no se avanz\u00f3, sino que se retrocedi\u00f3&#8221;.<\/p>\n","protected":false},"excerpt":{"rendered":"<p>El excomisionado colombiano de Paz Luis Carlos Restrepo, sobre quien pesa una orden de detenci\u00f3n, ser\u00e1 juzgado como reo ausente tras abandonar el pa\u00eds en pleno proceso judicial por su supuesta participaci\u00f3n en una falsa desmovilizaci\u00f3n de guerrilleros de las FARC durante el Gobierno de \u00c1lvaro Uribe.<\/p>\n","protected":false},"author":1,"featured_media":230260,"comment_status":"open","ping_status":"open","sticky":false,"template":"","format":"standard","meta":{"footnotes":""},"categories":[23],"tags":[1643,486,1644],"class_list":["post-230259","post","type-post","status-publish","format-standard","has-post-thumbnail","hentry","category-latinoamerica","tag-alvaro-uribe","tag-colombia","tag-luis-carlos-restrepo"],"_links":{"self":[{"href":"https:\/\/diarioelpopular.com\/index.php\/wp-json\/wp\/v2\/posts\/230259","targetHints":{"allow":["GET"]}}],"collection":[{"href":"https:\/\/diarioelpopular.com\/index.php\/wp-json\/wp\/v2\/posts"}],"about":[{"href":"https:\/\/diarioelpopular.com\/index.php\/wp-json\/wp\/v2\/types\/post"}],"author":[{"embeddable":true,"href":"https:\/\/diarioelpopular.com\/index.php\/wp-json\/wp\/v2\/users\/1"}],"replies":[{"embeddable":true,"href":"https:\/\/diarioelpopular.com\/index.php\/wp-json\/wp\/v2\/comments?post=230259"}],"version-history":[{"count":0,"href":"https:\/\/diarioelpopular.com\/index.php\/wp-json\/wp\/v2\/posts\/230259\/revisions"}],"wp:featuredmedia":[{"embeddable":true,"href":"https:\/\/diarioelpopular.com\/index.php\/wp-json\/"}],"wp:attachment":[{"href":"https:\/\/diarioelpopular.com\/index.php\/wp-json\/wp\/v2\/media?parent=230259"}],"wp:term":[{"taxonomy":"category","embeddable":true,"href":"https:\/\/diarioelpopular.com\/index.php\/wp-json\/wp\/v2\/categories?post=230259"},{"taxonomy":"post_tag","embeddable":true,"href":"https:\/\/diarioelpopular.com\/index.php\/wp-json\/wp\/v2\/tags?post=230259"}],"curies":[{"name":"wp","href":"https:\/\/api.w.org\/{rel}","templated":true}]}}