{"id":230588,"date":"2012-02-10T20:49:03","date_gmt":"2012-02-11T01:49:03","guid":{"rendered":"http:\/\/diarioelpopular.com\/?p=230588"},"modified":"2012-02-10T20:49:03","modified_gmt":"2012-02-11T01:49:03","slug":"la-violencia-en-siria-llega-a-alepo-28-muertos-en-2-atentados","status":"publish","type":"post","link":"https:\/\/diarioelpopular.com\/index.php\/2012\/02\/10\/la-violencia-en-siria-llega-a-alepo-28-muertos-en-2-atentados\/","title":{"rendered":"La violencia en Siria llega a Alepo: 28 muertos en 2 atentados"},"content":{"rendered":"<div id=\"attachment_230589\" style=\"width: 710px\" class=\"wp-caption aligncenter\"><a href=\"https:\/\/diarioelpopular.com\/wp-content\/uploads\/2012\/02\/EL-EJ\u00c9RCITO-LIBRE-SIRIO-REIVINDICA-EL-ATENTADO-EN-ALEPO-QUE-CAUS\u00d3-25-MUERTOS.jpg\"><img loading=\"lazy\" decoding=\"async\" aria-describedby=\"caption-attachment-230589\" class=\"size-full wp-image-230589\" title=\"EL EJ\u00c9RCITO LIBRE SIRIO REIVINDICA EL ATENTADO EN ALEPO QUE CAUS\u00d3 25 MUERTOS\" src=\"https:\/\/diarioelpopular.com\/wp-content\/uploads\/2012\/02\/EL-EJ\u00c9RCITO-LIBRE-SIRIO-REIVINDICA-EL-ATENTADO-EN-ALEPO-QUE-CAUS\u00d3-25-MUERTOS.jpg\" alt=\"\" width=\"700\" height=\"420\" \/><\/a><p id=\"caption-attachment-230589\" class=\"wp-caption-text\">El Ej\u00e9rcito Libre Sirio (ELS), integrado por militares desertores, reivindic\u00f3 el doble atentado cometido este viernes en la ciudad de Alepo contra dos sedes de Inteligencia y de la polic\u00eda. Foto: SANA \/ Efe<\/p><\/div>\n<p><em><strong>Efe. Damasco \/ El Cairo.-<\/strong><\/em> La ola de violencia en la que est\u00e1 sumergida\u00a0Siria\u00a0alcanz\u00f3 este viernes a Alepo, la segunda ciudad del pa\u00eds, que hasta ahora hab\u00eda permanecido relativamente tranquila, con un doble atentado que caus\u00f3 28 muertos y 235 heridos.<\/p>\n<p>Dos explosiones consecutivas se registraron antes del rezo musulm\u00e1n del viernes en una sede de la Agencia de Inteligencia de la Polic\u00eda Militar, en el barrio de Nuevo Alepo, y un edificio de las fuerzas antidisturbios, situado en la zona de Al Sajur.<\/p>\n<p>Aunque por el momento se desconoce el origen de los estallidos, la televisi\u00f3n oficial\u00a0siria\u00a0acus\u00f3 a &#8220;grupos terroristas&#8221; de estar detr\u00e1s del doble atentado en esa localidad, situada a 360 kil\u00f3metros al norte de Damasco.<\/p>\n<p>El Ej\u00e9rcito Libre Sirio (ELS), integrado por militares desertores, no tard\u00f3 en apuntar al r\u00e9gimen del presidente de\u00a0Siria, Bachar al Asad, como autor de las explosiones.<\/p>\n<p>El &#8220;n\u00famero dos&#8221; del ELS, Malek Kurdi, dijo a Efe por tel\u00e9fono desde Turqu\u00eda que el r\u00e9gimen prepar\u00f3 y ejecut\u00f3 el doble atentado &#8220;para cubrir sus cr\u00edmenes en otras ciudades&#8221;.<\/p>\n<p>De esta forma, el ELS intentaba desvincularse de la autor\u00eda de las explosiones, pese a que reconoci\u00f3 ser el responsable de un ataque con armas ligeras previo a los estallidos.<\/p>\n<p>&#8220;Grupos nuestros del ELS atacaron estos dos edificios, pero no estaba previsto el uso de explosivos, sino el de armas ligeras y lanzagranadas, porque no tenemos la log\u00edstica para llevar a cabo un ataque de esa magnitud&#8221;, zanj\u00f3 el lugarteniente del ELS.<\/p>\n<p>La televisi\u00f3n oficial transmiti\u00f3 im\u00e1genes sobre el terreno en las que mostr\u00f3 los cuerpos mutilados de varias v\u00edctimas, en medio de veh\u00edculos destruidos y escombros.<\/p>\n<p>Una residente en Alepo, que se identific\u00f3 como Mayada, explic\u00f3 a Efe que las explosiones fueron consecutivas y se oyeron en otros puntos de la localidad.<\/p>\n<p>&#8220;Las paredes y las camas han retumbado. Mis hijas empezaron a llorar, ha sido aterrador&#8221;, explic\u00f3 Mayada, madre de tres ni\u00f1as, en una conversaci\u00f3n telef\u00f3nica.<\/p>\n<p>Por su parte, otro vecino de la ciudad, Suleim\u00e1n al Halabi, dirigente de la opositora Comisi\u00f3n General de la Revoluci\u00f3n\u00a0Siria, detall\u00f3 que la explosi\u00f3n en la sede de la Inteligencia fue en la parte delantera del inmueble, y que justo despu\u00e9s hubo disparos en la zona.<\/p>\n<p>El atentado de hoy se asemeja a los sucedidos en los \u00faltimos dos meses en Damasco: El pasado 6 de enero, m\u00e1s de 20 personas murieron en un ataque en el barrio damasceno de Al Midan, dos semanas despu\u00e9s de que dos explosiones causaran 44 muertos en las inmediaciones de dos edificios de los cuerpos de seguridad.<\/p>\n<p>En esos casos, las autoridades tambi\u00e9n responsabilizaron a &#8220;grupos terroristas&#8221; de los ataques.<\/p>\n<p>Pese a que se han producido protestas en los \u00faltimos meses en Alepo, la ciudad ha permanecido relativamente ajena a la violencia.<\/p>\n<p>&#8220;Aunque las protestas en Alepo empezaron el pasado mes de agosto, ha sido muy dif\u00edcil seguir porque los grupos de &#8216;shabiha&#8217; (los sicarios del r\u00e9gimen) controlan la ciudad y reprimen a las manifestaciones&#8221;, se\u00f1al\u00f3 Al Halabi.<\/p>\n<p>Alepo es la capital econ\u00f3mica de\u00a0Siria\u00a0y en ella se concentran f\u00e1bricas de electrodom\u00e9sticos, tejidos e industrias farmac\u00e9uticas.<\/p>\n<p>A juicio de Al Halabi, en los \u00faltimos meses esta localidad se ha convertido en refugio de activistas que escapan de la represi\u00f3n en otras ciudades, aunque su mensaje no ha calado en la poblaci\u00f3n de Alepo por las dificultades que tienen para difundirlo por el control de las autoridades y la falta de cohesi\u00f3n social.<\/p>\n<p>En ese sentido, el opositor precis\u00f3 que en Alepo viven muchas personas procedentes de otras ciudades que tienen m\u00e1s v\u00ednculos con sus lugares de origen.<\/p>\n<p>Entretanto, en otros puntos del pa\u00eds, al menos 35 personas perdieron la vida hoy por la represi\u00f3n del r\u00e9gimen, incluidos cinco menores y tres mujeres, seg\u00fan los Comit\u00e9s de Coordinaci\u00f3n Local.<\/p>\n<p>La organizaci\u00f3n opositora destac\u00f3 que las fuerzas de leales a Al Asad continuaron los bombardeos en Homs (centro), uno de los principales bastiones de la oposici\u00f3n, sometido al asedio del ej\u00e9rcito desde hace una semana, donde al menos once personas perdieron la vida.<\/p>\n","protected":false},"excerpt":{"rendered":"<p>La ola de violencia en la que est\u00e1 sumergida Siria alcanz\u00f3 este viernes a Alepo, la segunda ciudad del pa\u00eds, que hasta ahora hab\u00eda permanecido relativamente tranquila, con un doble atentado que caus\u00f3 28 muertos y 235 heridos.<\/p>\n","protected":false},"author":1,"featured_media":230589,"comment_status":"open","ping_status":"open","sticky":false,"template":"","format":"standard","meta":{"footnotes":""},"categories":[24],"tags":[1634,439,441],"class_list":["post-230588","post","type-post","status-publish","format-standard","has-post-thumbnail","hentry","category-mundo","tag-alepo","tag-atentado","tag-siria"],"_links":{"self":[{"href":"https:\/\/diarioelpopular.com\/index.php\/wp-json\/wp\/v2\/posts\/230588","targetHints":{"allow":["GET"]}}],"collection":[{"href":"https:\/\/diarioelpopular.com\/index.php\/wp-json\/wp\/v2\/posts"}],"about":[{"href":"https:\/\/diarioelpopular.com\/index.php\/wp-json\/wp\/v2\/types\/post"}],"author":[{"embeddable":true,"href":"https:\/\/diarioelpopular.com\/index.php\/wp-json\/wp\/v2\/users\/1"}],"replies":[{"embeddable":true,"href":"https:\/\/diarioelpopular.com\/index.php\/wp-json\/wp\/v2\/comments?post=230588"}],"version-history":[{"count":0,"href":"https:\/\/diarioelpopular.com\/index.php\/wp-json\/wp\/v2\/posts\/230588\/revisions"}],"wp:featuredmedia":[{"embeddable":true,"href":"https:\/\/diarioelpopular.com\/index.php\/wp-json\/"}],"wp:attachment":[{"href":"https:\/\/diarioelpopular.com\/index.php\/wp-json\/wp\/v2\/media?parent=230588"}],"wp:term":[{"taxonomy":"category","embeddable":true,"href":"https:\/\/diarioelpopular.com\/index.php\/wp-json\/wp\/v2\/categories?post=230588"},{"taxonomy":"post_tag","embeddable":true,"href":"https:\/\/diarioelpopular.com\/index.php\/wp-json\/wp\/v2\/tags?post=230588"}],"curies":[{"name":"wp","href":"https:\/\/api.w.org\/{rel}","templated":true}]}}