{"id":23164,"date":"2011-12-27T19:59:01","date_gmt":"2011-12-28T00:59:01","guid":{"rendered":"http:\/\/diarioelpopular.com\/?p=23164"},"modified":"2011-12-27T19:59:01","modified_gmt":"2011-12-28T00:59:01","slug":"simeone-se-la-exigencia-que-tiene-el-atletico","status":"publish","type":"post","link":"https:\/\/diarioelpopular.com\/index.php\/2011\/12\/27\/simeone-se-la-exigencia-que-tiene-el-atletico\/","title":{"rendered":"Simeone: &#8220;S\u00e9 la exigencia que tiene el Atl\u00e9tico&#8221;"},"content":{"rendered":"<div id=\"attachment_23170\" style=\"width: 710px\" class=\"wp-caption aligncenter\"><a href=\"https:\/\/diarioelpopular.com\/wp-content\/uploads\/2011\/12\/Simeone.jpg\"><img loading=\"lazy\" decoding=\"async\" aria-describedby=\"caption-attachment-23170\" class=\"size-full wp-image-23170\" title=\"Simeone\" src=\"https:\/\/diarioelpopular.com\/wp-content\/uploads\/2011\/12\/Simeone.jpg\" alt=\"\" width=\"700\" height=\"420\" \/><\/a><p id=\"caption-attachment-23170\" class=\"wp-caption-text\">El t\u00e9cnico argentino Diego Pablo Simeone (i) estrecha las manos al presidente del Atl\u00e9tico de Madrid, Enrique Cerezo (c), y al director deportivo del club, Jos\u00e9 Luis P\u00e9rez Caminero. Foto: Efe<\/p><\/div>\n<p><em><strong>E<\/strong><strong>fe. Madrid.-<\/strong><\/em> El nuevo t\u00e9cnico del Atl\u00e9tico de Madrid, el argentino Diego Pablo\u00a0Simeone, asegur\u00f3 en su presentaci\u00f3n este martes en el Vicente Calder\u00f3n, en la capital espa\u00f1ola, que &#8220;la responsabilidad es enorme&#8221; y que est\u00e1 preparado para afrontarla.<\/p>\n<p>&#8220;S\u00e9 la exigencia que tiene el Atl\u00e9tico. No me asusta, me entusiasma como todas las situaciones que generan desaf\u00edos. Esta es una m\u00e1s&#8221;.<\/p>\n<p>&#8220;Nos gusta un equipo agresivo, un equipo fuerte, aguerrido, contragolpeador. Lo que nos llev\u00f3 a los Atl\u00e9ticos a identificarnos con esta gloriosa camiseta&#8221;, afirm\u00f3 el &#8220;Cholo&#8221;, que firma hasta junio del a\u00f1o 2013 y que llega junto a Germ\u00e1n &#8220;Mono&#8221; Burgos como segundo entrenador.<\/p>\n<p>Asimismo neg\u00f3 tener problemas en el pasado con el actual director deportivo de la entidad, Jos\u00e9 Luis P\u00e9rez Caminero, que estuvo presente junto al presidente, Enrique Cerezo.<\/p>\n<p>&#8220;Con Jos\u00e9 Luis nunca hubo problemas. Cuando uno convive en un vestuario, con algunos compa\u00f1eros que despu\u00e9s se terminan haciendo amigos va a cenar y con otros compite y tiene los mismos objetivos en com\u00fan. Con Jos\u00e9 Luis nos uni\u00f3 un mismo objetivo como me uni\u00f3 con otros compa\u00f1eros con los que no sal\u00eda a cenar. Pero nos une algo que es clave en esto, que es ganar&#8221;, zanj\u00f3.<\/p>\n<p>Durante el acto, Cerezo tom\u00f3 la palabra para darle la bienvenida al nuevo entrenador y opin\u00f3 que el de hoy es &#8220;un d\u00eda feliz&#8221; para todos los atl\u00e9ticos: &#8220;Tuve la suerte de despedirle como jugador y tengo la suerte y la satisfacci\u00f3n de recibirle como nuevo entrenador&#8221;.<\/p>\n<p>En la misma l\u00ednea se pronunci\u00f3 Caminero, que confi\u00f3 en la vinculaci\u00f3n entre ambas partes sea duradera: &#8220;Que tenga mucha suerte porque su suerte es la nuestra. Ojal\u00e1 que tengamos\u00a0Simeone\u00a0para mucho tiempo&#8221;.<\/p>\n<p>El argentino, que ya visti\u00f3 durante cinco temporadas la camiseta del club en dos etapas diferentes, siempre se mostr\u00f3 confiado en retornar a la capital en la labor de direcci\u00f3n: &#8220;Me puse como objetivo volver al Atl\u00e9tico como entrenador. Esto se ha dado y en esta situaci\u00f3n nos encontramos. Vamos a ponerle toda la ilusi\u00f3n y el trabajo&#8221;.<\/p>\n<p>&#8220;El jugador cumpli\u00f3 una etapa y eso va a quedar siempre en el recuerdo. Es una alegr\u00eda enorme. Trabajaremos en pos de darle al equipo las mejores armas para que pueda terminar una liga entusiasta y en el mejor lugar&#8221;, agreg\u00f3.<\/p>\n<p>Preguntado sobre la situaci\u00f3n de Jos\u00e9 Antonio Reyes, no descart\u00f3 contar con \u00e9l ni tampoco realizar incorporaciones en invierno: &#8220;Me gusta contar con los jugadores que sienten el lugar donde est\u00e1n. Conversaremos, estamos abiertos a tener a los mejores y Reyes es un jugador muy importante. Ojal\u00e1 se puedan encontrar esta situaci\u00f3n que nosotros necesitamos del lado de la exigencia y la que \u00e9l nos puede dar del lado de jugador&#8221;.<\/p>\n<p>&#8220;Lo de las incorporaciones, lo charlaremos. Tenemos tiempo y podremos ver bien si el equipo necesita algo o no. Hay una plantilla importante en la cual confiamos&#8221;, declar\u00f3.<\/p>\n<p>En relaci\u00f3n a la plantilla, cree que si los futbolistas dan lo mejor de s\u00ed mismo, volver\u00e1 la ilusi\u00f3n a la grada: &#8220;La gente terminar\u00e1 entendiendo a los jugadores cuando logren expresar lo mejor que tienen ellos&#8221;.<\/p>\n<p>&#8220;Lo primero es charlar. Hay que seguir construyendo en lo bueno que se ha hecho. Siempre hay cosas buenas hasta en las cosas negativas. Intentaremos encontrar los caminos para terminar la temporada en el mejor lugar. Creemos en los jugadores&#8221;, dijo.<\/p>\n<p>Por \u00faltimo,\u00a0Simeone\u00a0afirm\u00f3 no pensar en el duelo contra el Real Madrid, m\u00e1ximo rival hist\u00f3rico: &#8220;M\u00e1s all\u00e1 de los grandes partidos que podemos encontrar por el camino, lo \u00fanico que me interesa es el M\u00e1laga y en qu\u00e9 manera llegar a jugar ese gran partido&#8221;.<\/p>\n","protected":false},"excerpt":{"rendered":"<p>El nuevo t\u00e9cnico del Atl\u00e9tico de Madrid, el argentino Diego Pablo Simeone, asegur\u00f3 en su presentaci\u00f3n este martes en el Vicente Calder\u00f3n, en la capital espa\u00f1ola, que &#8220;la responsabilidad es enorme&#8221; y que est\u00e1 preparado para afrontarla.<\/p>\n","protected":false},"author":1,"featured_media":23170,"comment_status":"closed","ping_status":"open","sticky":false,"template":"","format":"standard","meta":{"footnotes":""},"categories":[28],"tags":[6979,179,3135],"class_list":["post-23164","post","type-post","status-publish","format-standard","has-post-thumbnail","hentry","category-deportes","tag-atletico-de-madrid","tag-futbol-2","tag-simeone"],"_links":{"self":[{"href":"https:\/\/diarioelpopular.com\/index.php\/wp-json\/wp\/v2\/posts\/23164","targetHints":{"allow":["GET"]}}],"collection":[{"href":"https:\/\/diarioelpopular.com\/index.php\/wp-json\/wp\/v2\/posts"}],"about":[{"href":"https:\/\/diarioelpopular.com\/index.php\/wp-json\/wp\/v2\/types\/post"}],"author":[{"embeddable":true,"href":"https:\/\/diarioelpopular.com\/index.php\/wp-json\/wp\/v2\/users\/1"}],"replies":[{"embeddable":true,"href":"https:\/\/diarioelpopular.com\/index.php\/wp-json\/wp\/v2\/comments?post=23164"}],"version-history":[{"count":0,"href":"https:\/\/diarioelpopular.com\/index.php\/wp-json\/wp\/v2\/posts\/23164\/revisions"}],"wp:featuredmedia":[{"embeddable":true,"href":"https:\/\/diarioelpopular.com\/index.php\/wp-json\/"}],"wp:attachment":[{"href":"https:\/\/diarioelpopular.com\/index.php\/wp-json\/wp\/v2\/media?parent=23164"}],"wp:term":[{"taxonomy":"category","embeddable":true,"href":"https:\/\/diarioelpopular.com\/index.php\/wp-json\/wp\/v2\/categories?post=23164"},{"taxonomy":"post_tag","embeddable":true,"href":"https:\/\/diarioelpopular.com\/index.php\/wp-json\/wp\/v2\/tags?post=23164"}],"curies":[{"name":"wp","href":"https:\/\/api.w.org\/{rel}","templated":true}]}}